{"id":701788,"date":"2026-01-13T19:45:07","date_gmt":"2026-01-14T01:45:07","guid":{"rendered":"https:\/\/www.diarioimagen.net\/?p=701788"},"modified":"2026-01-13T19:45:07","modified_gmt":"2026-01-14T01:45:07","slug":"inicia-operativo-caminito-de-la-escuela-en-naucalpan-para-un-regreso-seguro-a-clases","status":"publish","type":"post","link":"https:\/\/www.diarioimagen.net\/?p=701788","title":{"rendered":"Inicia Operativo Caminito de la Escuela en  Naucalpan para un regreso seguro a clases"},"content":{"rendered":"<p>&nbsp;<\/p>\n<ul>\n<li><strong>Participaci\u00f3n de la Guardia Municipal<\/strong><\/li>\n<\/ul>\n<p><strong>\u00a0<\/strong><\/p>\n<p>&nbsp;<\/p>\n<div id=\"attachment_701789\" style=\"width: 415px\" class=\"wp-caption alignnone\"><img loading=\"lazy\" decoding=\"async\" aria-describedby=\"caption-attachment-701789\" class=\"wp-image-701789 size-large\" src=\"https:\/\/www.diarioimagen.net\/wp-content\/uploads\/2026\/01\/BAENA-1-ok-7-405x270.jpg\" alt=\"\" width=\"405\" height=\"270\" srcset=\"https:\/\/www.diarioimagen.net\/wp-content\/uploads\/2026\/01\/BAENA-1-ok-7-405x270.jpg 405w, https:\/\/www.diarioimagen.net\/wp-content\/uploads\/2026\/01\/BAENA-1-ok-7-240x160.jpg 240w, https:\/\/www.diarioimagen.net\/wp-content\/uploads\/2026\/01\/BAENA-1-ok-7-768x511.jpg 768w, https:\/\/www.diarioimagen.net\/wp-content\/uploads\/2026\/01\/BAENA-1-ok-7.jpg 1500w\" sizes=\"auto, (max-width: 405px) 100vw, 405px\" \/><p id=\"caption-attachment-701789\" class=\"wp-caption-text\">Elementos de la Guardia Municipal participaron en el Operativo Caminito de la Escuela, para un regreso a clases seguro.<\/p><\/div>\n<p>&nbsp;<\/p>\n<p>&nbsp;<\/p>\n<p>Naucalpan, M\u00e9x.- El gobierno de esta localidad, encabezado por el alcalde Isaac Montoya M\u00e1rquez, a fin de garantizar una movilidad segura, prevenir riesgos y contribuir a la erradicaci\u00f3n de las violencias en los entornos escolares, a trav\u00e9s de la Guardia Municipal dio el banderazo de salida al Operativo Caminito de la Escuela, en el marco del regreso a clases de miles de alumnos de distintos niveles educativos y docentes.<\/p>\n<p>&nbsp;<\/p>\n<p>Desde las 05:00 horas del lunes 12 de enero, 300 elementos de la Guardia Municipal participaron en el arranque de este operativo, que inici\u00f3 en las inmediaciones del Conalep 1, con el objetivo de brindar cobertura y acompa\u00f1amiento al regreso a clases de la ni\u00f1ez naucalpense.<\/p>\n<p>&nbsp;<\/p>\n<p>Este operativo contempla la vigilancia y apoyo en aproximadamente 300 planteles educativos del municipio, por lo que los elementos de la Guardia Municipal se distribuir\u00e1n en todo el municipio y dar\u00e1n apoyo permanente a la vialidad y seguridad de las escuelas de Naucalpan.<\/p>\n<p>&nbsp;<\/p>\n<p>En San Rafael Chamapa, inici\u00f3 esta estrategia encabezada por elementos de proximidad para resguardar el regreso de las ni\u00f1as, ni\u00f1os y j\u00f3venes que acuden a alguno de los planteles educativos ubicados en el municipio.<\/p>\n<p>&nbsp;<\/p>\n<p>En todo momento, la Guardia Municipal busca garantizar la integridad f\u00edsica de estudiantes, docentes y padres de familia. Del mismo modo, agilizar la movilidad vehicular en las principales avenidas y calles de Naucalpan, as\u00ed como espacios de mayor tr\u00e1nsito.<\/p>\n<p>&nbsp;<\/p>\n<p><strong>\u00a0<\/strong><\/p>\n<p>&nbsp;<\/p>\n","protected":false},"excerpt":{"rendered":"<p>&nbsp; Participaci\u00f3n de la Guardia Municipal \u00a0 &nbsp; &nbsp; &nbsp; Naucalpan, M\u00e9x.- El gobierno de esta localidad, encabezado por el alcalde Isaac Montoya M\u00e1rquez, a fin de garantizar una movilidad segura, prevenir riesgos y contribuir a la erradicaci\u00f3n de las violencias en los entornos escolares, a trav\u00e9s de la Guardia Municipal dio el banderazo de [&hellip;]<\/p>\n","protected":false},"author":14,"featured_media":701789,"comment_status":"open","ping_status":"open","sticky":false,"template":"","format":"standard","meta":{"_monsterinsights_skip_tracking":false,"_monsterinsights_sitenote_active":false,"_monsterinsights_sitenote_note":"","_monsterinsights_sitenote_category":0,"footnotes":""},"categories":[5],"tags":[],"class_list":["post-701788","post","type-post","status-publish","format-standard","has-post-thumbnail","hentry","category-estado-de-mexico"],"_links":{"self":[{"href":"https:\/\/www.diarioimagen.net\/index.php?rest_route=\/wp\/v2\/posts\/701788","targetHints":{"allow":["GET"]}}],"collection":[{"href":"https:\/\/www.diarioimagen.net\/index.php?rest_route=\/wp\/v2\/posts"}],"about":[{"href":"https:\/\/www.diarioimagen.net\/index.php?rest_route=\/wp\/v2\/types\/post"}],"author":[{"embeddable":true,"href":"https:\/\/www.diarioimagen.net\/index.php?rest_route=\/wp\/v2\/users\/14"}],"replies":[{"embeddable":true,"href":"https:\/\/www.diarioimagen.net\/index.php?rest_route=%2Fwp%2Fv2%2Fcomments&post=701788"}],"version-history":[{"count":1,"href":"https:\/\/www.diarioimagen.net\/index.php?rest_route=\/wp\/v2\/posts\/701788\/revisions"}],"predecessor-version":[{"id":701790,"href":"https:\/\/www.diarioimagen.net\/index.php?rest_route=\/wp\/v2\/posts\/701788\/revisions\/701790"}],"wp:featuredmedia":[{"embeddable":true,"href":"https:\/\/www.diarioimagen.net\/index.php?rest_route=\/wp\/v2\/media\/701789"}],"wp:attachment":[{"href":"https:\/\/www.diarioimagen.net\/index.php?rest_route=%2Fwp%2Fv2%2Fmedia&parent=701788"}],"wp:term":[{"taxonomy":"category","embeddable":true,"href":"https:\/\/www.diarioimagen.net\/index.php?rest_route=%2Fwp%2Fv2%2Fcategories&post=701788"},{"taxonomy":"post_tag","embeddable":true,"href":"https:\/\/www.diarioimagen.net\/index.php?rest_route=%2Fwp%2Fv2%2Ftags&post=701788"}],"curies":[{"name":"wp","href":"https:\/\/api.w.org\/{rel}","templated":true}]}}