{"id":701791,"date":"2026-01-13T19:46:29","date_gmt":"2026-01-14T01:46:29","guid":{"rendered":"https:\/\/www.diarioimagen.net\/?p=701791"},"modified":"2026-01-13T19:46:29","modified_gmt":"2026-01-14T01:46:29","slug":"se-fortalecen-valores-civicos-y-la-identidad-nacional-en-tlalnepantla","status":"publish","type":"post","link":"https:\/\/www.diarioimagen.net\/?p=701791","title":{"rendered":"Se fortalecen valores c\u00edvicos y la  identidad nacional en Tlalnepantla"},"content":{"rendered":"<ul>\n<li><strong>Izamiento de Bandera en la Explanada Municipal<\/strong><\/li>\n<\/ul>\n<p><strong>\u00a0<\/strong><\/p>\n<div id=\"attachment_701792\" style=\"width: 431px\" class=\"wp-caption alignnone\"><img loading=\"lazy\" decoding=\"async\" aria-describedby=\"caption-attachment-701792\" class=\"wp-image-701792 size-large\" src=\"https:\/\/www.diarioimagen.net\/wp-content\/uploads\/2026\/01\/BAENA-2-ok-6-421x270.jpg\" alt=\"\" width=\"421\" height=\"270\" srcset=\"https:\/\/www.diarioimagen.net\/wp-content\/uploads\/2026\/01\/BAENA-2-ok-6-421x270.jpg 421w, https:\/\/www.diarioimagen.net\/wp-content\/uploads\/2026\/01\/BAENA-2-ok-6-240x154.jpg 240w, https:\/\/www.diarioimagen.net\/wp-content\/uploads\/2026\/01\/BAENA-2-ok-6-768x492.jpg 768w, https:\/\/www.diarioimagen.net\/wp-content\/uploads\/2026\/01\/BAENA-2-ok-6.jpg 1500w\" sizes=\"auto, (max-width: 421px) 100vw, 421px\" \/><p id=\"caption-attachment-701792\" class=\"wp-caption-text\">El alcalde de Tlalnepantla, Raciel P\u00e9rez Cruz, encabez\u00f3 la ceremonia solemne de Izamiento de Bandera en la Explanada Municipal.<\/p><\/div>\n<p>&nbsp;<\/p>\n<p>&nbsp;<\/p>\n<p>Tlalnepantla. M\u00e9x.-\u00a0 Con el objetivo de fortalecer los valores c\u00edvicos y la identidad nacional entre la ciudadan\u00eda y los servidores p\u00fablicos, el Presidente Municipal Raciel P\u00e9rez Cruz encabez\u00f3 la ceremonia solemne de Izamiento de Bandera en la Explanada Municipal.<\/p>\n<p>&nbsp;<\/p>\n<p>Durante el acto, el alcalde estuvo acompa\u00f1ado por integrantes del Cuerpo Edilicio; Miguel \u00c1ngel Bravo Suberville, Secretario del Ayuntamiento; Jorge Alberto G\u00f3mez Estrella, Comisario General de Proximidad y Seguridad Ciudadana; as\u00ed como directoras y directores de las diversas \u00e1reas de la administraci\u00f3n, quienes realizaron los honores correspondientes.<\/p>\n<p>&nbsp;<\/p>\n<p>Con las notas de la banda de guerra de fondo, el l\u00e1baro patrio comenz\u00f3 a subir para lucir en todo lo alto de la plaza C\u00edvica y recordar a los asistentes la importancia de honrar la Bandera Nacional.<\/p>\n<p>&nbsp;<\/p>\n<p>Los elementos de la Comisar\u00eda General de Proximidad realizaron el despliegue y la custodia de la Bandera Nacional, mientras que la banda de guerra ejecut\u00f3 los toques reglamentarios.<\/p>\n<p>&nbsp;<\/p>\n<p>Esta ceremonia se enmarca en el programa de fortalecimiento c\u00edvico que el Gobierno de Tlalnepantla promueve de manera permanente, con el fin de consolidar la unidad social y el reconocimiento a los s\u00edmbolos que dan identidad a la naci\u00f3n.<\/p>\n<p>&nbsp;<\/p>\n<p>Con la realizaci\u00f3n peri\u00f3dica de estos honores, la administraci\u00f3n encabezada por Raciel P\u00e9rez Cruz reafirma su compromiso con la preservaci\u00f3n de las tradiciones republicanas y la integraci\u00f3n de los servidores p\u00fablicos en el cumplimiento de sus deberes c\u00edvicos hacia la comunidad.<\/p>\n<p>&nbsp;<\/p>\n<p>&nbsp;<\/p>\n<p>&nbsp;<\/p>\n","protected":false},"excerpt":{"rendered":"<p>Izamiento de Bandera en la Explanada Municipal \u00a0 &nbsp; &nbsp; Tlalnepantla. M\u00e9x.-\u00a0 Con el objetivo de fortalecer los valores c\u00edvicos y la identidad nacional entre la ciudadan\u00eda y los servidores p\u00fablicos, el Presidente Municipal Raciel P\u00e9rez Cruz encabez\u00f3 la ceremonia solemne de Izamiento de Bandera en la Explanada Municipal. &nbsp; Durante el acto, el alcalde [&hellip;]<\/p>\n","protected":false},"author":14,"featured_media":701792,"comment_status":"open","ping_status":"open","sticky":false,"template":"","format":"standard","meta":{"_monsterinsights_skip_tracking":false,"_monsterinsights_sitenote_active":false,"_monsterinsights_sitenote_note":"","_monsterinsights_sitenote_category":0,"footnotes":""},"categories":[5],"tags":[],"class_list":["post-701791","post","type-post","status-publish","format-standard","has-post-thumbnail","hentry","category-estado-de-mexico"],"_links":{"self":[{"href":"https:\/\/www.diarioimagen.net\/index.php?rest_route=\/wp\/v2\/posts\/701791","targetHints":{"allow":["GET"]}}],"collection":[{"href":"https:\/\/www.diarioimagen.net\/index.php?rest_route=\/wp\/v2\/posts"}],"about":[{"href":"https:\/\/www.diarioimagen.net\/index.php?rest_route=\/wp\/v2\/types\/post"}],"author":[{"embeddable":true,"href":"https:\/\/www.diarioimagen.net\/index.php?rest_route=\/wp\/v2\/users\/14"}],"replies":[{"embeddable":true,"href":"https:\/\/www.diarioimagen.net\/index.php?rest_route=%2Fwp%2Fv2%2Fcomments&post=701791"}],"version-history":[{"count":1,"href":"https:\/\/www.diarioimagen.net\/index.php?rest_route=\/wp\/v2\/posts\/701791\/revisions"}],"predecessor-version":[{"id":701793,"href":"https:\/\/www.diarioimagen.net\/index.php?rest_route=\/wp\/v2\/posts\/701791\/revisions\/701793"}],"wp:featuredmedia":[{"embeddable":true,"href":"https:\/\/www.diarioimagen.net\/index.php?rest_route=\/wp\/v2\/media\/701792"}],"wp:attachment":[{"href":"https:\/\/www.diarioimagen.net\/index.php?rest_route=%2Fwp%2Fv2%2Fmedia&parent=701791"}],"wp:term":[{"taxonomy":"category","embeddable":true,"href":"https:\/\/www.diarioimagen.net\/index.php?rest_route=%2Fwp%2Fv2%2Fcategories&post=701791"},{"taxonomy":"post_tag","embeddable":true,"href":"https:\/\/www.diarioimagen.net\/index.php?rest_route=%2Fwp%2Fv2%2Ftags&post=701791"}],"curies":[{"name":"wp","href":"https:\/\/api.w.org\/{rel}","templated":true}]}}