{"id":701840,"date":"2026-01-13T20:22:56","date_gmt":"2026-01-14T02:22:56","guid":{"rendered":"https:\/\/www.diarioimagen.net\/?p=701840"},"modified":"2026-01-13T20:22:56","modified_gmt":"2026-01-14T02:22:56","slug":"clara-brugada-presenta-123-por-mi-escuela","status":"publish","type":"post","link":"https:\/\/www.diarioimagen.net\/?p=701840","title":{"rendered":"Clara Brugada presenta  \u201c1,2,3 por Mi Escuela\u201d"},"content":{"rendered":"<ul>\n<li><strong>Renovar para transformar<\/strong><\/li>\n<\/ul>\n<p><strong>\u00a0<\/strong><\/p>\n<div id=\"attachment_701841\" style=\"width: 415px\" class=\"wp-caption alignnone\"><img loading=\"lazy\" decoding=\"async\" aria-describedby=\"caption-attachment-701841\" class=\"wp-image-701841 size-large\" src=\"https:\/\/www.diarioimagen.net\/wp-content\/uploads\/2026\/01\/BRUGADA-OK-4-405x270.jpg\" alt=\"\" width=\"405\" height=\"270\" srcset=\"https:\/\/www.diarioimagen.net\/wp-content\/uploads\/2026\/01\/BRUGADA-OK-4-405x270.jpg 405w, https:\/\/www.diarioimagen.net\/wp-content\/uploads\/2026\/01\/BRUGADA-OK-4-240x160.jpg 240w, https:\/\/www.diarioimagen.net\/wp-content\/uploads\/2026\/01\/BRUGADA-OK-4-768x512.jpg 768w, https:\/\/www.diarioimagen.net\/wp-content\/uploads\/2026\/01\/BRUGADA-OK-4.jpg 1500w\" sizes=\"auto, (max-width: 405px) 100vw, 405px\" \/><p id=\"caption-attachment-701841\" class=\"wp-caption-text\">Clara Brugada Molina encabez\u00f3 la entrega de la Escuela Primaria Matilde Acosta, en la alcald\u00eda \u00c1lvaro Obreg\u00f3n, marcando el inicio formal de la entrega de planteles renovados bajo el programa \u201c1, 2, 3 por Mi Escuela\u201d.<\/p><\/div>\n<p><strong>\u00a0<\/strong><\/p>\n<p>&nbsp;<\/p>\n<p>&nbsp;<\/p>\n<p>La jefa de Gobierno de la Ciudad de M\u00e9xico, Clara Brugada Molina, encabez\u00f3 la entrega de la Escuela Primaria Matilde Acosta, en la alcald\u00eda \u00c1lvaro Obreg\u00f3n, marcando el inicio formal de la entrega de planteles renovados bajo el programa \u201c1, 2, 3 por Mi Escuela\u201d.<\/p>\n<p>&nbsp;<\/p>\n<p>Ante la comunidad escolar, la Jefa de Gobierno destac\u00f3 la importancia de la educaci\u00f3n y el compromiso de su administraci\u00f3n con la infraestructura educativa, como prioridad del Gobierno de la Ciudad de M\u00e9xico<\/p>\n<p>&nbsp;<\/p>\n<p>Enfatiz\u00f3 que la escuela es el espacio p\u00fablico m\u00e1s vital de la comunidad, por lo que su mejoramiento no puede ser parcial. *\u201cSi a m\u00ed me preguntan \u00bfcu\u00e1l es el espacio p\u00fablico que m\u00e1s tenemos que apoyar? La escuela, porque las escuelas vienen 400, 500, 700 y algunas hasta m\u00e1s de mil alumnos. Ah\u00ed est\u00e1n cuatro, cinco horas al d\u00eda\u2026 y as\u00ed que el espacio p\u00fablico que tiene que estar mejor en una ciudad, en una comunidad, deben ser las escuelas, por eso destinamos recursos para que las 2 mil 700 escuelas, o m\u00e1s bien planteles puedan estar intervenidas cuando concluya 2030\u201d*, asegur\u00f3.<\/p>\n<p>&nbsp;<\/p>\n<p>El programa \u00ab1, 2, 3 por Mi Escuela\u00bb se distingue por su enfoque en la renovaci\u00f3n total, escuchando las necesidades espec\u00edficas de las comunidades; *\u201choy estoy muy contenta porque estamos haciendo entrega de la primera escuela renovada del programa, \u20181, 2, 3 por Mi Escuela\u2019&#8230; No se trata de un programa en el que van a escoger un tema para renovar, sino toda la escuela renovada. Nada de que esto no alcanza y para el pr\u00f3ximo a\u00f1o, nada de que no hay presupuesto y entonces queda relegada la escuela\u201d*, coment\u00f3.<\/p>\n<p>&nbsp;<\/p>\n<p>En el caso de la escuela primaria Matilde Acosta, que celebr\u00f3 50 a\u00f1os, la renovaci\u00f3n incluy\u00f3 la construcci\u00f3n de una techumbre de 500 metros cuadrados, impermeabilizaci\u00f3n, pintura y arreglo de aulas y ba\u00f1os, adem\u00e1s de la instalaci\u00f3n del Aula M\u00edxtli Digital. *\u201cDecidimos que renovar es atender todas, todas las necesidades que tiene cada escuela\u201d*, asegur\u00f3.<\/p>\n<p>&nbsp;<\/p>\n<p>La mandataria cap\u00ectalina destac\u00f3 la meta sexenal de su gobierno, asegurando que el programa no se detendr\u00e1 y que se destinar\u00e1n mil millones de pesos anualmente para este fin. *\u201cEste gobierno va a dejar todas las escuelas renovadas, jardines de ni\u00f1os, primarias y secundarias; 2 mil 750 planteles renovados, as\u00ed que cada a\u00f1o tienen que ser 500 escuelas. Y se destinan mil millones de pesos para atender las escuelas\u201d*, dijo.<\/p>\n<p>&nbsp;<\/p>\n<p>Destac\u00f3 que la esencia de su administraci\u00f3n radica en la transparencia y la rendici\u00f3n de cuentas, generando confianza entre los ciudadanos. *\u201c\u00bfC\u00f3mo se construye la confianza entre la poblaci\u00f3n y sus gobiernos? hay un elemento fundamental, que es cumplir nuestra palabra, hacer lo que decimos, eso es muy importante, y estamos cumpliendo\u201d*.<\/p>\n<p>&nbsp;<\/p>\n<p>Enfatiz\u00f3 que la inversi\u00f3n en infraestructura se complementa con nuevos programas para transformar la experiencia educativa en la Ciudad de M\u00e9xico como:<\/p>\n<ul>\n<li>*M\u00edxtli Digital*: Adem\u00e1s de las obras f\u00edsicas, se instal\u00f3 el Aula M\u00edxtli Digital con computadoras, tabletas, impresoras 3D y lentes de realidad virtual.<\/li>\n<li>*Programa Do, Re, Mi, Fa, Sol*: se implement\u00f3 el programa de m\u00fasica. *\u201cAs\u00ed que esta escuela entra al programa Do Re Mi Fa Sol&#8230; estamos revolucionando la educaci\u00f3n porque antes solo tom\u00e1bamos clases de m\u00fasica en secundaria y aprend\u00edamos a tocar la flauta, hoy primaria y todos los instrumentos musicales\u201d*, acot\u00f3.<\/li>\n<li>*Salud Emocional y Bienestar*: Se prioriz\u00f3 la salud mental con el programa para j\u00f3venes \u201cVida Plena, Coraz\u00f3n Contento\u201d, para secundarias y para escuelas preparatorias y consiste en un programa de salud mental y emocional; *\u201dhoy tenemos como prioridad la salud emocional de los j\u00f3venes, no queremos que haya suicidios en los j\u00f3venes, y queremos que tengan una alternativa para atenderlo\u201d*, apunt\u00f3.<\/li>\n<li>*Educaci\u00f3n UTOP\u00cdA*: Se anunci\u00f3 el programa Educaci\u00f3n Utop\u00eda con actividades sabatinas y se ofreci\u00f3 un beneficio directo de la UTOP\u00cdA en construcci\u00f3n en el Parque Jap\u00f3n.<\/li>\n<\/ul>\n<p>&nbsp;<\/p>\n<p>*\u00bbAhora miren aqu\u00ed muy cerca se est\u00e1 construyendo la UTOP\u00cdA que est\u00e1 en el parque Jap\u00f3n, as\u00ed que en esta UTOP\u00cdA vamos a tener una alberca semiol\u00edmpica&#8230; y yo quiero que de esta escuela con el permiso de sus pap\u00e1s, acompa\u00f1ados por sus pap\u00e1s, puedan inscribirse a las clases de nataci\u00f3n, son gratuitas&#8230; y tengan prioridad, al menos vamos a entregarles a los 200 kits de nataci\u00f3n que incluye traje de ba\u00f1o, gorro, sus goggles\u201d*, subray\u00f3.<\/p>\n<p>&nbsp;<\/p>\n<p>La Jefa de Gobierno concluy\u00f3 con el reconocimiento a la labor de padres de familia, maestras y maestros, y un llamado a seguir construyendo comunidad bajo el lema: *\u201cLa educaci\u00f3n es el coraz\u00f3n de la transformaci\u00f3n\u201d*. *\u201dAqu\u00ed est\u00e1 su gobierno para cumplir con lo que dijimos. \u00a1Que viva la educaci\u00f3n! \u00a1que viva la primaria Matilde Acosta! \u00a1que viva las infancias! Y como decimos, la educaci\u00f3n es el coraz\u00f3n de la transformaci\u00f3n, y la educaci\u00f3n es una semilla cargada de futuro que va a florecer en una ciudad, una ciudad transformadora\u201d*, finaliz\u00f3.<\/p>\n<p>&nbsp;<\/p>\n<p>Por su parte, el Titular de la Autoridad Educativa Federal en la Ciudad de M\u00e9xico, Francisco Luciano Concheiro B\u00f3rquez, destac\u00f3 que la transformaci\u00f3n, con el arcotecho y el aula M\u00edxtli, que significa \u00abnube\u00bb en n\u00e1huatl, representa la innovaci\u00f3n y la inclusi\u00f3n digital. Subray\u00f3 que el programa \u00ab1, 2, 3 por Mi Escuela\u00bb es un ejercicio de democracia directa, donde madres y padres deliberan sobre las prioridades. Afirm\u00f3 que la tecnolog\u00eda y la pedagog\u00eda trabajan juntas bajo el modelo de la Nueva Escuela Mexicana, donde el conocimiento es una construcci\u00f3n colectiva.<\/p>\n<p>&nbsp;<\/p>\n<p>El Secretario de Obras y Servicios, Ra\u00fal Basulto Luviano, expres\u00f3 su alegr\u00eda por entregar el primer plantel formalmente renovado con el programa, explicando que la intervenci\u00f3n se decidi\u00f3 tras realizar dos asambleas con padres de familia para identificar necesidades como techumbre e impermeabilizaci\u00f3n. Detall\u00f3 las obras ejecutadas, que incluyeron un arcotecho de 500 metros cuadrados, mil 80 metros cuadrados de impermeabilizaci\u00f3n, m\u00e1s de cuatro mil metros cuadrados de pintura, colocaci\u00f3n de tres murales art\u00edsticos, mejora de banquetas y m\u00e1s de 33 luminarias nuevas. Mencion\u00f3 la coordinaci\u00f3n con la Secretar\u00eda de Educaci\u00f3n para acondicionar el espacio para el aula M\u00edxtli Digital.<\/p>\n<p>&nbsp;<\/p>\n<p>El Secretario de Educaci\u00f3n, Ciencia, Tecnolog\u00eda e Innovaci\u00f3n, Pedro Moctezuma Barrag\u00e1n, explic\u00f3 el programa \u00abEducaci\u00f3n Utop\u00eda\u00bb, detallando que se impartir\u00e1n actividades los s\u00e1bados en las escuelas que lo soliciten, incluyendo temas como separaci\u00f3n de residuos s\u00f3lidos, agroecolog\u00eda, captaci\u00f3n de agua de lluvia y educaci\u00f3n cultural, con el objetivo de que la escuela est\u00e9 al servicio de su entorno y se convierta en un magneto para tener comunidades fuertes.<\/p>\n<p>&nbsp;<\/p>\n<p>El Titular de la Agencia Digital de Innovaci\u00f3n P\u00fablica, \u00c1ngel Augusto Tamariz S\u00e1nchez, explic\u00f3 el objetivo del programa M\u00edxtli Digital para fortalecer el conocimiento en tecnolog\u00eda, detallando el equipamiento que tendr\u00e1 el aula con 20 a 35 computadoras, tabletas, pantalla interactiva, impresoras 3D, lentes de realidad virtual, arduinos y kits de rob\u00f3tica.<\/p>\n<p>&nbsp;<\/p>\n<p>La Secretaria de Cultura, Ana Francis L\u00f3pez Bayghen Pati\u00f1o, coment\u00f3 sobre el programa \u00abDo Re Mi Fa Sol por mi Escuela\u00bb, se\u00f1alando que consiste en llevar clases de m\u00fasica con instrumentos a las primarias y secundarias, dos horas a la semana, con el objetivo de sumar 500 escuelas este a\u00f1o y otras 500 en 2026.<\/p>\n<p>&nbsp;<\/p>\n<p>El Alcalde de \u00c1lvaro Obreg\u00f3n, Javier L\u00f3pez Casar\u00edn, destac\u00f3 que la escuela Matilde Acosta es un ejemplo de los grandes alcances del programa \u00ab1, 2, 3 por Mi Escuela\u00bb, que dota de mejores espacios y convierte a la educaci\u00f3n en un pilar de la comunidad. Afirm\u00f3 que invertir en escuelas significa fortalecer a la comunidad y que hablar de educaci\u00f3n es hablar de igualdad y justicia social. Se\u00f1al\u00f3 que en la primera etapa del programa se restaurar\u00e1n 18 escuelas p\u00fablicas de educaci\u00f3n b\u00e1sica en \u00c1lvaro Obreg\u00f3n, reconociendo el compromiso del gobierno de la Ciudad de M\u00e9xico con la ni\u00f1ez y la infraestructura educativa, agradeciendo la colaboraci\u00f3n institucional.<\/p>\n<p>&nbsp;<\/p>\n<p>&nbsp;<\/p>\n<p>&nbsp;<\/p>\n","protected":false},"excerpt":{"rendered":"<p>Renovar para transformar \u00a0 \u00a0 &nbsp; &nbsp; La jefa de Gobierno de la Ciudad de M\u00e9xico, Clara Brugada Molina, encabez\u00f3 la entrega de la Escuela Primaria Matilde Acosta, en la alcald\u00eda \u00c1lvaro Obreg\u00f3n, marcando el inicio formal de la entrega de planteles renovados bajo el programa \u201c1, 2, 3 por Mi Escuela\u201d. &nbsp; Ante la [&hellip;]<\/p>\n","protected":false},"author":14,"featured_media":701841,"comment_status":"open","ping_status":"open","sticky":false,"template":"","format":"standard","meta":{"_monsterinsights_skip_tracking":false,"_monsterinsights_sitenote_active":false,"_monsterinsights_sitenote_note":"","_monsterinsights_sitenote_category":0,"footnotes":""},"categories":[6],"tags":[],"class_list":["post-701840","post","type-post","status-publish","format-standard","has-post-thumbnail","hentry","category-cd-de-mexico"],"_links":{"self":[{"href":"https:\/\/www.diarioimagen.net\/index.php?rest_route=\/wp\/v2\/posts\/701840","targetHints":{"allow":["GET"]}}],"collection":[{"href":"https:\/\/www.diarioimagen.net\/index.php?rest_route=\/wp\/v2\/posts"}],"about":[{"href":"https:\/\/www.diarioimagen.net\/index.php?rest_route=\/wp\/v2\/types\/post"}],"author":[{"embeddable":true,"href":"https:\/\/www.diarioimagen.net\/index.php?rest_route=\/wp\/v2\/users\/14"}],"replies":[{"embeddable":true,"href":"https:\/\/www.diarioimagen.net\/index.php?rest_route=%2Fwp%2Fv2%2Fcomments&post=701840"}],"version-history":[{"count":1,"href":"https:\/\/www.diarioimagen.net\/index.php?rest_route=\/wp\/v2\/posts\/701840\/revisions"}],"predecessor-version":[{"id":701842,"href":"https:\/\/www.diarioimagen.net\/index.php?rest_route=\/wp\/v2\/posts\/701840\/revisions\/701842"}],"wp:featuredmedia":[{"embeddable":true,"href":"https:\/\/www.diarioimagen.net\/index.php?rest_route=\/wp\/v2\/media\/701841"}],"wp:attachment":[{"href":"https:\/\/www.diarioimagen.net\/index.php?rest_route=%2Fwp%2Fv2%2Fmedia&parent=701840"}],"wp:term":[{"taxonomy":"category","embeddable":true,"href":"https:\/\/www.diarioimagen.net\/index.php?rest_route=%2Fwp%2Fv2%2Fcategories&post=701840"},{"taxonomy":"post_tag","embeddable":true,"href":"https:\/\/www.diarioimagen.net\/index.php?rest_route=%2Fwp%2Fv2%2Ftags&post=701840"}],"curies":[{"name":"wp","href":"https:\/\/api.w.org\/{rel}","templated":true}]}}