{"id":701971,"date":"2026-01-14T19:19:08","date_gmt":"2026-01-15T01:19:08","guid":{"rendered":"https:\/\/www.diarioimagen.net\/?p=701971"},"modified":"2026-01-14T19:19:08","modified_gmt":"2026-01-15T01:19:08","slug":"inician-jornadas-de-esterilizacion-de-animales-de-compania-en-tlalnepantla","status":"publish","type":"post","link":"https:\/\/www.diarioimagen.net\/?p=701971","title":{"rendered":"Inician jornadas de esterilizaci\u00f3n de  animales de compa\u00f1\u00eda en Tlalnepantla"},"content":{"rendered":"<ul>\n<li><strong>Compromiso con la salud p\u00fablica<\/strong><\/li>\n<\/ul>\n<p>&nbsp;<\/p>\n<p>&nbsp;<\/p>\n<div id=\"attachment_701972\" style=\"width: 275px\" class=\"wp-caption alignnone\"><img loading=\"lazy\" decoding=\"async\" aria-describedby=\"caption-attachment-701972\" class=\"wp-image-701972 size-large\" src=\"https:\/\/www.diarioimagen.net\/wp-content\/uploads\/2026\/01\/BAENA-2-265x270.jpg\" alt=\"\" width=\"265\" height=\"270\" srcset=\"https:\/\/www.diarioimagen.net\/wp-content\/uploads\/2026\/01\/BAENA-2-265x270.jpg 265w, https:\/\/www.diarioimagen.net\/wp-content\/uploads\/2026\/01\/BAENA-2-236x240.jpg 236w, https:\/\/www.diarioimagen.net\/wp-content\/uploads\/2026\/01\/BAENA-2-768x783.jpg 768w, https:\/\/www.diarioimagen.net\/wp-content\/uploads\/2026\/01\/BAENA-2-50x50.jpg 50w, https:\/\/www.diarioimagen.net\/wp-content\/uploads\/2026\/01\/BAENA-2-75x75.jpg 75w, https:\/\/www.diarioimagen.net\/wp-content\/uploads\/2026\/01\/BAENA-2-70x70.jpg 70w, https:\/\/www.diarioimagen.net\/wp-content\/uploads\/2026\/01\/BAENA-2.jpg 1260w\" sizes=\"auto, (max-width: 265px) 100vw, 265px\" \/><p id=\"caption-attachment-701972\" class=\"wp-caption-text\">El gobierno de Tlalnepantla, encabezado por Raciel P\u00e9rez Cruz, reafirma su compromiso con la salud p\u00fablica y el bienestar de los animales de compa\u00f1\u00eda.<\/p><\/div>\n<p>&nbsp;<\/p>\n<p>Tlalnepantla, M\u00e9x.- Con el lanzamiento de la nueva etapa de las Jornadas de Esterilizaci\u00f3n \u00abCuidar a tu mascota es un acto de amor\u00bb, el gobierno municipal, encabezado por el presidente municipal Raciel P\u00e9rez Cruz, reafirma su compromiso con la salud p\u00fablica y el bienestar de los animales de compa\u00f1\u00eda.<\/p>\n<p>&nbsp;<\/p>\n<p>Bajo la visi\u00f3n de una administraci\u00f3n humana y cercana a la gente, el Alcalde ha instruido el despliegue de brigadas de salud veterinaria en diversas colonias.<\/p>\n<p>&nbsp;<\/p>\n<p>El objetivo es asegurar que el control de la poblaci\u00f3n de perros y gatos sea accesible para todas las familias de Tlalnepantla, fomentando as\u00ed una cultura de tenencia responsable y reduciendo el abandono.<\/p>\n<p>&nbsp;<\/p>\n<p>Las jornadas iniciar\u00e1n a partir de las 9:00 horas, entregando un total de 50 fichas por sede en las siguientes fechas:<\/p>\n<ul>\n<li>Martes 13 de enero: Centro de Protecci\u00f3n Animal (Calle Zacatecas No. 6, Col. Constituci\u00f3n de 1917).<\/li>\n<li>Mi\u00e9rcoles 14 de enero: Canchas deportivas de la Col. Cuauht\u00e9moc (Esquina de calle Totonacas y Olmecas).<\/li>\n<li>S\u00e1bado 17 de enero: Cancha deportiva de la Col. El Tri\u00e1ngulo (Calle 1 esq. con Prolongaci\u00f3n Jilotepec).<\/li>\n<\/ul>\n<p>&nbsp;<\/p>\n<p>El alcalde invita a las y los habitantes a acudir puntualmente para asegurar su ficha de atenci\u00f3n, recordando que estos servicios son totalmente gratuitos.<\/p>\n<p>&nbsp;<\/p>\n<p>&nbsp;<\/p>\n","protected":false},"excerpt":{"rendered":"<p>Compromiso con la salud p\u00fablica &nbsp; &nbsp; &nbsp; Tlalnepantla, M\u00e9x.- Con el lanzamiento de la nueva etapa de las Jornadas de Esterilizaci\u00f3n \u00abCuidar a tu mascota es un acto de amor\u00bb, el gobierno municipal, encabezado por el presidente municipal Raciel P\u00e9rez Cruz, reafirma su compromiso con la salud p\u00fablica y el bienestar de los animales [&hellip;]<\/p>\n","protected":false},"author":14,"featured_media":701972,"comment_status":"open","ping_status":"open","sticky":false,"template":"","format":"standard","meta":{"_monsterinsights_skip_tracking":false,"_monsterinsights_sitenote_active":false,"_monsterinsights_sitenote_note":"","_monsterinsights_sitenote_category":0,"footnotes":""},"categories":[5],"tags":[],"class_list":["post-701971","post","type-post","status-publish","format-standard","has-post-thumbnail","hentry","category-estado-de-mexico"],"_links":{"self":[{"href":"https:\/\/www.diarioimagen.net\/index.php?rest_route=\/wp\/v2\/posts\/701971","targetHints":{"allow":["GET"]}}],"collection":[{"href":"https:\/\/www.diarioimagen.net\/index.php?rest_route=\/wp\/v2\/posts"}],"about":[{"href":"https:\/\/www.diarioimagen.net\/index.php?rest_route=\/wp\/v2\/types\/post"}],"author":[{"embeddable":true,"href":"https:\/\/www.diarioimagen.net\/index.php?rest_route=\/wp\/v2\/users\/14"}],"replies":[{"embeddable":true,"href":"https:\/\/www.diarioimagen.net\/index.php?rest_route=%2Fwp%2Fv2%2Fcomments&post=701971"}],"version-history":[{"count":1,"href":"https:\/\/www.diarioimagen.net\/index.php?rest_route=\/wp\/v2\/posts\/701971\/revisions"}],"predecessor-version":[{"id":701973,"href":"https:\/\/www.diarioimagen.net\/index.php?rest_route=\/wp\/v2\/posts\/701971\/revisions\/701973"}],"wp:featuredmedia":[{"embeddable":true,"href":"https:\/\/www.diarioimagen.net\/index.php?rest_route=\/wp\/v2\/media\/701972"}],"wp:attachment":[{"href":"https:\/\/www.diarioimagen.net\/index.php?rest_route=%2Fwp%2Fv2%2Fmedia&parent=701971"}],"wp:term":[{"taxonomy":"category","embeddable":true,"href":"https:\/\/www.diarioimagen.net\/index.php?rest_route=%2Fwp%2Fv2%2Fcategories&post=701971"},{"taxonomy":"post_tag","embeddable":true,"href":"https:\/\/www.diarioimagen.net\/index.php?rest_route=%2Fwp%2Fv2%2Ftags&post=701971"}],"curies":[{"name":"wp","href":"https:\/\/api.w.org\/{rel}","templated":true}]}}