{"id":702326,"date":"2026-01-15T19:39:10","date_gmt":"2026-01-16T01:39:10","guid":{"rendered":"https:\/\/www.diarioimagen.net\/?p=702326"},"modified":"2026-01-15T19:39:10","modified_gmt":"2026-01-16T01:39:10","slug":"colocan-topes-en-avenida-nacional-en-ecatepec-para-evitar-accidentes","status":"publish","type":"post","link":"https:\/\/www.diarioimagen.net\/?p=702326","title":{"rendered":"Colocan topes en Avenida Nacional  en Ecatepec para evitar accidentes"},"content":{"rendered":"<p><strong>\u00a0<\/strong><\/p>\n<ul>\n<li><strong>Acuerdo con vecinos<\/strong><\/li>\n<\/ul>\n<p>&nbsp;<\/p>\n<div id=\"attachment_702327\" style=\"width: 393px\" class=\"wp-caption alignnone\"><img loading=\"lazy\" decoding=\"async\" aria-describedby=\"caption-attachment-702327\" class=\"wp-image-702327 size-large\" src=\"https:\/\/www.diarioimagen.net\/wp-content\/uploads\/2026\/01\/BAENA-3-ok-7-383x270.jpg\" alt=\"\" width=\"383\" height=\"270\" srcset=\"https:\/\/www.diarioimagen.net\/wp-content\/uploads\/2026\/01\/BAENA-3-ok-7-383x270.jpg 383w, https:\/\/www.diarioimagen.net\/wp-content\/uploads\/2026\/01\/BAENA-3-ok-7-240x169.jpg 240w, https:\/\/www.diarioimagen.net\/wp-content\/uploads\/2026\/01\/BAENA-3-ok-7-768x541.jpg 768w, https:\/\/www.diarioimagen.net\/wp-content\/uploads\/2026\/01\/BAENA-3-ok-7-1536x1082.jpg 1536w, https:\/\/www.diarioimagen.net\/wp-content\/uploads\/2026\/01\/BAENA-3-ok-7-2048x1443.jpg 2048w\" sizes=\"auto, (max-width: 383px) 100vw, 383px\" \/><p id=\"caption-attachment-702327\" class=\"wp-caption-text\">Colocaron topes en Avenida Nacional, a un costado de la estaci\u00f3n Central de Abasto del Mexib\u00fas, tras acuerdos con vecinos que pidieron acciones por riesgos de atropellamientos en esta v\u00eda de jurisdicci\u00f3n estatal.<\/p><\/div>\n<p>&nbsp;<\/p>\n<p>Ecatepec, M\u00e9x.- El gobierno municipal coloc\u00f3 topes en avenida Nacional, a un costado de la estaci\u00f3n Central de Abasto del Mexib\u00fas, tras acuerdos con vecinos que pidieron acciones por riesgos de accidentes y atropellamientos en esta v\u00eda de jurisdicci\u00f3n estatal, debido al exceso de velocidad de algunos conductores.<\/p>\n<p>&nbsp;<\/p>\n<p>El pasado mi\u00e9rcoles un grupo de vecinos de colonias Llano de los B\u00e1ez bloque\u00f3 durante tres horas ambos sentidos de esta vialidad, lo que provoc\u00f3 la suspensi\u00f3n del servicio del Mexib\u00fas L\u00ednea 4, para exigir que se instale un sem\u00e1foro en la zona porque ha habido accidentes con peatones que intentan cruzar y los autos circulan a exceso de velocidad.<\/p>\n<p>&nbsp;<\/p>\n<p>Al lugar se presentaron autoridades municipales de las \u00e1reas de Gobierno, Tr\u00e1nsito y Movilidad, quienes dialogaron con los inconformes que exig\u00edan que se colocara un sem\u00e1foro peatonal en este cruce porque se han registrado atropellamientos, pero al ser v\u00eda de jurisdicci\u00f3n estatal no se tienen facultades para ello, ya que es un tema de la Secretar\u00eda de Movilidad de la entidad.<\/p>\n<p>&nbsp;<\/p>\n<p>Sin embargo, acordaron realizar una intervenci\u00f3n y de inmediato acudi\u00f3 una cuadrilla de Obras P\u00fablicas que construy\u00f3 en la zona un tope y tres reductores con su respectivo balizamiento, tras lo cual fue reabierta la circulaci\u00f3n, y tambi\u00e9n se reactiv\u00f3 el servicio del Mexib\u00fas.<\/p>\n<p>&nbsp;<\/p>\n<p>Miguel \u00c1ngel Vel\u00e1zquez, jefe de Ordenamiento y Seguridad Vial de Movilidad municipal, se\u00f1al\u00f3 que trabajan de forma permanente en la zona, aunque es v\u00eda estatal, con operativos constantes para retirar tr\u00e1ileres de un centro de distribuci\u00f3n que obstruyen la vialidad, adem\u00e1s de que se colocaron boyas como reductores de velocidad.<\/p>\n<p>&nbsp;<\/p>\n<p><strong>\u00a0<\/strong><\/p>\n<p>&nbsp;<\/p>\n","protected":false},"excerpt":{"rendered":"<p>\u00a0 Acuerdo con vecinos &nbsp; &nbsp; Ecatepec, M\u00e9x.- El gobierno municipal coloc\u00f3 topes en avenida Nacional, a un costado de la estaci\u00f3n Central de Abasto del Mexib\u00fas, tras acuerdos con vecinos que pidieron acciones por riesgos de accidentes y atropellamientos en esta v\u00eda de jurisdicci\u00f3n estatal, debido al exceso de velocidad de algunos conductores. &nbsp; [&hellip;]<\/p>\n","protected":false},"author":14,"featured_media":702327,"comment_status":"open","ping_status":"open","sticky":false,"template":"","format":"standard","meta":{"_monsterinsights_skip_tracking":false,"_monsterinsights_sitenote_active":false,"_monsterinsights_sitenote_note":"","_monsterinsights_sitenote_category":0,"footnotes":""},"categories":[5],"tags":[],"class_list":["post-702326","post","type-post","status-publish","format-standard","has-post-thumbnail","hentry","category-estado-de-mexico"],"_links":{"self":[{"href":"https:\/\/www.diarioimagen.net\/index.php?rest_route=\/wp\/v2\/posts\/702326","targetHints":{"allow":["GET"]}}],"collection":[{"href":"https:\/\/www.diarioimagen.net\/index.php?rest_route=\/wp\/v2\/posts"}],"about":[{"href":"https:\/\/www.diarioimagen.net\/index.php?rest_route=\/wp\/v2\/types\/post"}],"author":[{"embeddable":true,"href":"https:\/\/www.diarioimagen.net\/index.php?rest_route=\/wp\/v2\/users\/14"}],"replies":[{"embeddable":true,"href":"https:\/\/www.diarioimagen.net\/index.php?rest_route=%2Fwp%2Fv2%2Fcomments&post=702326"}],"version-history":[{"count":1,"href":"https:\/\/www.diarioimagen.net\/index.php?rest_route=\/wp\/v2\/posts\/702326\/revisions"}],"predecessor-version":[{"id":702328,"href":"https:\/\/www.diarioimagen.net\/index.php?rest_route=\/wp\/v2\/posts\/702326\/revisions\/702328"}],"wp:featuredmedia":[{"embeddable":true,"href":"https:\/\/www.diarioimagen.net\/index.php?rest_route=\/wp\/v2\/media\/702327"}],"wp:attachment":[{"href":"https:\/\/www.diarioimagen.net\/index.php?rest_route=%2Fwp%2Fv2%2Fmedia&parent=702326"}],"wp:term":[{"taxonomy":"category","embeddable":true,"href":"https:\/\/www.diarioimagen.net\/index.php?rest_route=%2Fwp%2Fv2%2Fcategories&post=702326"},{"taxonomy":"post_tag","embeddable":true,"href":"https:\/\/www.diarioimagen.net\/index.php?rest_route=%2Fwp%2Fv2%2Ftags&post=702326"}],"curies":[{"name":"wp","href":"https:\/\/api.w.org\/{rel}","templated":true}]}}