{"id":702512,"date":"2026-01-18T21:18:14","date_gmt":"2026-01-19T03:18:14","guid":{"rendered":"https:\/\/www.diarioimagen.net\/?p=702512"},"modified":"2026-01-18T21:18:14","modified_gmt":"2026-01-19T03:18:14","slug":"arranque-de-la-rehabilitacion-de-la-calle-gabriel-ramos-millan-en-la-lopez-mateos","status":"publish","type":"post","link":"https:\/\/www.diarioimagen.net\/?p=702512","title":{"rendered":"Arranque de la rehabilitaci\u00f3n de la calle  Gabriel Ramos Mill\u00e1n en la L\u00f3pez Mateos"},"content":{"rendered":"<ul>\n<li><strong>Contin\u00faa la renovaci\u00f3n urbana de Naucalpan <\/strong><strong>\u00a0<\/strong><\/li>\n<\/ul>\n<p><img loading=\"lazy\" decoding=\"async\" class=\"alignnone wp-image-702509 size-large\" src=\"https:\/\/www.diarioimagen.net\/wp-content\/uploads\/2026\/01\/BAENA-2-ok-8-396x270.jpg\" alt=\"\" width=\"396\" height=\"270\" srcset=\"https:\/\/www.diarioimagen.net\/wp-content\/uploads\/2026\/01\/BAENA-2-ok-8-396x270.jpg 396w, https:\/\/www.diarioimagen.net\/wp-content\/uploads\/2026\/01\/BAENA-2-ok-8-240x164.jpg 240w, https:\/\/www.diarioimagen.net\/wp-content\/uploads\/2026\/01\/BAENA-2-ok-8-768x524.jpg 768w, https:\/\/www.diarioimagen.net\/wp-content\/uploads\/2026\/01\/BAENA-2-ok-8.jpg 1500w\" sizes=\"auto, (max-width: 396px) 100vw, 396px\" \/><\/p>\n<p>Naucalpan, M\u00e9x.- El alcalde Isaac Montoya M\u00e1rquez contin\u00faa con la renovaci\u00f3n urbana de Naucalpan Centro, al dar\u00a0 el banderazo de inicio en la colonia Adolfo L\u00f3pez Mateos, a la rehabilitaci\u00f3n de la calle Gabriel Ramos Mill\u00e1n, una de las v\u00edas emblem\u00e1ticas que se dejaron al olvido por d\u00e9cadas sin recibir atenci\u00f3n integral, as\u00ed se empieza el a\u00f1o, esta es la primera obra.<\/p>\n<p>&nbsp;<\/p>\n<p>\u201cEsta vialidad como todos sabemos, es una alternativa que ayuda a desahogar el tr\u00e1nsito en horas pico en el centro de Naucalpan, por lo tanto ten\u00edamos ya en el radar que \u00edbamos a arrancar esta obra. Va a quedar realmente bien, va a durar bastante, es una obra de calidad. De aqu\u00ed nos vamos a seguir a la parte de Calzada de los Remedios y vamos a seguir avanzando hacia la parte m\u00e1s alta hacia la Cruz Roja, hacia la parte de los Arcos y vamos a continuar con la reconstrucci\u00f3n m\u00e1s grande que se tenga registro en la historia de Naucalpan\u201d, afirm\u00f3 el Presidente Municipal.<\/p>\n<p>&nbsp;<\/p>\n<p>Esta rehabilitaci\u00f3n forma parte del rescate del Centro de Naucalpan con mejores calles, iluminaci\u00f3n y en general del espacio p\u00fablico de la cabecera municipal. Los trabajos comprenden desde la Avenida Estacas hasta la Avenida Universidad.<\/p>\n<p>&nbsp;<\/p>\n<p>Isaac Montoya, tambi\u00e9n conocido como el alcalde de la obra p\u00fablica y la renovaci\u00f3n de Naucalpan, dijo a vecinas y vecinos de la Ramos Mill\u00e1n, tambi\u00e9n conocida como la calle de las Marimbas, -debido a que en alg\u00fan momento se cont\u00f3 hasta unas 20 agrupaciones que se dedicaban a tocar este tipo de m\u00fasica- que su gobierno antepone la dignidad y la justicia social para ofrecer mejores alternativas de vida a las y los habitantes de Naucalpan.<\/p>\n<p>&nbsp;<\/p>\n<p>Destac\u00f3 que en el primer a\u00f1o de gobierno se aplicaron mil millones de pesos en obra p\u00fablica, lo que signific\u00f3 un r\u00e9cord hist\u00f3rico en el municipio y que para este segundo a\u00f1o se plantea superar dicha cifra para beneficiar a la mayor poblaci\u00f3n posible. \u201cEso habla de que sabemos lo que hay que hacer, sabemos c\u00f3mo hacerlo y tambi\u00e9n destinamos el recurso p\u00fablico para las cosas p\u00fablicas\u201d.<\/p>\n<p>&nbsp;<\/p>\n<p>&nbsp;<\/p>\n<p>&nbsp;<\/p>\n","protected":false},"excerpt":{"rendered":"<p>Contin\u00faa la renovaci\u00f3n urbana de Naucalpan \u00a0 Naucalpan, M\u00e9x.- El alcalde Isaac Montoya M\u00e1rquez contin\u00faa con la renovaci\u00f3n urbana de Naucalpan Centro, al dar\u00a0 el banderazo de inicio en la colonia Adolfo L\u00f3pez Mateos, a la rehabilitaci\u00f3n de la calle Gabriel Ramos Mill\u00e1n, una de las v\u00edas emblem\u00e1ticas que se dejaron al olvido por d\u00e9cadas [&hellip;]<\/p>\n","protected":false},"author":14,"featured_media":702509,"comment_status":"open","ping_status":"open","sticky":false,"template":"","format":"standard","meta":{"_monsterinsights_skip_tracking":false,"_monsterinsights_sitenote_active":false,"_monsterinsights_sitenote_note":"","_monsterinsights_sitenote_category":0,"footnotes":""},"categories":[5],"tags":[],"class_list":["post-702512","post","type-post","status-publish","format-standard","has-post-thumbnail","hentry","category-estado-de-mexico"],"_links":{"self":[{"href":"https:\/\/www.diarioimagen.net\/index.php?rest_route=\/wp\/v2\/posts\/702512","targetHints":{"allow":["GET"]}}],"collection":[{"href":"https:\/\/www.diarioimagen.net\/index.php?rest_route=\/wp\/v2\/posts"}],"about":[{"href":"https:\/\/www.diarioimagen.net\/index.php?rest_route=\/wp\/v2\/types\/post"}],"author":[{"embeddable":true,"href":"https:\/\/www.diarioimagen.net\/index.php?rest_route=\/wp\/v2\/users\/14"}],"replies":[{"embeddable":true,"href":"https:\/\/www.diarioimagen.net\/index.php?rest_route=%2Fwp%2Fv2%2Fcomments&post=702512"}],"version-history":[{"count":1,"href":"https:\/\/www.diarioimagen.net\/index.php?rest_route=\/wp\/v2\/posts\/702512\/revisions"}],"predecessor-version":[{"id":702513,"href":"https:\/\/www.diarioimagen.net\/index.php?rest_route=\/wp\/v2\/posts\/702512\/revisions\/702513"}],"wp:featuredmedia":[{"embeddable":true,"href":"https:\/\/www.diarioimagen.net\/index.php?rest_route=\/wp\/v2\/media\/702509"}],"wp:attachment":[{"href":"https:\/\/www.diarioimagen.net\/index.php?rest_route=%2Fwp%2Fv2%2Fmedia&parent=702512"}],"wp:term":[{"taxonomy":"category","embeddable":true,"href":"https:\/\/www.diarioimagen.net\/index.php?rest_route=%2Fwp%2Fv2%2Fcategories&post=702512"},{"taxonomy":"post_tag","embeddable":true,"href":"https:\/\/www.diarioimagen.net\/index.php?rest_route=%2Fwp%2Fv2%2Ftags&post=702512"}],"curies":[{"name":"wp","href":"https:\/\/api.w.org\/{rel}","templated":true}]}}