{"id":702542,"date":"2026-01-18T21:39:46","date_gmt":"2026-01-19T03:39:46","guid":{"rendered":"https:\/\/www.diarioimagen.net\/?p=702542"},"modified":"2026-01-18T21:39:46","modified_gmt":"2026-01-19T03:39:46","slug":"continua-la-alerta-por-onda-gelida-llegan-los-frentes-frios-29-y-30-a-territorio-nacional","status":"publish","type":"post","link":"https:\/\/www.diarioimagen.net\/?p=702542","title":{"rendered":"Contin\u00faa la alerta por onda  g\u00e9lida; llegan los frentes fr\u00edos  29 y 30 a territorio nacional"},"content":{"rendered":"<p><strong>\u00a0<\/strong><\/p>\n<ul>\n<li><strong>No ceden las bajas temperaturas <\/strong><\/li>\n<li><strong>Se mantiene evento de \u201cNorte\u201d con rachas de viento de 80 a 100 km\/h en el istmo y golfo de Tehuantepec<\/strong><\/li>\n<\/ul>\n<div id=\"attachment_702543\" style=\"width: 470px\" class=\"wp-caption alignnone\"><img loading=\"lazy\" decoding=\"async\" aria-describedby=\"caption-attachment-702543\" class=\"wp-image-702543 size-large\" src=\"https:\/\/www.diarioimagen.net\/wp-content\/uploads\/2026\/01\/FRIO-1-a-ok-460x259.jpg\" alt=\"\" width=\"460\" height=\"259\" srcset=\"https:\/\/www.diarioimagen.net\/wp-content\/uploads\/2026\/01\/FRIO-1-a-ok-460x259.jpg 460w, https:\/\/www.diarioimagen.net\/wp-content\/uploads\/2026\/01\/FRIO-1-a-ok-240x135.jpg 240w, https:\/\/www.diarioimagen.net\/wp-content\/uploads\/2026\/01\/FRIO-1-a-ok-768x432.jpg 768w, https:\/\/www.diarioimagen.net\/wp-content\/uploads\/2026\/01\/FRIO-1-a-ok-480x270.jpg 480w, https:\/\/www.diarioimagen.net\/wp-content\/uploads\/2026\/01\/FRIO-1-a-ok-235x132.jpg 235w, https:\/\/www.diarioimagen.net\/wp-content\/uploads\/2026\/01\/FRIO-1-a-ok-202x114.jpg 202w, https:\/\/www.diarioimagen.net\/wp-content\/uploads\/2026\/01\/FRIO-1-a-ok-350x196.jpg 350w, https:\/\/www.diarioimagen.net\/wp-content\/uploads\/2026\/01\/FRIO-1-a-ok-220x123.jpg 220w, https:\/\/www.diarioimagen.net\/wp-content\/uploads\/2026\/01\/FRIO-1-a-ok-237x132.jpg 237w, https:\/\/www.diarioimagen.net\/wp-content\/uploads\/2026\/01\/FRIO-1-a-ok.jpg 1500w\" sizes=\"auto, (max-width: 460px) 100vw, 460px\" \/><p id=\"caption-attachment-702543\" class=\"wp-caption-text\">Continuar\u00e1n las bajas temperaturas en el pa\u00eds, tras el paso del fri\u00f3 29 y la llegada del 30, que en interacci\u00f3n con las corrientes en chorro polar y subtropical, originaron vientos fuertes con rachas de hasta 60 km\/h en en el norte y centro del territorio nacional.<\/p><\/div>\n<p>La Comisi\u00f3n Nacional del Agua (Conagua) inform\u00f3 que continuar\u00e1n las bajas temperaturas en el pa\u00eds, tras el paso de los frentes fr\u00edos 29 y 30, que en interacci\u00f3n con las corrientes en chorro polar y subtropical, originaron vientos fuertes con rachas de hasta 60 km\/h en en el norte y centro del territorio nacional.<\/p>\n<p>A su vez, continuar\u00e1 el evento de \u201cNorte\u201d con rachas de viento de 80 a 100 km\/h en el istmo y golfo de Tehuantepec; con rachas de 70 a 90 km\/h en Veracruz; y con rachas de 40 a 60 km\/h en Tamaulipas, Tabasco, Campeche, Yucat\u00e1n y Quintana Roo.<\/p>\n<p>Durante la ma\u00f1ana y la noche seguir\u00e1n las bajas temperaturas en la Mesa del Norte y la Mesa Central. En zonas altas incluso se esperan heladas. Adem\u00e1s, los vientos no se quedan atr\u00e1s: en el Istmo y el Golfo de Tehuantepec se prev\u00e9n rachas de 60 a 80 km\/h.<\/p>\n<p>Mientras tanto, el ingreso de humedad desde el Pac\u00edfico y la inestabilidad atmosf\u00e9rica provocar\u00e1n lluvias y chubascos con descargas el\u00e9ctricas en el norte, occidente, centro y sur del pa\u00eds. En Jalisco, Colima, Michoac\u00e1n, Guerrero y Estado de M\u00e9xico se esperan lluvias puntuales fuertes.<\/p>\n<p>Para la Ciudad de M\u00e9xico y su Zona Metropolitana se espera un cielo medio nublado durante gran parte del d\u00eda. Por la ma\u00f1ana, el ambiente ser\u00e1 fr\u00edo a fresco, con posibles bancos de niebla en las zonas altas. Por la tarde, las temperaturas se tornar\u00e1n m\u00e1s templadas, aunque no se descarta la presencia de chubascos.<\/p>\n<p>En algunas zonas del Estado de M\u00e9xico se pronostican chubascos con lluvias puntuales fuertes, mientras que en la capital se esperan lluvias con chubascos que podr\u00edan acompa\u00f1arse de descargas el\u00e9ctricas y granizo.<\/p>\n<p>&nbsp;<\/p>\n<p><strong>Niveles de alerta<\/strong><\/p>\n<p>&nbsp;<\/p>\n<p>La CDMX cuenta con una Red de Alerta Temprana para atender los siguientes fen\u00f3menos meteorol\u00f3gicos: lluvia, viento, granizo, temperaturas altas, temperaturas bajas e incluso nevada.<\/p>\n<p>&nbsp;<\/p>\n<p>Ese esquema de la Secretar\u00eda de Gesti\u00f3n Integral de Riesgos y Protecci\u00f3n Civil est\u00e1 integrado por cinco niveles de alerta, del verde al p\u00farpura, que significan lo siguiente:<\/p>\n<ul>\n<li>Verde: Condiciones promedio en la capital mexicana.<\/li>\n<li>Amarillo: Presencia de hidrometeoros ligeros que ocasionan da\u00f1os si se asocian a otras circunstancias.<\/li>\n<li>Naranja: Fen\u00f3menos meteorol\u00f3gicos cuya intensidad puede producir da\u00f1os en estructuras fr\u00e1giles.<\/li>\n<li>Rojo: Fen\u00f3menos meteorol\u00f3gicos cuya intensidad provoca da\u00f1os.<\/li>\n<li>P\u00farpura: Fen\u00f3menos meteorol\u00f3gicos con intensidad pocas veces registrada, que ocasiona da\u00f1os graves.<\/li>\n<li><\/li>\n<\/ul>\n<p><strong>\u00bfQu\u00e9 temperatura se debe alcanzar para activar Alerta P\u00farpura?<\/strong><\/p>\n<p><strong>\u00a0<\/strong><\/p>\n<p>En la Ciudad de M\u00e9xico, el term\u00f3metro ha registrado niveles bajos, principalmente por las noches y al amanecer, pero \u00bfqu\u00e9 temperatura se necesitar\u00eda para activar la alerta m\u00e1xima p\u00farpura?<\/p>\n<p>De acuerdo con la clasificaci\u00f3n de los niveles de alerta, se activa el c\u00f3digo p\u00farpura cuando el term\u00f3metro marca -3 grados o menos.<\/p>\n<p>Pero adem\u00e1s, esta alerta se activa cuando se registran 70 mil\u00edmetros de lluvia en 24 horas (mm\/24h), cuando hay viento de 80 kil\u00f3metros por hora (km\/h), cuando cae granizo muy grande, cuando hay altas temperaturas mayores a 36 grados y otro escenario previsto en el nivel es nevada abundante, en caso de que ocurriera.<\/p>\n<p>&nbsp;<\/p>\n<p><strong>\u00bfCu\u00e1ndo termina la temporada de frentes fr\u00edos 2026?<\/strong><\/p>\n<p>&nbsp;<\/p>\n<p>La temporada de frentes fr\u00edos 2025-2026 comenz\u00f3 en septiembre de 2025 y se extender\u00e1 hasta mayo de 2026. Durante este per\u00edodo se prev\u00e9 la entrada de 48 frentes fr\u00edos, por lo que, al corte de este 15 de enero, a\u00fan faltar\u00edan 19 sistemas frontales para completar el ciclo.<\/p>\n<p>&nbsp;<\/p>\n<p>De acuerdo con la Conagua, esta es la distribuci\u00f3n mensual de los pr\u00f3ximos frentes fr\u00edos de la temporada 2025-2026:<\/p>\n<p>&nbsp;<\/p>\n<ul>\n<li>Enero: 6<\/li>\n<li>Febrero: 5<\/li>\n<li>Marzo: 6<\/li>\n<li>Abril: 5<\/li>\n<li>Mayo: 3<\/li>\n<\/ul>\n<p>&nbsp;<\/p>\n<p>&nbsp;<\/p>\n<p><strong>Recomendaciones ante fr\u00edo intenso en CDMX<\/strong><\/p>\n<p><strong>\u00a0<\/strong><\/p>\n<p>La SGIRPC adem\u00e1s emiti\u00f3\u00a0recomendaciones\u00a0a la poblaci\u00f3n en general, para evitar afectaciones por el fr\u00edo en la capital:<\/p>\n<ul>\n<li>Usar al menos tres capas de ropa, de preferencia de algod\u00f3n o lana.<\/li>\n<li>Utilizar crema para proteger e hidratar la piel contra el fr\u00edo.<\/li>\n<li>Evitar exponerse a cambios bruscos de temperatura.<\/li>\n<li>Ingerir abundante agua; consumir frutas y verduras ricas en vitaminas A y C.<\/li>\n<li>Lavarse las manos con frecuencia o usar gel antibacterial.<\/li>\n<li>En caso de presentar alg\u00fan malestar, acudir al centro de salud m\u00e1s cercano.<\/li>\n<li>En caso de usar calentadores y\/o chimeneas, mantener una ventilaci\u00f3n adecuada.<\/li>\n<\/ul>\n<p>&nbsp;<\/p>\n<p>&nbsp;<\/p>\n<p>&nbsp;<\/p>\n<p>&nbsp;<\/p>\n<p>&nbsp;<\/p>\n<p>&nbsp;<\/p>\n<p>&nbsp;<\/p>\n<p>&nbsp;<\/p>\n","protected":false},"excerpt":{"rendered":"<p>\u00a0 No ceden las bajas temperaturas Se mantiene evento de \u201cNorte\u201d con rachas de viento de 80 a 100 km\/h en el istmo y golfo de Tehuantepec La Comisi\u00f3n Nacional del Agua (Conagua) inform\u00f3 que continuar\u00e1n las bajas temperaturas en el pa\u00eds, tras el paso de los frentes fr\u00edos 29 y 30, que en interacci\u00f3n [&hellip;]<\/p>\n","protected":false},"author":14,"featured_media":702543,"comment_status":"open","ping_status":"open","sticky":false,"template":"","format":"standard","meta":{"_monsterinsights_skip_tracking":false,"_monsterinsights_sitenote_active":false,"_monsterinsights_sitenote_note":"","_monsterinsights_sitenote_category":0,"footnotes":""},"categories":[16,3],"tags":[],"class_list":["post-702542","post","type-post","status-publish","format-standard","has-post-thumbnail","hentry","category-destacadas","category-nacional"],"_links":{"self":[{"href":"https:\/\/www.diarioimagen.net\/index.php?rest_route=\/wp\/v2\/posts\/702542","targetHints":{"allow":["GET"]}}],"collection":[{"href":"https:\/\/www.diarioimagen.net\/index.php?rest_route=\/wp\/v2\/posts"}],"about":[{"href":"https:\/\/www.diarioimagen.net\/index.php?rest_route=\/wp\/v2\/types\/post"}],"author":[{"embeddable":true,"href":"https:\/\/www.diarioimagen.net\/index.php?rest_route=\/wp\/v2\/users\/14"}],"replies":[{"embeddable":true,"href":"https:\/\/www.diarioimagen.net\/index.php?rest_route=%2Fwp%2Fv2%2Fcomments&post=702542"}],"version-history":[{"count":1,"href":"https:\/\/www.diarioimagen.net\/index.php?rest_route=\/wp\/v2\/posts\/702542\/revisions"}],"predecessor-version":[{"id":702544,"href":"https:\/\/www.diarioimagen.net\/index.php?rest_route=\/wp\/v2\/posts\/702542\/revisions\/702544"}],"wp:featuredmedia":[{"embeddable":true,"href":"https:\/\/www.diarioimagen.net\/index.php?rest_route=\/wp\/v2\/media\/702543"}],"wp:attachment":[{"href":"https:\/\/www.diarioimagen.net\/index.php?rest_route=%2Fwp%2Fv2%2Fmedia&parent=702542"}],"wp:term":[{"taxonomy":"category","embeddable":true,"href":"https:\/\/www.diarioimagen.net\/index.php?rest_route=%2Fwp%2Fv2%2Fcategories&post=702542"},{"taxonomy":"post_tag","embeddable":true,"href":"https:\/\/www.diarioimagen.net\/index.php?rest_route=%2Fwp%2Fv2%2Ftags&post=702542"}],"curies":[{"name":"wp","href":"https:\/\/api.w.org\/{rel}","templated":true}]}}