{"id":702677,"date":"2026-01-19T19:02:18","date_gmt":"2026-01-20T01:02:18","guid":{"rendered":"https:\/\/www.diarioimagen.net\/?p=702677"},"modified":"2026-01-19T19:02:18","modified_gmt":"2026-01-20T01:02:18","slug":"con-la-limpieza-de-barrancas-ecatepec-evitara-inundaciones","status":"publish","type":"post","link":"https:\/\/www.diarioimagen.net\/?p=702677","title":{"rendered":"\u00a0  Con la limpieza de barrancas,  Ecatepec evitar\u00e1 inundaciones"},"content":{"rendered":"<ul>\n<li><strong>En la zona de San Andr\u00e9s de La Ca\u00f1ada<\/strong><\/li>\n<\/ul>\n<p><img loading=\"lazy\" decoding=\"async\" class=\"alignnone wp-image-702679 size-large\" src=\"https:\/\/www.diarioimagen.net\/wp-content\/uploads\/2026\/01\/BAENA-2-ok-9-438x270.jpg\" alt=\"\" width=\"438\" height=\"270\" srcset=\"https:\/\/www.diarioimagen.net\/wp-content\/uploads\/2026\/01\/BAENA-2-ok-9-438x270.jpg 438w, https:\/\/www.diarioimagen.net\/wp-content\/uploads\/2026\/01\/BAENA-2-ok-9-240x148.jpg 240w, https:\/\/www.diarioimagen.net\/wp-content\/uploads\/2026\/01\/BAENA-2-ok-9-768x474.jpg 768w, https:\/\/www.diarioimagen.net\/wp-content\/uploads\/2026\/01\/BAENA-2-ok-9-1536x948.jpg 1536w, https:\/\/www.diarioimagen.net\/wp-content\/uploads\/2026\/01\/BAENA-2-ok-9-2048x1264.jpg 2048w\" sizes=\"auto, (max-width: 438px) 100vw, 438px\" \/><\/p>\n<p>Ecatepec, M\u00e9x.- El gobierno de Ecatepec inici\u00f3 en la zona de San Andr\u00e9s de La Ca\u00f1ada\u00a0 jornadas de limpieza de barrancas del municipio con el objetivo de prevenir inundaciones durante la pr\u00f3xima temporada de lluvias.<\/p>\n<p>&nbsp;<\/p>\n<p>La alcaldesa Azucena Cisneros Coss inform\u00f3 que retirar\u00e1n basura de nueve barrancas de Ecatepec, pues en \u00e9poca de lluvias el agua arrastra los desechos y provoca taponamiento y desbordamiento del cauce, por lo que en estas zonas habr\u00e1 recolecci\u00f3n nocturna y gratuita de residuos.<\/p>\n<p>&nbsp;<\/p>\n<p>La presidenta municipal supervis\u00f3 la limpieza de unos dos kil\u00f3metros de la barranca que cruza por las comunidades Los Bordos, La Teja y La Playita, en San Andr\u00e9s de La Ca\u00f1ada, donde fueron retiradas decenas de toneladas de desperdicios.<\/p>\n<p>&nbsp;<\/p>\n<p>En los trabajos participaron trabajadores municipales de diferentes \u00e1reas, con apoyo de camiones y maquinaria pesada reci\u00e9n adquiridos por el gobierno local, adem\u00e1s de que se inform\u00f3 que ser\u00e1n detenidas las personas que arrojen basura en el cauce y la v\u00eda p\u00fablica, falta administrativa cuya multa puede ser hasta de 11 mil 314 pesos.<\/p>\n<p>&nbsp;<\/p>\n<p>En avenida Tierra y Libertad, en La Playita, trabajadores municipales retiraron la malla cicl\u00f3nica, una barda y una vivienda edificados de manera irregular en el bordo invadido de la citada barranca, debido al riesgo que representaban para los habitantes del lugar.<\/p>\n<p>&nbsp;<\/p>\n<p>\u201cEstamos iniciando las barrancas, pero resulta que ya bardearon toda una parte, lo que es la orilla. Casi se meten al agua, argumentando que es una propiedad qui\u00e9n sabe de qui\u00e9n. Estas cosas son las que no se pueden hacer, se vuelven unas grandes problem\u00e1ticas y eso no nos ayuda\u201d, expres\u00f3 Cisneros Coss.<\/p>\n<p><strong>\u00a0<\/strong><\/p>\n<p>&nbsp;<\/p>\n<p>&nbsp;<\/p>\n","protected":false},"excerpt":{"rendered":"<p>En la zona de San Andr\u00e9s de La Ca\u00f1ada Ecatepec, M\u00e9x.- El gobierno de Ecatepec inici\u00f3 en la zona de San Andr\u00e9s de La Ca\u00f1ada\u00a0 jornadas de limpieza de barrancas del municipio con el objetivo de prevenir inundaciones durante la pr\u00f3xima temporada de lluvias. &nbsp; La alcaldesa Azucena Cisneros Coss inform\u00f3 que retirar\u00e1n basura de [&hellip;]<\/p>\n","protected":false},"author":14,"featured_media":702679,"comment_status":"open","ping_status":"open","sticky":false,"template":"","format":"standard","meta":{"_monsterinsights_skip_tracking":false,"_monsterinsights_sitenote_active":false,"_monsterinsights_sitenote_note":"","_monsterinsights_sitenote_category":0,"footnotes":""},"categories":[5],"tags":[],"class_list":["post-702677","post","type-post","status-publish","format-standard","has-post-thumbnail","hentry","category-estado-de-mexico"],"_links":{"self":[{"href":"https:\/\/www.diarioimagen.net\/index.php?rest_route=\/wp\/v2\/posts\/702677","targetHints":{"allow":["GET"]}}],"collection":[{"href":"https:\/\/www.diarioimagen.net\/index.php?rest_route=\/wp\/v2\/posts"}],"about":[{"href":"https:\/\/www.diarioimagen.net\/index.php?rest_route=\/wp\/v2\/types\/post"}],"author":[{"embeddable":true,"href":"https:\/\/www.diarioimagen.net\/index.php?rest_route=\/wp\/v2\/users\/14"}],"replies":[{"embeddable":true,"href":"https:\/\/www.diarioimagen.net\/index.php?rest_route=%2Fwp%2Fv2%2Fcomments&post=702677"}],"version-history":[{"count":1,"href":"https:\/\/www.diarioimagen.net\/index.php?rest_route=\/wp\/v2\/posts\/702677\/revisions"}],"predecessor-version":[{"id":702680,"href":"https:\/\/www.diarioimagen.net\/index.php?rest_route=\/wp\/v2\/posts\/702677\/revisions\/702680"}],"wp:featuredmedia":[{"embeddable":true,"href":"https:\/\/www.diarioimagen.net\/index.php?rest_route=\/wp\/v2\/media\/702679"}],"wp:attachment":[{"href":"https:\/\/www.diarioimagen.net\/index.php?rest_route=%2Fwp%2Fv2%2Fmedia&parent=702677"}],"wp:term":[{"taxonomy":"category","embeddable":true,"href":"https:\/\/www.diarioimagen.net\/index.php?rest_route=%2Fwp%2Fv2%2Fcategories&post=702677"},{"taxonomy":"post_tag","embeddable":true,"href":"https:\/\/www.diarioimagen.net\/index.php?rest_route=%2Fwp%2Fv2%2Ftags&post=702677"}],"curies":[{"name":"wp","href":"https:\/\/api.w.org\/{rel}","templated":true}]}}