{"id":702681,"date":"2026-01-19T19:03:28","date_gmt":"2026-01-20T01:03:28","guid":{"rendered":"https:\/\/www.diarioimagen.net\/?p=702681"},"modified":"2026-01-19T19:03:28","modified_gmt":"2026-01-20T01:03:28","slug":"avala-cabildo-de-huixquilucan-campana-de-estimulos-fiscales","status":"publish","type":"post","link":"https:\/\/www.diarioimagen.net\/?p=702681","title":{"rendered":"Avala Cabildo de Huixquilucan\u00a0  campa\u00f1a de est\u00edmulos fiscales"},"content":{"rendered":"<ul>\n<li><strong>Regularizaci\u00f3n de la tenencia de la tierra<\/strong><\/li>\n<\/ul>\n<p>&nbsp;<\/p>\n<p><img loading=\"lazy\" decoding=\"async\" class=\"alignnone wp-image-702678 size-large\" src=\"https:\/\/www.diarioimagen.net\/wp-content\/uploads\/2026\/01\/BAENA-3-ok-9-416x270.jpg\" alt=\"\" width=\"416\" height=\"270\" srcset=\"https:\/\/www.diarioimagen.net\/wp-content\/uploads\/2026\/01\/BAENA-3-ok-9-416x270.jpg 416w, https:\/\/www.diarioimagen.net\/wp-content\/uploads\/2026\/01\/BAENA-3-ok-9-240x156.jpg 240w, https:\/\/www.diarioimagen.net\/wp-content\/uploads\/2026\/01\/BAENA-3-ok-9-768x498.jpg 768w, https:\/\/www.diarioimagen.net\/wp-content\/uploads\/2026\/01\/BAENA-3-ok-9-1536x996.jpg 1536w, https:\/\/www.diarioimagen.net\/wp-content\/uploads\/2026\/01\/BAENA-3-ok-9-2048x1328.jpg 2048w\" sizes=\"auto, (max-width: 416px) 100vw, 416px\" \/><\/p>\n<p>&nbsp;<\/p>\n<p>Huixquilucan, M\u00e9x. &#8211; Para que la poblaci\u00f3n cuente con certeza jur\u00eddica sobre sus inmuebles y aseguren un patrimonio s\u00f3lido, al contar con documentos como t\u00edtulos de propiedad o escrituras, el Ayuntamiento de este municipo aprob\u00f3, por unanimidad de votos, una campa\u00f1a de est\u00edmulos fiscales en materia de regularizaci\u00f3n de la tenencia de la tierra para el ejercicio fiscal 2026.<\/p>\n<p>Durante la Trig\u00e9sima Tercera Sesi\u00f3n Ordinaria de Cabildo, encabezada por la presidenta municipal, Romina Contreras Carrasco, los integrantes del cuerpo edilicio aprobaron esta campa\u00f1a que consiste en la bonificaci\u00f3n de hasta 100 por ciento en el pago del impuesto predial por ejercicios fiscales anteriores, as\u00ed como de los accesorios legales causados a quienes realicen los tr\u00e1mites correspondientes para regularizar sus inmuebles.<\/p>\n<p>\u201cComo cada a\u00f1o, gracias al respaldo del cuerpo edilicio, en Huixquilucan impulsamos este tipo de iniciativas que buscan apoyar a la poblaci\u00f3n de las tres zonas que conforman el territorio, pues es crucial tener certeza jur\u00eddica en bienes inmuebles y proteger su patrimonio, adem\u00e1s evita fraudes y litigios y da a los propietarios derechos plenos sobre la propiedad. Es por ello que invito a quien as\u00ed lo requiera, a sumarse a esa campa\u00f1a\u201d, refiri\u00f3 la alcaldesa Romina Contreras.<\/p>\n<p>Agreg\u00f3 que esta campa\u00f1a forma parte de los programas del Instituto Mexiquense de la Vivienda Social (IMEVIS) que, junto con el Gobierno de Huixquilucan, suman esfuerzos para brindar tranquilidad a las familias.<\/p>\n<p>&nbsp;<\/p>\n<p>Tambi\u00e9n, se autoriz\u00f3 una bonificaci\u00f3n del 100 por ciento en el monto del impuesto sobre operaciones traslativas de dominio de bienes inmuebles, as\u00ed como de la totalidad de multas y recargos.<\/p>\n<p>Asimismo, se aprob\u00f3 un subsidio del 100 por ciento en el pago de derechos por certificaciones de no afectaci\u00f3n a bienes del dominio p\u00fablico municipal, del impuesto predial, aportaciones de mejoras y certificaciones de clave y valor catastral, as\u00ed como en el pago del plano manzanero.<\/p>\n<p>El gobierno de Huixquilucan reafirma su compromiso de apoyar a sus habitantes a trav\u00e9s de este tipo de programas, que representan una oportunidad para que las familias cuenten con los documentos correspondientes sobre sus inmuebles y cuiden su patrimonio y econom\u00eda.<\/p>\n<p>&nbsp;<\/p>\n<p>&nbsp;<\/p>\n<p>&nbsp;<\/p>\n<p>&nbsp;<\/p>\n<p>&nbsp;<\/p>\n<p>&nbsp;<\/p>\n","protected":false},"excerpt":{"rendered":"<p>Regularizaci\u00f3n de la tenencia de la tierra &nbsp; &nbsp; Huixquilucan, M\u00e9x. &#8211; Para que la poblaci\u00f3n cuente con certeza jur\u00eddica sobre sus inmuebles y aseguren un patrimonio s\u00f3lido, al contar con documentos como t\u00edtulos de propiedad o escrituras, el Ayuntamiento de este municipo aprob\u00f3, por unanimidad de votos, una campa\u00f1a de est\u00edmulos fiscales en materia [&hellip;]<\/p>\n","protected":false},"author":14,"featured_media":702678,"comment_status":"open","ping_status":"open","sticky":false,"template":"","format":"standard","meta":{"_monsterinsights_skip_tracking":false,"_monsterinsights_sitenote_active":false,"_monsterinsights_sitenote_note":"","_monsterinsights_sitenote_category":0,"footnotes":""},"categories":[5],"tags":[],"class_list":["post-702681","post","type-post","status-publish","format-standard","has-post-thumbnail","hentry","category-estado-de-mexico"],"_links":{"self":[{"href":"https:\/\/www.diarioimagen.net\/index.php?rest_route=\/wp\/v2\/posts\/702681","targetHints":{"allow":["GET"]}}],"collection":[{"href":"https:\/\/www.diarioimagen.net\/index.php?rest_route=\/wp\/v2\/posts"}],"about":[{"href":"https:\/\/www.diarioimagen.net\/index.php?rest_route=\/wp\/v2\/types\/post"}],"author":[{"embeddable":true,"href":"https:\/\/www.diarioimagen.net\/index.php?rest_route=\/wp\/v2\/users\/14"}],"replies":[{"embeddable":true,"href":"https:\/\/www.diarioimagen.net\/index.php?rest_route=%2Fwp%2Fv2%2Fcomments&post=702681"}],"version-history":[{"count":1,"href":"https:\/\/www.diarioimagen.net\/index.php?rest_route=\/wp\/v2\/posts\/702681\/revisions"}],"predecessor-version":[{"id":702682,"href":"https:\/\/www.diarioimagen.net\/index.php?rest_route=\/wp\/v2\/posts\/702681\/revisions\/702682"}],"wp:featuredmedia":[{"embeddable":true,"href":"https:\/\/www.diarioimagen.net\/index.php?rest_route=\/wp\/v2\/media\/702678"}],"wp:attachment":[{"href":"https:\/\/www.diarioimagen.net\/index.php?rest_route=%2Fwp%2Fv2%2Fmedia&parent=702681"}],"wp:term":[{"taxonomy":"category","embeddable":true,"href":"https:\/\/www.diarioimagen.net\/index.php?rest_route=%2Fwp%2Fv2%2Fcategories&post=702681"},{"taxonomy":"post_tag","embeddable":true,"href":"https:\/\/www.diarioimagen.net\/index.php?rest_route=%2Fwp%2Fv2%2Ftags&post=702681"}],"curies":[{"name":"wp","href":"https:\/\/api.w.org\/{rel}","templated":true}]}}