{"id":702737,"date":"2026-01-19T19:43:07","date_gmt":"2026-01-20T01:43:07","guid":{"rendered":"https:\/\/www.diarioimagen.net\/?p=702737"},"modified":"2026-01-19T19:43:07","modified_gmt":"2026-01-20T01:43:07","slug":"egresada-de-la-uaemex-llevo-la-voz-de-las-juventudes-mexicanas-a-la-cop-30","status":"publish","type":"post","link":"https:\/\/www.diarioimagen.net\/?p=702737","title":{"rendered":"Egresada de la UAEM\u00e9x llev\u00f3 la voz de las juventudes mexicanas a la COP 30"},"content":{"rendered":"<p>&nbsp;<\/p>\n<p><strong>\u00a0<\/strong><\/p>\n<ul>\n<li><strong>Marta Citlali Alejandro Campos explic\u00f3 que su labor dentro de la COP 30 consisti\u00f3 en visibilizar las problem\u00e1ticas y propuestas de soluci\u00f3n de m\u00e1s de 2 500 j\u00f3venes mexicanas y mexicanos ante la actual policrisis clim\u00e1tica<\/strong><\/li>\n<\/ul>\n<p><strong>\u00a0<\/strong><\/p>\n<div id=\"attachment_702738\" style=\"width: 415px\" class=\"wp-caption alignnone\"><img loading=\"lazy\" decoding=\"async\" aria-describedby=\"caption-attachment-702738\" class=\"wp-image-702738 size-large\" src=\"https:\/\/www.diarioimagen.net\/wp-content\/uploads\/2026\/01\/UAEM-1-10-405x270.jpg\" alt=\"\" width=\"405\" height=\"270\" srcset=\"https:\/\/www.diarioimagen.net\/wp-content\/uploads\/2026\/01\/UAEM-1-10-405x270.jpg 405w, https:\/\/www.diarioimagen.net\/wp-content\/uploads\/2026\/01\/UAEM-1-10-240x160.jpg 240w, https:\/\/www.diarioimagen.net\/wp-content\/uploads\/2026\/01\/UAEM-1-10-768x512.jpg 768w, https:\/\/www.diarioimagen.net\/wp-content\/uploads\/2026\/01\/UAEM-1-10-1536x1023.jpg 1536w, https:\/\/www.diarioimagen.net\/wp-content\/uploads\/2026\/01\/UAEM-1-10-2048x1364.jpg 2048w\" sizes=\"auto, (max-width: 405px) 100vw, 405px\" \/><p id=\"caption-attachment-702738\" class=\"wp-caption-text\">Marta Citlali Alejandro Campos represent\u00f3 a m\u00e1s de 2 500 j\u00f3venes del pa\u00eds en la Conferencia de las Naciones Unidas sobre el Cambio Clim\u00e1tico, celebrada en Brasil, donde present\u00f3 propuestas juveniles frente a la crisis clim\u00e1tica.<\/p><\/div>\n<p>&nbsp;<\/p>\n<p>&nbsp;<\/p>\n<p>Toluca, M\u00e9x.- Marta Citlali Alejandro Campos, egresada de la Facultad de Econom\u00eda de la Universidad Aut\u00f3noma del Estado de M\u00e9xico (UAEM\u00e9x), particip\u00f3 como representante de las juventudes mexicanas en la Conferencia de las Naciones Unidas sobre el Cambio Clim\u00e1tico (COP 30), celebrada en Bel\u00e9m do Par\u00e1, Brasil.<\/p>\n<p>La Conferencia de las Partes (COP, por sus siglas en ingl\u00e9s) es el principal foro internacional sobre cambio clim\u00e1tico, en el que participan m\u00e1s de 193 pa\u00edses integrantes de la Convenci\u00f3n Marco de las Naciones Unidas sobre el Cambio Clim\u00e1tico. En este espacio se debaten estrategias, compromisos y acciones frente a la crisis clim\u00e1tica y los desaf\u00edos socioambientales globales.<\/p>\n<p>Como representante juvenil de la Local Conference of Youth (LCOY) M\u00e9xico 2025, Alejandro Campos explic\u00f3 que su labor dentro de la COP 30 consisti\u00f3 en visibilizar las problem\u00e1ticas y propuestas de soluci\u00f3n de m\u00e1s de 2 500 j\u00f3venes mexicanas y mexicanos ante la actual policrisis clim\u00e1tica.<\/p>\n<p>\u201cEs fundamental que las juventudes participemos desde edades tempranas en este tipo de conferencias internacionales, ya que nuestra voz aporta propuestas innovadoras frente al cambio clim\u00e1tico e invita a las personas negociadoras a replantear las formas de entender el mundo y construir un futuro digno\u201d, se\u00f1al\u00f3.<\/p>\n<p>En este contexto, la participaci\u00f3n de la universitaria incluy\u00f3 la presentaci\u00f3n de la declaratoria y el posicionamiento de las juventudes mexicanas en materia de cambio clim\u00e1tico, destacando el papel clave que desempe\u00f1an frente a las decisiones y acciones que adoptan los gobiernos.<\/p>\n<p>Asimismo, subray\u00f3 la falta de una representaci\u00f3n juvenil efectiva en los espacios internacionales y regionales, que permita incidir de manera directa en la toma de decisiones relacionadas con la crisis clim\u00e1tica. \u201cExiste una carencia de representatividad real de las juventudes en estos espacios\u201d, puntualiz\u00f3.<\/p>\n<p>Durante la conferencia tambi\u00e9n se presentaron las Contribuciones Determinadas a Nivel Nacional (NDC, por sus siglas en ingl\u00e9s) de M\u00e9xico, elaboradas en conjunto con la Secretar\u00eda de Medio Ambiente y Recursos Naturales (Semarnat). Dicho documento incorpor\u00f3 de manera transversal las aportaciones de las juventudes a trav\u00e9s de la LCOY M\u00e9xico, con el objetivo de cumplir la meta de limitar el aumento de la temperatura global a 1.5 grados cent\u00edgrados, establecida en el Acuerdo de Par\u00eds, lo que marc\u00f3 un hito a nivel nacional.<\/p>\n<p>Finalmente, Marta Citlali Alejandro Campos exhort\u00f3 a la comunidad universitaria a involucrarse de forma colectiva en estos espacios de participaci\u00f3n e hizo un llamado a las instituciones \u2014especialmente a las universidades\u2014 para visibilizar y respaldar a su estudiantado que forma parte de estas iniciativas, pese a los m\u00faltiples retos que enfrentan, ya que su participaci\u00f3n tambi\u00e9n contribuye al fortalecimiento y proyecci\u00f3n de la UAEM\u00e9x.<\/p>\n<p>&nbsp;<\/p>\n","protected":false},"excerpt":{"rendered":"<p>&nbsp; \u00a0 Marta Citlali Alejandro Campos explic\u00f3 que su labor dentro de la COP 30 consisti\u00f3 en visibilizar las problem\u00e1ticas y propuestas de soluci\u00f3n de m\u00e1s de 2 500 j\u00f3venes mexicanas y mexicanos ante la actual policrisis clim\u00e1tica \u00a0 &nbsp; &nbsp; Toluca, M\u00e9x.- Marta Citlali Alejandro Campos, egresada de la Facultad de Econom\u00eda de la [&hellip;]<\/p>\n","protected":false},"author":14,"featured_media":702738,"comment_status":"open","ping_status":"open","sticky":false,"template":"","format":"standard","meta":{"_monsterinsights_skip_tracking":false,"_monsterinsights_sitenote_active":false,"_monsterinsights_sitenote_note":"","_monsterinsights_sitenote_category":0,"footnotes":""},"categories":[16,5],"tags":[],"class_list":["post-702737","post","type-post","status-publish","format-standard","has-post-thumbnail","hentry","category-destacadas","category-estado-de-mexico"],"_links":{"self":[{"href":"https:\/\/www.diarioimagen.net\/index.php?rest_route=\/wp\/v2\/posts\/702737","targetHints":{"allow":["GET"]}}],"collection":[{"href":"https:\/\/www.diarioimagen.net\/index.php?rest_route=\/wp\/v2\/posts"}],"about":[{"href":"https:\/\/www.diarioimagen.net\/index.php?rest_route=\/wp\/v2\/types\/post"}],"author":[{"embeddable":true,"href":"https:\/\/www.diarioimagen.net\/index.php?rest_route=\/wp\/v2\/users\/14"}],"replies":[{"embeddable":true,"href":"https:\/\/www.diarioimagen.net\/index.php?rest_route=%2Fwp%2Fv2%2Fcomments&post=702737"}],"version-history":[{"count":1,"href":"https:\/\/www.diarioimagen.net\/index.php?rest_route=\/wp\/v2\/posts\/702737\/revisions"}],"predecessor-version":[{"id":702739,"href":"https:\/\/www.diarioimagen.net\/index.php?rest_route=\/wp\/v2\/posts\/702737\/revisions\/702739"}],"wp:featuredmedia":[{"embeddable":true,"href":"https:\/\/www.diarioimagen.net\/index.php?rest_route=\/wp\/v2\/media\/702738"}],"wp:attachment":[{"href":"https:\/\/www.diarioimagen.net\/index.php?rest_route=%2Fwp%2Fv2%2Fmedia&parent=702737"}],"wp:term":[{"taxonomy":"category","embeddable":true,"href":"https:\/\/www.diarioimagen.net\/index.php?rest_route=%2Fwp%2Fv2%2Fcategories&post=702737"},{"taxonomy":"post_tag","embeddable":true,"href":"https:\/\/www.diarioimagen.net\/index.php?rest_route=%2Fwp%2Fv2%2Ftags&post=702737"}],"curies":[{"name":"wp","href":"https:\/\/api.w.org\/{rel}","templated":true}]}}