{"id":702740,"date":"2026-01-19T19:44:30","date_gmt":"2026-01-20T01:44:30","guid":{"rendered":"https:\/\/www.diarioimagen.net\/?p=702740"},"modified":"2026-01-19T19:44:30","modified_gmt":"2026-01-20T01:44:30","slug":"amenazas-promesas-y-dinero-mucho-dinero-para-aprobar-la-reforma-electoral","status":"publish","type":"post","link":"https:\/\/www.diarioimagen.net\/?p=702740","title":{"rendered":"Amenazas, promesas y dinero, mucho  dinero para aprobar la reforma electoral"},"content":{"rendered":"<p><strong>\u00a0<\/strong><\/p>\n<p><strong>TRAS LA PUERTA DEL PODER <\/strong><strong>Roberto Vizca\u00edno<\/strong><\/p>\n<p>&nbsp;<\/p>\n<p><strong>\u00a0<\/strong><\/p>\n<p><strong>\u00a0<\/strong><\/p>\n<p>&nbsp;<\/p>\n<p>&nbsp;<\/p>\n<p>El fin de semana fue tiempo de encuentros y negociaciones en lo oscurito. Amparados por el muy movido y medi\u00e1tico foco de temas internacionales y por la sorpresiva advertencia del gobierno de\u00a0<strong>Donald Trump<\/strong>\u00a0a sus l\u00edneas a\u00e9reas ante inesperadas operaciones militares en gran parte de M\u00e9xico y por el reforzamiento del reclamo -arancelario e incluso militar- del mandatario de EU a sus socios europeos que se le oponen a la anexi\u00f3n de Groenlandia, los l\u00edderes, coordinadores parlamentarios y altos funcionarios del gobierno de la presidenta\u00a0<strong>Claudia Sheinbaum<\/strong>\u00a0buscaron y conversaron con los no m\u00e1s de 5 dirigentes del PT y Verde en un intento de convencerlos para dejar atr\u00e1s su oposici\u00f3n y \u00a0parar sus cr\u00edticas a la \u201cley Maduro\u201d y dar su voto en el Senado y San L\u00e1zaro a la reforma electoral de\u00a0<strong>Andr\u00e9s Manuel L\u00f3pez Obrador<\/strong>, y que es ahora retomado e impulsado con todo por su heredera la mandataria mexicana.<\/p>\n<p>De acuerdo a esta agenda urgente y muy, muy discreta, totalmente en lo oscurito, la secretaria de Gobernaci\u00f3n,\u00a0<strong>Rosa Icela Rodr\u00edguez<\/strong>; el subsecretario\u00a0<strong>C\u00e9sar Y\u00e1\u00f1ez<\/strong>;\u00a0<strong>Ricardo Monreal<\/strong>\u00a0y\u00a0<strong>Ad\u00e1n Augusto L\u00f3pez<\/strong>, l\u00edderes del oficialismo en el Congreso y\u00a0<strong>L\u00e1zaro C\u00e1rdenas<\/strong>, asesor central de la mandataria, y otros de ese grupo cercanos a la Presidenta, se habr\u00edan reunido o conversado, directa o v\u00eda amigos comunes, con\u00a0<strong>Jorge Emilio Gonz\u00e1lez<\/strong>\u00a0y\u00a0<strong>Manuel Velasco<\/strong>\u00a0-y algunos de su grupo como\u00a0<strong>Carlos Puente<\/strong>\u00a0y\u00a0<strong>Arturo Escobar<\/strong>&#8211; del Partido Verde, as\u00ed como con\u00a0<strong>Alberto Anaya<\/strong>\u00a0y su c\u00edrculo cercano, como el coordinador de diputados petistas\u00a0<strong>Reginaldo Sandoval<\/strong>\u00a0y\u00a0<strong>Alejandro Y\u00e1\u00f1ez Gonz\u00e1lez del PT.<\/strong><\/p>\n<p>El punto esencial de estos encuentros lo se\u00f1al\u00f3 el zacatecano\u00a0<strong>Monreal<\/strong>, quien advirti\u00f3 a la presidenta\u00a0<strong>Sheinbaum<\/strong>\u00a0y resto de los suyos, al indicar que sin los votos de senadores y diputados de PT y Verde la iniciativa de Reforma Electoral iba directo al rechazo.<\/p>\n<p>Todo se reduce a n\u00fameros de legisladores y los porcentajes de sus bancadas y los requerimientos constitucionales de obtener al menos las dos terceras partes\u00a0 de senadores y diputados para aprobar la reforma electoral.<\/p>\n<p>Hoy, los coordinadores de Morena en Senado y Diputados requieren de los votos de sus socios del PT y Verde.<\/p>\n<p>En el Senado, Morena tiene 67 legisladores, Verde, 14 y PT 6 para sumar 87, mientras que PAN cuenta con 21, PRI con 13 y MC con 6 para sumar 40.<\/p>\n<p>La aprobaci\u00f3n de la \u201cley Maduro\u201d requiere de 86 votos y si PT o Verde se oponen, no pasa.<\/p>\n<p>En San L\u00e1zaro, Morena tiene 253 diputados, Verde, 62 y PT, 49, en total 364 legisladores, y requieren 335 votos para aprobar la electoral. Igual que en Senado, si PT o Verde o ambos no la aprueban, no pasa.<\/p>\n<p>Por lo que han dicho sus l\u00edderes en\u00a0 las 2 c\u00e1maras ni PT ni Verde aprobar\u00edan esta reforma que desde que fue propuesta por AMLO en el Plan \u201cA\u201d tiene la intenci\u00f3n de anular los pluris, disminuir a un tercio los presupuestos a partidos y desaparecer al INE y al Tribunal Electoral.<\/p>\n<p>Los dos primeros puntos significar\u00edan la desaparici\u00f3n de PT y Verde. Por eso se oponen.<\/p>\n<p>A fines de la semana, el senador Luis Melgar, del PV, dijo:<\/p>\n<p>\u201cNo nos han tomado en cuenta en la elaboraci\u00f3n de esta iniciativa\u2026 y la verdad es que nosotros en el Verde no vemos que beneficio tendr\u00eda\u2026 no ayudar\u00eda a la democracia en M\u00e9xico\u2026<\/p>\n<p>\u201cMorena gan\u00f3 con las actuales reglas en 2018 y 2024, \u00bfpor qu\u00e9 quieren cambiarlas? \u00bfpara mejorar qu\u00e9? No vemos en d\u00f3nde van a mejorar\u201d, subray\u00f3.<\/p>\n<p>Pero quien de plano le dio la puntilla a este proyecto de reforma electoral de AMLO, o \u201cley Maduro\u201d fue el coordinador de los diputados del PT,\u00a0<strong>Reginaldo Sandoval<\/strong>, qui\u00e9n reflexion\u00f3:<\/p>\n<p>\u201cPara que se entienda: nosotros (Morena, PT y Verde) estamos ahorita en el poder. Tenemos el Poder Ejecutivo, el Poder Legislativo y ganamos por la v\u00eda electoral el Poder Judicial\u2026 \u00bfpara qu\u00e9 queremos esta reforma? \u00bfhabr\u00e1 realmente necesidad de una reforma electoral si con lo que tenemos, tenemos los tres poderes?\u201d, cuestion\u00f3 en una conferencia de prensa.<\/p>\n<p>Y es ah\u00ed donde la \u2018negociaci\u00f3n\u2019 del fin de semana gir\u00f3 entre las amenazas a los l\u00edderes del Verde y PT, para llegar a las promesas de obtener gubernaturas (como las de Quintana Roo, San Luis Potos\u00ed, Nuevo Le\u00f3n o Baja California) y otras concesiones y donde se habl\u00f3 de grandes bolsas de dinero, muy-muy grandes, dicen quienes saben de eso.<\/p>\n<p>A\u00a0<strong>Claudia<\/strong>\u00a0y a\u00a0<strong>AMLO<\/strong>\u00a0les urge se apruebe en el periodo ordinario de febrero-abril de este 2026 o en un extraordinario en mayo a fin de que la nueva reforma electoral opere en las elecciones de junio de 2027, pero muy especialmente para las presidenciales de 2030.<\/p>\n<p>Los due\u00f1os del Verde y PT saben que conforme se cierren los tiempos se eleva el costo que pueden lograr en esta negociaci\u00f3n.<\/p>\n<p>A eso juegan, mientras que esa reforma ser\u00eda esencialmente la puntilla definitiva para acabar con la democracia mexicana, el fin de las libertades, y la consolidaci\u00f3n de la anulaci\u00f3n del Estado de Derecho, para entrar de lleno en una dictadura similar a la chavista y de Nicol\u00e1s Maduro en Venezuela. Entrar\u00edamos directo a una\u00a0<strong><em>Rep\u00fablica simulada<\/em><\/strong>, donde ciertamente existen 3 poderes pero todos -como lo advirti\u00f3 crudamente el petista\u00a0<strong>Reginaldo Sandoval<\/strong>&#8211; bajo un solo mando.<\/p>\n<p>&nbsp;<\/p>\n<p>&nbsp;<\/p>\n<p>Twitter: @_Vizcaino \/ Facebook<\/p>\n<p>\/\u00a0<a href=\"https:\/\/www.facebook.com\/rvizcainoa%20\/\">https:\/\/www.facebook.com\/rvizcainoa \/<\/a><\/p>\n<p>e-mail:\u00a0<a href=\"mailto:rvizcainoa@gmail.com\">rvizcainoa@gmail.com<\/a><\/p>\n<p>&nbsp;<\/p>\n<p>&nbsp;<\/p>\n","protected":false},"excerpt":{"rendered":"<p>\u00a0 TRAS LA PUERTA DEL PODER Roberto Vizca\u00edno &nbsp; \u00a0 \u00a0 &nbsp; &nbsp; El fin de semana fue tiempo de encuentros y negociaciones en lo oscurito. Amparados por el muy movido y medi\u00e1tico foco de temas internacionales y por la sorpresiva advertencia del gobierno de\u00a0Donald Trump\u00a0a sus l\u00edneas a\u00e9reas ante inesperadas operaciones militares en gran [&hellip;]<\/p>\n","protected":false},"author":14,"featured_media":0,"comment_status":"open","ping_status":"open","sticky":false,"template":"","format":"standard","meta":{"_monsterinsights_skip_tracking":false,"_monsterinsights_sitenote_active":false,"_monsterinsights_sitenote_note":"","_monsterinsights_sitenote_category":0,"footnotes":""},"categories":[4,136],"tags":[],"class_list":["post-702740","post","type-post","status-publish","format-standard","hentry","category-opinion","category-roberto-vizcaino-opinion"],"_links":{"self":[{"href":"https:\/\/www.diarioimagen.net\/index.php?rest_route=\/wp\/v2\/posts\/702740","targetHints":{"allow":["GET"]}}],"collection":[{"href":"https:\/\/www.diarioimagen.net\/index.php?rest_route=\/wp\/v2\/posts"}],"about":[{"href":"https:\/\/www.diarioimagen.net\/index.php?rest_route=\/wp\/v2\/types\/post"}],"author":[{"embeddable":true,"href":"https:\/\/www.diarioimagen.net\/index.php?rest_route=\/wp\/v2\/users\/14"}],"replies":[{"embeddable":true,"href":"https:\/\/www.diarioimagen.net\/index.php?rest_route=%2Fwp%2Fv2%2Fcomments&post=702740"}],"version-history":[{"count":1,"href":"https:\/\/www.diarioimagen.net\/index.php?rest_route=\/wp\/v2\/posts\/702740\/revisions"}],"predecessor-version":[{"id":702741,"href":"https:\/\/www.diarioimagen.net\/index.php?rest_route=\/wp\/v2\/posts\/702740\/revisions\/702741"}],"wp:attachment":[{"href":"https:\/\/www.diarioimagen.net\/index.php?rest_route=%2Fwp%2Fv2%2Fmedia&parent=702740"}],"wp:term":[{"taxonomy":"category","embeddable":true,"href":"https:\/\/www.diarioimagen.net\/index.php?rest_route=%2Fwp%2Fv2%2Fcategories&post=702740"},{"taxonomy":"post_tag","embeddable":true,"href":"https:\/\/www.diarioimagen.net\/index.php?rest_route=%2Fwp%2Fv2%2Ftags&post=702740"}],"curies":[{"name":"wp","href":"https:\/\/api.w.org\/{rel}","templated":true}]}}