{"id":702742,"date":"2026-01-19T19:45:39","date_gmt":"2026-01-20T01:45:39","guid":{"rendered":"https:\/\/www.diarioimagen.net\/?p=702742"},"modified":"2026-01-19T19:45:39","modified_gmt":"2026-01-20T01:45:39","slug":"otra-reforma-electoral-2","status":"publish","type":"post","link":"https:\/\/www.diarioimagen.net\/?p=702742","title":{"rendered":"Otra reforma electoral"},"content":{"rendered":"<p><strong>DE FRENTE Y DE PERFIL <\/strong>Ram\u00f3n Zurita Sahag\u00fan<\/p>\n<p>&nbsp;<\/p>\n<p>Casi cincuenta a\u00f1os despu\u00e9s de la \u00e9pica reforma electoral, conocida como la LOPPE, que permiti\u00f3 a M\u00e9xico avanzar en la democracia, se prepara la en\u00e9sima reforma, para ajustarla al capricho del partido gobernante.<\/p>\n<p>En aquella \u00e9poca (1979) se conform\u00f3 la primera legislatura en la C\u00e1mara de Diputados con la inclusi\u00f3n de nuevos partidos bajo el marco de la LOPPE.<\/p>\n<p>La nueva conformaci\u00f3n de partidos pol\u00edticos permiti\u00f3 la fundaci\u00f3n de otros partidos de derecha e izquierda y dio la oportunidad a los electores mexicanos a seleccionar de una gran gama de opciones.<\/p>\n<p>Ah\u00ed nacieron los candidatos plurinominales con los que los partidos peque\u00f1os, sin gran militancia, pero con seguidores pudieron participar en la confecci\u00f3n de nuevas leyes.<\/p>\n<p>Dos sexenios despu\u00e9s, otra reforma electoral dio origen a la creaci\u00f3n del Instituto Federal Electoral y el siguiente gobierno decidi\u00f3 ciudadanizar los \u00f3rganos electorales, lo que permiti\u00f3 m\u00e1s adelante la alternancia de siglas en los gobiernos subsecuentes.<\/p>\n<p>Hasta ah\u00ed los organismos electorales eran respetados y se compon\u00edan de personajes propuestos por los partidos pol\u00edticos, donde llevaban mano los tres partidos con mayor clientela electoral.<\/p>\n<p>Eso permiti\u00f3 cada seis a\u00f1os el nacimiento de nuevos partidos pol\u00edticos, los que, regularmente, ten\u00edan vida ef\u00edmera.<\/p>\n<p>Sin embargo, en 2014 se dio el registro a un nuevo partido pol\u00edtico que se consolid\u00f3 en solamente cuatro a\u00f1os, ganando la Presidencia de la Rep\u00fablica y refrend\u00e1ndola seis a\u00f1os m\u00e1s adelante.<\/p>\n<p>Hasta entonces (2015), la democracia mexicana marchaba de la mano con los partidos existentes, pero los gobernantes surgidos de Morena decidieron dar un giro inesperado, contando con la copiosa votaci\u00f3n que les fue otorgada en los comicios.<\/p>\n<p>Se procedi\u00f3 a generar una serie de reformas constitucionales que no fueron del agrado de los otros participantes pol\u00edticos.<\/p>\n<p>Ahora, ese mismo partido, Movimiento de Regeneraci\u00f3n Nacional, plantea una reforma electoral que no es del agrado, ni siquiera de sus aliados.<\/p>\n<p>Desde\u00f1osos como son, los altos mandos de Morena buscan el reajuste de la actual distribuci\u00f3n de los distritos electorales y recortar el n\u00famero de legisladores, 100 de la C\u00e1mara de Diputados y 32 del Senado de la Rep\u00fablica, para ajustar en 400 el n\u00famero de diputados y 96 los senadores.<\/p>\n<p>En ambos casos los eliminados ser\u00edan una parte de los llamados plurinominales.<\/p>\n<p>Durante a\u00f1os los plurinominales eran el refugio de los partidos peque\u00f1os que aseguraban de esa forma una representatividad en el Congreso de la Uni\u00f3n, por ah\u00ed pasaron muchos de los actuales liderazgos pol\u00edticos, incluidos del partido gobernante.<\/p>\n<p>La reducci\u00f3n del presupuesto a los partidos es otra condicionante.<\/p>\n<p>Una de las propuestas principales de esta reforma es reducir al INE en su m\u00ednima expresi\u00f3n y hasta sujetarlo a los mandamientos del grupo gobernante, tal y como sucede en la actualidad con los poderes de la Uni\u00f3n.<\/p>\n<p>Todo marcha sobre ruedas para Morena, salvo por una situaci\u00f3n, requiere de las dos terceras partes de legisladores para su aprobaci\u00f3n y les urge el respaldo de sus aliados del Verde y Partido del Trabajo, los que se muestran reacios, ya que de aprobarse ver\u00edan mermados sus presupuestos, pero adem\u00e1s de ello reducido el n\u00famero de legisladores.<\/p>\n<p>Ambos partidos, Verde y PT, ponen sus condiciones para apoyar a Morena, por lo que ser\u00e1 en los pr\u00f3ximos d\u00edas cuando se defina como queda la correlaci\u00f3n de fuerzas.<\/p>\n<p>*************<\/p>\n<p>Un buen evento partidista se realiz\u00f3 en Durango, donde el gobernador Esteban Villegas, refrend\u00f3 ante el dirigente nacional del PRI, Alejandro Moreno, su militancia en el partido.<\/p>\n<p><a href=\"mailto:ramonzurita44@hotmail.com\">ramonzurita44@hotmail.com<\/a><\/p>\n<p><a href=\"mailto:ramonzurita44@gmail.com\">ramonzurita44@gmail.com<\/a><\/p>\n","protected":false},"excerpt":{"rendered":"<p>DE FRENTE Y DE PERFIL Ram\u00f3n Zurita Sahag\u00fan &nbsp; Casi cincuenta a\u00f1os despu\u00e9s de la \u00e9pica reforma electoral, conocida como la LOPPE, que permiti\u00f3 a M\u00e9xico avanzar en la democracia, se prepara la en\u00e9sima reforma, para ajustarla al capricho del partido gobernante. En aquella \u00e9poca (1979) se conform\u00f3 la primera legislatura en la C\u00e1mara de [&hellip;]<\/p>\n","protected":false},"author":14,"featured_media":0,"comment_status":"open","ping_status":"open","sticky":false,"template":"","format":"standard","meta":{"_monsterinsights_skip_tracking":false,"_monsterinsights_sitenote_active":false,"_monsterinsights_sitenote_note":"","_monsterinsights_sitenote_category":0,"footnotes":""},"categories":[4,234],"tags":[],"class_list":["post-702742","post","type-post","status-publish","format-standard","hentry","category-opinion","category-ramon-zurita-sahagun"],"_links":{"self":[{"href":"https:\/\/www.diarioimagen.net\/index.php?rest_route=\/wp\/v2\/posts\/702742","targetHints":{"allow":["GET"]}}],"collection":[{"href":"https:\/\/www.diarioimagen.net\/index.php?rest_route=\/wp\/v2\/posts"}],"about":[{"href":"https:\/\/www.diarioimagen.net\/index.php?rest_route=\/wp\/v2\/types\/post"}],"author":[{"embeddable":true,"href":"https:\/\/www.diarioimagen.net\/index.php?rest_route=\/wp\/v2\/users\/14"}],"replies":[{"embeddable":true,"href":"https:\/\/www.diarioimagen.net\/index.php?rest_route=%2Fwp%2Fv2%2Fcomments&post=702742"}],"version-history":[{"count":1,"href":"https:\/\/www.diarioimagen.net\/index.php?rest_route=\/wp\/v2\/posts\/702742\/revisions"}],"predecessor-version":[{"id":702743,"href":"https:\/\/www.diarioimagen.net\/index.php?rest_route=\/wp\/v2\/posts\/702742\/revisions\/702743"}],"wp:attachment":[{"href":"https:\/\/www.diarioimagen.net\/index.php?rest_route=%2Fwp%2Fv2%2Fmedia&parent=702742"}],"wp:term":[{"taxonomy":"category","embeddable":true,"href":"https:\/\/www.diarioimagen.net\/index.php?rest_route=%2Fwp%2Fv2%2Fcategories&post=702742"},{"taxonomy":"post_tag","embeddable":true,"href":"https:\/\/www.diarioimagen.net\/index.php?rest_route=%2Fwp%2Fv2%2Ftags&post=702742"}],"curies":[{"name":"wp","href":"https:\/\/api.w.org\/{rel}","templated":true}]}}