{"id":702744,"date":"2026-01-19T20:21:59","date_gmt":"2026-01-20T02:21:59","guid":{"rendered":"https:\/\/www.diarioimagen.net\/?p=702744"},"modified":"2026-01-19T20:21:59","modified_gmt":"2026-01-20T02:21:59","slug":"libres-de-culpa-los-proveedores-de-malos-materiales-para-el-tren-interoceanico","status":"publish","type":"post","link":"https:\/\/www.diarioimagen.net\/?p=702744","title":{"rendered":"Libres de culpa, los proveedores de malos materiales para el Tren Interoce\u00e1nico"},"content":{"rendered":"<p><strong>CLASE\u00a0 POLITICA <\/strong>Miguel \u00c1ngel Rivera<\/p>\n<p><strong>\u00a0<\/strong><\/p>\n<p>&nbsp;<\/p>\n<p><strong>\u00a0<\/strong><\/p>\n<p>&nbsp;<\/p>\n<p>&nbsp;<\/p>\n<p>Para quienes gustan de apostar, hay una recomendaci\u00f3n para un triunfo casi seguro: el dictamen acerca del accidente en el Tren Interoce\u00e1nico ocurrido el pasado 28 de diciembre har\u00e1 recaer toda responsabilidad en el personal que lo conduc\u00eda, sin llegar a nadie m\u00e1s involucrado en la construcci\u00f3n de la v\u00eda f\u00e9rrea.<\/p>\n<p>Esta posibilidad de hacer apuestas surge a ra\u00edz del anuncio de la presidenta (con A) Claudia Sheinbaum Pardo de que es seguro que esta misma semana\u00a0la Fiscal\u00eda General de la Rep\u00fablica (FGR) podr\u00eda presentar el primer dictamen del descarrilamiento del Tren Interoce\u00e1nico, en Oaxaca.<\/p>\n<p>Esta promesa est\u00e1 dentro de los par\u00e1metros de accidentes como el de Oaxaca, pero fuentes bien informadas indican que el dictamen final puede llevar mucho m\u00e1s tiempo.<\/p>\n<p>Sin embargo, la seguridad de que la responsabilidad recaer\u00e1 en el personal del convoy accidentado o en t\u00e9cnicos de menor nivel que participaron en el tendido o renovaci\u00f3n de la l\u00ednea se deduce de lo comentado por la presidenta Sheinbaum en su ma\u00f1anera.<\/p>\n<p>All\u00ed anticip\u00f3 que \u201cson los ingenieros que supervisaron el tren quienes tendr\u00edan una responsabilidad y habr\u00eda deslinde de responsabilidades\u201d.<\/p>\n<p>La suposici\u00f3n de que la culpa recaer\u00e1 en el personal que maneja el Interoce\u00e1nico se refuerza con los testimonios de algunos de los sobrevivientes, quienes comentaron poco despu\u00e9s del descarrilamiento que el tren circulaba a gran velocidad y que sintieron jaloneos y frenados bruscos antes del accidente.<\/p>\n<p>Interrogada acerca de la denuncia presentada por un grupo de panistas en contra de Gonzalo (Boby) L\u00f3pez Beltr\u00e1n, hijo del ex presidente Andr\u00e9s Manuel L\u00f3pez Obrador, quien tuvo un \u201cpapel honorario\u201d para la revisi\u00f3n de los tiempos de construcci\u00f3n del proyecto ferroviario, la jefa del Ejecutivo respondi\u00f3:<\/p>\n<p>\u201cQue se investigue todo, aqu\u00ed no se cubre a nadie; pero no necesitaban hacer una denuncia, porque por el accidente se abre una carpeta de investigaci\u00f3n y dependiendo de la causa evidentemente se revisa. Ahora, \u00e9l (L\u00f3pez Beltr\u00e1n) jug\u00f3 un papel honor\u00edfico en la revisi\u00f3n, m\u00e1s bien de los tiempos de construcci\u00f3n\u201d y precis\u00f3 que \u201cla supervisi\u00f3n t\u00e9cnica de construcci\u00f3n del tren estuvo a cargo de ingenieros\u201d.<\/p>\n<p>Insisti\u00f3 en que la funci\u00f3n de L\u00f3pez Beltr\u00e1n consisti\u00f3 en una \u201csupervisi\u00f3n honor\u00edfica\u201d relacionada con el que se cumplieran los tiempos y las revisiones.<\/p>\n<p>\u201cSi hay un asunto t\u00e9cnico relacionado con la v\u00eda, son los ingenieros que supervisaron el tren quienes tendr\u00edan una responsabilidad y habr\u00eda deslinde de responsabilidades. Pero todo debe investigarse. Es importante aclarar esto. Vamos a esperar para no adelantarnos: \u00bfcu\u00e1les fueron las razones del accidente? Y todo viene en la caja negra que va detectando velocidades, problemas que tuvo el tren, de ah\u00ed por lo que nos dice la fiscal ellos est\u00e1n obteniendo la informaci\u00f3n\u201d.<\/p>\n<p>A buen entendedor, pocas palabras.<\/p>\n<p>Los comentarios de la jefa del Ejecutivo se pueden interpretar, sin lugar a dudas, como una exoneraci\u00f3n anticipada de la funci\u00f3n de \u201cBoby\u201d en esa obra y los da\u00f1os derivados del descarrilamiento, en el cual murieron 14 personas y m\u00e1s de cien resultaron heridas.<\/p>\n<p>Esto significa que no se tomaron en cuenta las grabaciones dadas a conocer por el portal informativo\u00a0<strong><em>Latinus\u00a0<\/em><\/strong>conducido por el periodista Carlos Loret de Mola, las cuales ponen en evidencia actos de corrupci\u00f3n en la compra de materiales para la \u201crenovaci\u00f3n\u201d de la l\u00ednea Interoce\u00e1nica.<\/p>\n<p>Seg\u00fan esas grabaciones, que no han sido desmentidas, un amigo de los \u201cjuniors\u201d L\u00f3pez Beltr\u00e1n (\u201cAndy\u201d y \u201cBoby\u201d) llamado Am\u00edlcar Ol\u00e1n admite que pagaba sobornos para que los encargados de revisar la calidad del balasto o balastro que entregaba para las v\u00edas de los trenes Maya e Interoce\u00e1nico lo recibieran como de buena calidad.<\/p>\n<p>Peor fue la revelaci\u00f3n de las conversaciones de otro proveedor, que adem\u00e1s es pariente de los hijos de L\u00f3pez Obrador, su primo Pedro Salazar Beltr\u00e1n, pues sus palabras resultaron prof\u00e9ticas, pues en conversaci\u00f3n con el mencionado Am\u00edlcar Ol\u00e1n, en referencia a la mala calidad del balastro, advirti\u00f3 que si se descarrillara \u201ces otro pedo\u201d.<\/p>\n<p>Tales antecedentes no fueron tomados en cuenta para la investigaci\u00f3n realizada por la Fiscal\u00eda General de la Rep\u00fablica (FGR) a cargo de la incondicional colaboradora de la jefa del Ejecutivo, la ex fiscal de la Ciudad de M\u00e9xico y exconsejera jur\u00eddica de la Presidencia de la Rep\u00fablica.<\/p>\n<p>Esto qued\u00f3 en claro en la ma\u00f1anera de la presidenta Sheinbaum, quien no se manifest\u00f3 preocupada por las causas de la tragedia, sino en la reparaci\u00f3n de loa da\u00f1os (\u00bfCu\u00e1ndo vale la vida de una persona?).<\/p>\n<p>La mandataria afirm\u00f3 que con este primer dictamen ya viene la reparaci\u00f3n integral del da\u00f1o para todas las personas que iban en el tren y se va a empezar a citar a cada una de ellas.<\/p>\n<p>Tambi\u00e9n en Espa\u00f1a se registr\u00f3 un grave accidentes ferroviario. Dos trenes r\u00e1pidos chocaron, con saldo de 40 personas muertas y m\u00e1s de un centenar heridos.<\/p>\n<p>All\u00ed, el presidente de Gobierno, Pedro S\u00e1nchez, cancel\u00f3 su agenda oficial para dirigirse al lugar de los hechos, donde ofreci\u00f3 una rueda de prensa al lado de las autoridades locales.<\/p>\n<p>\u201cHoy es un d\u00eda de dolor para toda Espa\u00f1a, para todo nuestro pa\u00eds\u201d, expres\u00f3 el mandatario. \u201cNuestros pensamientos, si van dirigidos a alguien es a las v\u00edctimas, a sus familiares\u201d.<\/p>\n<p>Tambi\u00e9n, el mandatario espa\u00f1ol prometi\u00f3 \u201cllegar a la verdad\u201d sobre las causas del accidente y decret\u00f3 tres d\u00edas de luto.<\/p>\n<p>\u201cEncontraremos la respuesta, y cuando se sepa, con absoluta transparencia y claridad, informaremos al p\u00fablico\u201d, dijo S\u00e1nchez en una conferencia de prensa en Adamuz, cerca del lugar de la colisi\u00f3n.<\/p>\n<p>S\u00e1nchez -quien cancel\u00f3 su viaje al Foro Econ\u00f3mico Mundial en Davos, donde ten\u00eda previsto mantener una reuni\u00f3n con el presidente de los Estados Unidos, Donald Trump- a\u00f1adi\u00f3 que el gobierno de Espa\u00f1a proteger\u00eda y asistir\u00eda a las v\u00edctimas del tren \u201ctodo el tiempo que sea necesario\u201d.<\/p>\n<p>&nbsp;<\/p>\n<p>&nbsp;<\/p>\n<p><strong>El desabasto de medicinas, sin soluci\u00f3n<\/strong><\/p>\n<p>&nbsp;<\/p>\n<p>Mientras tanto, el gobierno federal cotntin\u00faa enfrentando las cr\u00edticas de la oposici\u00f3n porque a pesar de varios intentos, no logra cumplir su promesa de un sistema de salud eficiente y de alcance para todos.<\/p>\n<p>Uno de esos ensayos consiste en la creaci\u00f3n de una credencial \u00fanica de la salud, pero que eso no asegura una adecuada atenci\u00f3n m\u00e9dica.<\/p>\n<p>Al respecto, el coordiandor de la bancada del PRI en el Senado, Manuel A\u00f1orve Ba\u00f1os, advirti\u00f3 que el problema de fondo es la falta de regularizaci\u00f3n del abasto de medicamentos y el aprovisionamiento de insumos para cl\u00ednicas y hospitales p\u00fablicos.<\/p>\n<p>El priista calific\u00f3 las creaci\u00f3n de esa credencial como una ocurrencia m\u00e1s y reprob\u00f3 la puesta en marcha de un nuevo programa denominado Expediente Cl\u00ednico, cuyo prop\u00f3sito es que a trav\u00e9s de la llamada Credencial de la Salud, los mexicanos puedan acudir a atenderse en cualquier unidad m\u00e9dica del sector salud sin importar si son o no derechohabientes.<\/p>\n<p>\u201cEs urgente que Morena y sus funcionarios se dejen de improvisaciones y ocurrencias y paren de jugar con la salud de las y los mexicanos\u201d, manifest\u00f3 A\u00f1orve al exigir a las autoridades dejar de enga\u00f1ar al pueblo con soluciones m\u00e1gicas y ocurrencias destinadas al fracaso.<\/p>\n<p>El senador asegur\u00f3 que el gobierno de la Cuarta Transformaci\u00f3n parece no tener remedio y no atina a resolver el problema de salud que le hered\u00f3 la administraci\u00f3n de Andr\u00e9s Manuel L\u00f3pez Obrador.<\/p>\n<p>\u201cHa quedado demostrado las autoridades de Salud del gobierno morenista, improvisan una y otra vez, proponen solo ocurrencias y enga\u00f1an con discursos falsos y programas destinados al fracaso y un gasto innecesario para intentar mejorar los servicios m\u00e9dicos\u201d, recalc\u00f3 el priista.<\/p>\n<p>En tanto, el PAN mantuvo sus cr\u00edticas por la falta de medicamentos, calific\u00e1ndola de negligencia criminal y tragedia humana, se\u00f1alando 7 a\u00f1os de desabasto y un rezago grave en la atenci\u00f3n a pacientes.<\/p>\n<p>Para solucionar este problema la dirigencia del partido azul propone crear lo que denomina \u00abLey Reembolso\u00bb, por la cual el gobierno se responsabilice de pagar a los afectados las medicinas que no se encuentran en las centros de salud oficiales.<\/p>\n<p>Esto, adem\u00e1s de que faltan equipos, como camas y quir\u00f3fanos, seg\u00fan denuncias recientes.<\/p>\n<p>Los panistas califican esa falta de medicamentos como \u201cnegligencia criminal\u201d, pues consideran que la escasez prolongada, con millones de recetas sin surtir, es una falta grave del gobierno actual.<\/p>\n<p>&nbsp;<\/p>\n<p>&nbsp;<\/p>\n<p>&nbsp;<\/p>\n<p>&nbsp;<\/p>\n","protected":false},"excerpt":{"rendered":"<p>CLASE\u00a0 POLITICA Miguel \u00c1ngel Rivera \u00a0 &nbsp; \u00a0 &nbsp; &nbsp; Para quienes gustan de apostar, hay una recomendaci\u00f3n para un triunfo casi seguro: el dictamen acerca del accidente en el Tren Interoce\u00e1nico ocurrido el pasado 28 de diciembre har\u00e1 recaer toda responsabilidad en el personal que lo conduc\u00eda, sin llegar a nadie m\u00e1s involucrado en [&hellip;]<\/p>\n","protected":false},"author":14,"featured_media":0,"comment_status":"open","ping_status":"open","sticky":false,"template":"","format":"standard","meta":{"_monsterinsights_skip_tracking":false,"_monsterinsights_sitenote_active":false,"_monsterinsights_sitenote_note":"","_monsterinsights_sitenote_category":0,"footnotes":""},"categories":[84119,4],"tags":[],"class_list":["post-702744","post","type-post","status-publish","format-standard","hentry","category-miguel-angel-rivera","category-opinion"],"_links":{"self":[{"href":"https:\/\/www.diarioimagen.net\/index.php?rest_route=\/wp\/v2\/posts\/702744","targetHints":{"allow":["GET"]}}],"collection":[{"href":"https:\/\/www.diarioimagen.net\/index.php?rest_route=\/wp\/v2\/posts"}],"about":[{"href":"https:\/\/www.diarioimagen.net\/index.php?rest_route=\/wp\/v2\/types\/post"}],"author":[{"embeddable":true,"href":"https:\/\/www.diarioimagen.net\/index.php?rest_route=\/wp\/v2\/users\/14"}],"replies":[{"embeddable":true,"href":"https:\/\/www.diarioimagen.net\/index.php?rest_route=%2Fwp%2Fv2%2Fcomments&post=702744"}],"version-history":[{"count":1,"href":"https:\/\/www.diarioimagen.net\/index.php?rest_route=\/wp\/v2\/posts\/702744\/revisions"}],"predecessor-version":[{"id":702745,"href":"https:\/\/www.diarioimagen.net\/index.php?rest_route=\/wp\/v2\/posts\/702744\/revisions\/702745"}],"wp:attachment":[{"href":"https:\/\/www.diarioimagen.net\/index.php?rest_route=%2Fwp%2Fv2%2Fmedia&parent=702744"}],"wp:term":[{"taxonomy":"category","embeddable":true,"href":"https:\/\/www.diarioimagen.net\/index.php?rest_route=%2Fwp%2Fv2%2Fcategories&post=702744"},{"taxonomy":"post_tag","embeddable":true,"href":"https:\/\/www.diarioimagen.net\/index.php?rest_route=%2Fwp%2Fv2%2Ftags&post=702744"}],"curies":[{"name":"wp","href":"https:\/\/api.w.org\/{rel}","templated":true}]}}