{"id":702845,"date":"2026-01-20T20:07:08","date_gmt":"2026-01-21T02:07:08","guid":{"rendered":"https:\/\/www.diarioimagen.net\/?p=702845"},"modified":"2026-01-20T20:07:08","modified_gmt":"2026-01-21T02:07:08","slug":"la-uma-nacio-para-ayudar-a-los-trabajadores-ahora-afecta-a-jubilados","status":"publish","type":"post","link":"https:\/\/www.diarioimagen.net\/?p=702845","title":{"rendered":"La UMA naci\u00f3 para ayudar a los trabajadores; ahora afecta a jubilados"},"content":{"rendered":"<p>&nbsp;<\/p>\n<p>&nbsp;<\/p>\n<p><strong>CLASE POLITICA\u00a0<\/strong> Miguel \u00c1ngel Rivera<\/p>\n<p>&nbsp;<\/p>\n<p>En un proceso poco com\u00fan en el Congreso de M\u00e9xico, el 27 de abril de 2016, diputados de casi todos los partidos pol\u00edticos con registro oficial en ese momento, presentaron la iniciativa para determinar el valor de la denominada Unidad de Medida y Actualizaci\u00f3n, popularmente conocida como UMA, con la finalidad de disminuir para los ciudadanos la carga que representaba el pago de derechos del gobierno federal y multas sobre la base del salario m\u00ednimo.<br \/>\nEl resultado fue un beneficio general, pero diez a\u00f1os despu\u00e9s ese aparente beneficio se convirti\u00f3 en otra carga para los trabajadores.<br \/>\nEn la exposici\u00f3n de motivos de esa Iniciativa, considerada ben\u00e9fica por todas las corrientes pol\u00edticas, los legisladores recordaron que la UMA fue creada para dejar de utilizar al salario m\u00ednimo como instrumento de indexaci\u00f3n y actualizaci\u00f3n de los montos de las obligaciones previstas en diversos ordenamientos jur\u00eddicos, permitiendo con ello que los incrementos que se determinen al valor del salario m\u00ednimo ya no generen aumentos a todos los montos que estaban indexados a \u00e9ste, logrando con esto que el salario m\u00ednimo pueda funcionar como un instrumento de pol\u00edtica p\u00fablica independiente y cumpla con el objetivo constitucional de ser suficiente para satisfacer las necesidades normales de un jefe de familia, en el orden material, social y cultural, y para proveer a la educaci\u00f3n obligatoria de los hijos.<br \/>\nEse cat\u00e1logo de buenas intenciones lo suscribieron, entre otros diputados integrantes de la LXIII Legislatura, C\u00e9sar Camacho Quiroz, que anteriormente fue gobernador del Estado de M\u00e9xico, postulado por el PRI y la ahora mandataria de Veracruz por Morena Roc\u00edo Nahle, tambi\u00e9n de Morena el ex rector de la Universidad Aut\u00f3noma Benito Ju\u00e1rez de Oaxaca; el ex dirigente nacional del PAN, Marko Cort\u00e9s Mendoza; el ex dirigente nacional del casi desaparecido PRD, Guadalupe Acosta Naranjo, quien actualmente forma parte de un grupo que organiza un nuevo partido que actualmente se denomina \u201cSomos M\u00e9xico\u201d y est\u00e1 en proceso de obtener su registro oficial.<br \/>\nComo se deduce de lo anterior, la creaci\u00f3n de la UMA recibi\u00f3 un respaldo generalizado por ser considerado un avance positivo. Al respecto, la mencionada iniciativa recuerda que anteriormente se aprob\u00f3 otro decreto seg\u00fan el cual la UMA se convierte en la unidad de cuenta que se utiliza como \u00edndice, base, medida o referencia para determinar la cuant\u00eda del pago de las obligaciones y supuestos previstos en las leyes federales, de las entidades federativas y de la Ciudad de M\u00e9xico, as\u00ed como en las disposiciones jur\u00eddicas que emanen de dichas leyes.<br \/>\nPor cierto, se confiri\u00f3 al Instituto Nacional de Estad\u00edstica y Geograf\u00eda (INEGI) la responsabilidad de ser la autoridad facultada para calcular, en los t\u00e9rminos que se\u00f1ale la ley reglamentaria, el valor de la UMA.<br \/>\nHasta all\u00ed todo bien. Efectivamente, la entrada en vigor de la UMA signific\u00f3 un alivio para muchos causantes.<br \/>\nSin embargo, la \u201cluna de miel\u201d no es eterna, pues el reciente domingo, el Congreso del Trabajo \u2013antes apegado a los gobiernos del PRI y ahora aliado a la llamada Cuarta Transformaci\u00f3n\u2013 protest\u00f3 porque, seg\u00fan sus c\u00e1lculos, m\u00e1s de un mill\u00f3n de jubilados perciben menos de un salario m\u00ednimo vigente derivado del pago de su pensi\u00f3n con base en la UMA.<br \/>\nPor lo mismo, la todav\u00eda influyente central sindical demand\u00f3 Congreso a los institutos Mexicano del Seguro Social (IMSS) y de Seguridad y Servicios Sociales para los Trabajadores del Estado (ISSSTE) dejar de pagar pensiones con base en esa medida, pues contrario a las buenas intenciones de los legisladores, ahora representa menores ingresos para quienes m\u00e1s los necesitan, las personas mayores y las disminuidas en sus facultades.<br \/>\nEl secretario General de la Federaci\u00f3n de Agrupaciones Obreras (FAO), Iv\u00e1n Navarro Morales, anunci\u00f3 que Congreso del Trabajo demandar\u00e1 a los mencionados organismos de seguridad social, dejar de utilizar la UMA como v\u00eda para llevar a cabo el pago de pensiones a los trabajadores en retiro, toda vez que es ilegal que \u00e9stos perciban menos de un salario m\u00ednimo vigente.<br \/>\nEl dirigente sindical se\u00f1al\u00f3 que en M\u00e9xico cerca de un mill\u00f3n de personas se encuentran en esta situaci\u00f3n. Explic\u00f3 que tanto el IMSS como el ISSSTE argumentan que no pueden usar el par\u00e1metro de \u201csalarios m\u00ednimos\u201d, porque la relaci\u00f3n de los trabajadores en retiro ya es administrativa y no laboral, lo cual calific\u00f3 de violatorio para las y los obreros.<br \/>\nEl dirigente de la FAO revel\u00f3 que el pleno de dirigentes del Congreso del Trabajo acord\u00f3 tramitar un encuentro con las autoridades de las referidos instituciones de seguridad social, as\u00ed como con representantes del gobierno federal, con el fin de que expliquen el motivo por el que los trabajadores con pensiones de riesgo de trabajo, est\u00e1n financiando con sus propias subcuentas de cesant\u00eda, vejez y cuota social, el pago de pensiones por accidente laboral.<br \/>\nNavarro Morales sostuvo que es ilegal que las y los obreros en retiro ganen menos de un salario m\u00ednimo vigente, bajo el argumento de que su relaci\u00f3n con los organismos de seguridad social es administrativa y no laboral, lo cual significa que deja de reconocerse que la pensi\u00f3n que reciben es la que sustituy\u00f3 su salario.<br \/>\nRecord\u00f3 que el art\u00edculo 123 constitucional, que regula las relaciones laborales, establece con claridad que los patrones son los \u00fanicos responsables de los accidentes laborales y por ende, cuando se establezca una pensi\u00f3n por accidente laboral, ni el IMSS, ni las aseguradoras deben tomar los recursos que est\u00e1n destinados para financiar el retiro laboral, como lo es la Subcuenta de cesant\u00eda y vejez de la Afore, la cual no garantiza a los incapacitados recibir una adecuada pensi\u00f3n por el resto de su vida.<\/p>\n<p>\u00bfQui\u00e9n manda en Morena?<\/p>\n<p>Uno de los muchos rumores que lesionan la imagen p\u00fablica de la presidenta (con A) Claudia Sheinbaum Pardo asegura que el partido oficial, Morena, no responde a las \u00f3rdenes de la inquilina de Palacio Nacional, sino que tiene otro l\u00edder, el cual vive en Palenque.<br \/>\nPor otra parte, tambi\u00e9n es de tener en cuenta que es la propia mandataria la que ha sostenido en diversas ocasiones que ella no interviene directamente en las decisiones de la dirigencia del partido que la llev\u00f3 al poder.<br \/>\nEstas declaraciones tienen como finalidad cumplir con el postulado de la llamada Cuarta Transformaci\u00f3n en el sentido de que ellos \u201cno son iguales\u201d respecto al PRI, que era conducido desde la entonces residencia presidencial de Los Pinos. Sin embargo, la mandataria ha tenido que salir al frente de rumores en el sentido de que existen divisiones dentro del denominado Movimiento de Regeneraci\u00f3n Nacional y de que hay corrientes internas que no acatan su voluntad, como fue el caso de su iniciativa de poner fin al nepotismo, misma que fue modificada por los legisladores oficialistas para posponer su aplicaci\u00f3n de 2027 hasta 2030.<br \/>\nSheinbaum ha enfatizado que, aunque existen \u201cdiscusiones\u201d o diferencias de opini\u00f3n normales en un partido plural, esto no representa un riesgo de fractura. Por el contrario, ha enfatizado que la unidad prevalece debido a principios y convicciones comunes, y ha acusado a la oposici\u00f3n de apostar por una divisi\u00f3n que no ocurrir\u00e1.<br \/>\nDe hecho, en lo que pareci\u00f3 tono de broma, la mandataria ha se\u00f1alado que los adversarios \u201cse quedar\u00e1n con las ganas\u201d de ver una divisi\u00f3n en Morena.<br \/>\nTodo lo anterior sali\u00f3 a cuenta porque la presidenta recibi\u00f3 el lunes anterior a los principales dirigentes del partido oficial, la presidenta Luis Mar\u00eda Alcalde Luj\u00e1n y el secretario de Organizaci\u00f3n, Andr\u00e9s Manuel (\u201cno me digan Andy\u201d) L\u00f3pez Beltr\u00e1n, quienes est\u00e1n m\u00e1s ligados con el caudillo que vive en Palenque que con la residente en Palacio Nacional. La primera fue secretaria de Gobernaci\u00f3n del ex presidente L\u00f3pez y el segundo no puede evitar que se recuerde que, sin elecci\u00f3n de por medio, lleg\u00f3 al cargo por la influencia de su padre.<br \/>\nOficialmente, la presidenta Sheinbaum coment\u00f3 en su ma\u00f1anera del lunes, que invit\u00f3 a los dirigentes de Morena, quienes vinieron a platicar. No los hab\u00eda visto hace tiempo. s\u00f3lo \u201cvinieron a platicar. No los hab\u00eda visto hace tiempo\u201d.<br \/>\nNo obstante, las palabras de la jefa del Ejecutivo no logran disipar dudas: Luisa Mar\u00eda y \u201cAndy\u201d \u00bffueron a Palacio a recibir \u00f3rdenes o les encargaron de transmitir alg\u00fan mensaje?<\/p>\n","protected":false},"excerpt":{"rendered":"<p>&nbsp; &nbsp; CLASE POLITICA\u00a0 Miguel \u00c1ngel Rivera &nbsp; En un proceso poco com\u00fan en el Congreso de M\u00e9xico, el 27 de abril de 2016, diputados de casi todos los partidos pol\u00edticos con registro oficial en ese momento, presentaron la iniciativa para determinar el valor de la denominada Unidad de Medida y Actualizaci\u00f3n, popularmente conocida como [&hellip;]<\/p>\n","protected":false},"author":14,"featured_media":0,"comment_status":"open","ping_status":"open","sticky":false,"template":"","format":"standard","meta":{"_monsterinsights_skip_tracking":false,"_monsterinsights_sitenote_active":false,"_monsterinsights_sitenote_note":"","_monsterinsights_sitenote_category":0,"footnotes":""},"categories":[84119,4],"tags":[],"class_list":["post-702845","post","type-post","status-publish","format-standard","hentry","category-miguel-angel-rivera","category-opinion"],"_links":{"self":[{"href":"https:\/\/www.diarioimagen.net\/index.php?rest_route=\/wp\/v2\/posts\/702845","targetHints":{"allow":["GET"]}}],"collection":[{"href":"https:\/\/www.diarioimagen.net\/index.php?rest_route=\/wp\/v2\/posts"}],"about":[{"href":"https:\/\/www.diarioimagen.net\/index.php?rest_route=\/wp\/v2\/types\/post"}],"author":[{"embeddable":true,"href":"https:\/\/www.diarioimagen.net\/index.php?rest_route=\/wp\/v2\/users\/14"}],"replies":[{"embeddable":true,"href":"https:\/\/www.diarioimagen.net\/index.php?rest_route=%2Fwp%2Fv2%2Fcomments&post=702845"}],"version-history":[{"count":1,"href":"https:\/\/www.diarioimagen.net\/index.php?rest_route=\/wp\/v2\/posts\/702845\/revisions"}],"predecessor-version":[{"id":702846,"href":"https:\/\/www.diarioimagen.net\/index.php?rest_route=\/wp\/v2\/posts\/702845\/revisions\/702846"}],"wp:attachment":[{"href":"https:\/\/www.diarioimagen.net\/index.php?rest_route=%2Fwp%2Fv2%2Fmedia&parent=702845"}],"wp:term":[{"taxonomy":"category","embeddable":true,"href":"https:\/\/www.diarioimagen.net\/index.php?rest_route=%2Fwp%2Fv2%2Fcategories&post=702845"},{"taxonomy":"post_tag","embeddable":true,"href":"https:\/\/www.diarioimagen.net\/index.php?rest_route=%2Fwp%2Fv2%2Ftags&post=702845"}],"curies":[{"name":"wp","href":"https:\/\/api.w.org\/{rel}","templated":true}]}}