{"id":702847,"date":"2026-01-20T20:30:09","date_gmt":"2026-01-21T02:30:09","guid":{"rendered":"https:\/\/www.diarioimagen.net\/?p=702847"},"modified":"2026-01-20T20:30:09","modified_gmt":"2026-01-21T02:30:09","slug":"enrique-vargas-del-villa-llama-a-la-unidad-en-el-pan-para-llegar-mas-fortalecidos-al-2027","status":"publish","type":"post","link":"https:\/\/www.diarioimagen.net\/?p=702847","title":{"rendered":"Enrique Vargas del Villa llama a la unidad en  el PAN para llegar m\u00e1s fortalecidos al 2027"},"content":{"rendered":"<ul>\n<li><strong>Rechazo a gobierno autoritarios<\/strong><\/li>\n<\/ul>\n<p><strong>\u00a0<\/strong><\/p>\n<div id=\"attachment_702848\" style=\"width: 221px\" class=\"wp-caption alignnone\"><img loading=\"lazy\" decoding=\"async\" aria-describedby=\"caption-attachment-702848\" class=\"wp-image-702848 size-large\" src=\"https:\/\/www.diarioimagen.net\/wp-content\/uploads\/2026\/01\/BAENA-1-ok-11-211x270.jpg\" alt=\"\" width=\"211\" height=\"270\" srcset=\"https:\/\/www.diarioimagen.net\/wp-content\/uploads\/2026\/01\/BAENA-1-ok-11-211x270.jpg 211w, https:\/\/www.diarioimagen.net\/wp-content\/uploads\/2026\/01\/BAENA-1-ok-11-188x240.jpg 188w, https:\/\/www.diarioimagen.net\/wp-content\/uploads\/2026\/01\/BAENA-1-ok-11-768x981.jpg 768w, https:\/\/www.diarioimagen.net\/wp-content\/uploads\/2026\/01\/BAENA-1-ok-11-1202x1536.jpg 1202w, https:\/\/www.diarioimagen.net\/wp-content\/uploads\/2026\/01\/BAENA-1-ok-11-1603x2048.jpg 1603w, https:\/\/www.diarioimagen.net\/wp-content\/uploads\/2026\/01\/BAENA-1-ok-11-scaled.jpg 2004w\" sizes=\"auto, (max-width: 211px) 100vw, 211px\" \/><p id=\"caption-attachment-702848\" class=\"wp-caption-text\">El senador panista Enrique Vargas del Villar conf\u00eda en que su partido ganar\u00e1 los procesos electorales del 2027,\u00a0 respaldado por la militancia y sociedad en general.<\/p><\/div>\n<p>&nbsp;<\/p>\n<p>Por Arturo Baena<\/p>\n<p>&nbsp;<\/p>\n<p>Valle de M\u00e9xico.- La sociedad ya se cans\u00f3 de gobiernos autoritarios e\u00a0 ineficaces de Morena. Estos s\u00f3lo buscan concentrar el\u00a0 poder, afectando todo lo que tocan. Hoy estamos listos para enfrentar y acabar de tajo con esas y otras arbitrariedades.<\/p>\n<p>&nbsp;<\/p>\n<p>As\u00ed lo expres\u00f3 el senador Enrique Vargas del Villar, luego de reiterar su llamado para mantener la unidad de la militancia y llegar m\u00e1s fortalecidos al 2027 para as\u00ed, acabar con malos gobiernos que traen pobreza, desempleo y discriminaci\u00f3n.<\/p>\n<p>&nbsp;<\/p>\n<p>Vargas del Villar puntualiz\u00f3 que est\u00e1n listos y preparados para lo que viene. El PAN cuenta con cuadros fuertes que recorrer\u00e1n el Estado de M\u00e9xico llevando el mensaje del partido, cuyo objetivo es el bienestar de las familias.<\/p>\n<p>&nbsp;<\/p>\n<p>\u201cVolveremos a ganar municipios y distritos, pues \u00a0somos la mejor opci\u00f3n para defender a M\u00e9xico. El PAN ha demostrado que trabaja en favor de la sociedad para que el pa\u00eds vaya por el rumbo correcto\u201d, dijo.<\/p>\n<p>&nbsp;<\/p>\n<p>Vargas del Villar abund\u00f3 que Acci\u00f3n Nacional,\u00a0 con estrategia y unidad, sin duda alguna, ganar\u00e1 los procesos electorales del 2027,\u00a0 respaldado por la militancia y sociedad en general.<\/p>\n<p>&nbsp;<\/p>\n<p>&nbsp;<\/p>\n<p>&nbsp;<\/p>\n","protected":false},"excerpt":{"rendered":"<p>Rechazo a gobierno autoritarios \u00a0 &nbsp; Por Arturo Baena &nbsp; Valle de M\u00e9xico.- La sociedad ya se cans\u00f3 de gobiernos autoritarios e\u00a0 ineficaces de Morena. Estos s\u00f3lo buscan concentrar el\u00a0 poder, afectando todo lo que tocan. Hoy estamos listos para enfrentar y acabar de tajo con esas y otras arbitrariedades. &nbsp; As\u00ed lo expres\u00f3 el [&hellip;]<\/p>\n","protected":false},"author":14,"featured_media":702848,"comment_status":"open","ping_status":"open","sticky":false,"template":"","format":"standard","meta":{"_monsterinsights_skip_tracking":false,"_monsterinsights_sitenote_active":false,"_monsterinsights_sitenote_note":"","_monsterinsights_sitenote_category":0,"footnotes":""},"categories":[5],"tags":[],"class_list":["post-702847","post","type-post","status-publish","format-standard","has-post-thumbnail","hentry","category-estado-de-mexico"],"_links":{"self":[{"href":"https:\/\/www.diarioimagen.net\/index.php?rest_route=\/wp\/v2\/posts\/702847","targetHints":{"allow":["GET"]}}],"collection":[{"href":"https:\/\/www.diarioimagen.net\/index.php?rest_route=\/wp\/v2\/posts"}],"about":[{"href":"https:\/\/www.diarioimagen.net\/index.php?rest_route=\/wp\/v2\/types\/post"}],"author":[{"embeddable":true,"href":"https:\/\/www.diarioimagen.net\/index.php?rest_route=\/wp\/v2\/users\/14"}],"replies":[{"embeddable":true,"href":"https:\/\/www.diarioimagen.net\/index.php?rest_route=%2Fwp%2Fv2%2Fcomments&post=702847"}],"version-history":[{"count":1,"href":"https:\/\/www.diarioimagen.net\/index.php?rest_route=\/wp\/v2\/posts\/702847\/revisions"}],"predecessor-version":[{"id":702849,"href":"https:\/\/www.diarioimagen.net\/index.php?rest_route=\/wp\/v2\/posts\/702847\/revisions\/702849"}],"wp:featuredmedia":[{"embeddable":true,"href":"https:\/\/www.diarioimagen.net\/index.php?rest_route=\/wp\/v2\/media\/702848"}],"wp:attachment":[{"href":"https:\/\/www.diarioimagen.net\/index.php?rest_route=%2Fwp%2Fv2%2Fmedia&parent=702847"}],"wp:term":[{"taxonomy":"category","embeddable":true,"href":"https:\/\/www.diarioimagen.net\/index.php?rest_route=%2Fwp%2Fv2%2Fcategories&post=702847"},{"taxonomy":"post_tag","embeddable":true,"href":"https:\/\/www.diarioimagen.net\/index.php?rest_route=%2Fwp%2Fv2%2Ftags&post=702847"}],"curies":[{"name":"wp","href":"https:\/\/api.w.org\/{rel}","templated":true}]}}