{"id":702850,"date":"2026-01-20T20:55:53","date_gmt":"2026-01-21T02:55:53","guid":{"rendered":"https:\/\/www.diarioimagen.net\/?p=702850"},"modified":"2026-01-20T20:55:53","modified_gmt":"2026-01-21T02:55:53","slug":"gobierno-de-isaac-montoya-marquez-logra-evolucion-positiva-en-finanzas","status":"publish","type":"post","link":"https:\/\/www.diarioimagen.net\/?p=702850","title":{"rendered":"Gobierno de Isaac Montoya M\u00e1rquez  logra evoluci\u00f3n positiva en finanzas"},"content":{"rendered":"<ul>\n<li><strong>Mejora Naucalpan calificaci\u00f3n crediticia <\/strong><\/li>\n<\/ul>\n<p><strong>\u00a0<\/strong><\/p>\n<p><strong>\u00a0<\/strong><\/p>\n<div id=\"attachment_702851\" style=\"width: 324px\" class=\"wp-caption alignnone\"><img loading=\"lazy\" decoding=\"async\" aria-describedby=\"caption-attachment-702851\" class=\"wp-image-702851 size-large\" src=\"https:\/\/www.diarioimagen.net\/wp-content\/uploads\/2026\/01\/BAENA-2-ok-10-314x270.jpg\" alt=\"\" width=\"314\" height=\"270\" srcset=\"https:\/\/www.diarioimagen.net\/wp-content\/uploads\/2026\/01\/BAENA-2-ok-10-314x270.jpg 314w, https:\/\/www.diarioimagen.net\/wp-content\/uploads\/2026\/01\/BAENA-2-ok-10-240x206.jpg 240w, https:\/\/www.diarioimagen.net\/wp-content\/uploads\/2026\/01\/BAENA-2-ok-10-768x660.jpg 768w, https:\/\/www.diarioimagen.net\/wp-content\/uploads\/2026\/01\/BAENA-2-ok-10-1536x1319.jpg 1536w, https:\/\/www.diarioimagen.net\/wp-content\/uploads\/2026\/01\/BAENA-2-ok-10-2048x1759.jpg 2048w\" sizes=\"auto, (max-width: 314px) 100vw, 314px\" \/><p id=\"caption-attachment-702851\" class=\"wp-caption-text\">El gobierno del alcalde Isaac Montoya M\u00e1rquez logr\u00f3 una evoluci\u00f3n positiva en sus finanzas p\u00fablicas, reflejada en la mejora de sus calificaciones crediticias.<\/p><\/div>\n<p>&nbsp;<\/p>\n<p>&nbsp;<\/p>\n<p>Naucalpan, M\u00e9x.- En tan solo un a\u00f1o de administraci\u00f3n, el gobierno del alcalde Isaac Montoya M\u00e1rquez logr\u00f3 una evoluci\u00f3n positiva y tangible en sus finanzas p\u00fablicas, reflejada en la mejora de sus calificaciones crediticias, las agencias HR Ratings y Verum elevaron su calificaci\u00f3n soberana de BBB- a BBB+ en 2025, en concordancia con el avance positivo de nuestro pa\u00eds.<\/p>\n<p>&nbsp;<\/p>\n<p>Resultado de una administraci\u00f3n responsable, basada en el fortalecimiento de los ingresos propios, el control del gasto operativo, la reducci\u00f3n de pasivos y una inversi\u00f3n p\u00fablica ordenada se lograron estos avances.<\/p>\n<p>&nbsp;<\/p>\n<p>Recientemente, de acuerdo a la agencia calificadora Standard &amp; Poor&#8217;s, M\u00e9xico se posiciona como uno de los principales destinos seguros para invertir en Am\u00e9rica Latina. Tambi\u00e9n Naucalpan en menos de un a\u00f1o registr\u00f3 una mejora hist\u00f3rica de las calificaciones crediticias del municipio.<\/p>\n<p>&nbsp;<\/p>\n<p>En este contexto, en septiembre de 2025, las agencias HR Ratings y Verum reconocieron los avances de Naucalpan al elevar su calificaci\u00f3n soberana de BBB- a BBB+, lo que representa un incremento de dos niveles respecto a 2024. Y un cr\u00e9dito Banobras ratificado y elevado a AAA.<\/p>\n<p>&nbsp;<\/p>\n<p>Gracias a estas acciones, Naucalpan se consolida como un municipio solvente, confiable y con visi\u00f3n de largo plazo, generando condiciones financieras m\u00e1s s\u00f3lidas en beneficio directo de la ciudadan\u00eda.<\/p>\n<p>&nbsp;<\/p>\n<p>Las calificadoras en M\u00e9xico cumplen un papel fundamental al evaluar la capacidad de pago, estabilidad financiera y manejo responsable de los recursos p\u00fablicos de los gobiernos locales. Sus an\u00e1lisis brindan certeza a inversionistas, instituciones financieras y a la ciudadan\u00eda, al medir el nivel de riesgo y confianza de cada municipio.<\/p>\n<p>&nbsp;<\/p>\n<p>El incremento de dos niveles respecto a 2024 confirma una mayor estabilidad financiera y una mejora sustancial en la percepci\u00f3n de riesgo del municipio.<\/p>\n<p>&nbsp;<\/p>\n<p>&nbsp;<\/p>\n","protected":false},"excerpt":{"rendered":"<p>Mejora Naucalpan calificaci\u00f3n crediticia \u00a0 \u00a0 &nbsp; &nbsp; Naucalpan, M\u00e9x.- En tan solo un a\u00f1o de administraci\u00f3n, el gobierno del alcalde Isaac Montoya M\u00e1rquez logr\u00f3 una evoluci\u00f3n positiva y tangible en sus finanzas p\u00fablicas, reflejada en la mejora de sus calificaciones crediticias, las agencias HR Ratings y Verum elevaron su calificaci\u00f3n soberana de BBB- a [&hellip;]<\/p>\n","protected":false},"author":14,"featured_media":702851,"comment_status":"open","ping_status":"open","sticky":false,"template":"","format":"standard","meta":{"_monsterinsights_skip_tracking":false,"_monsterinsights_sitenote_active":false,"_monsterinsights_sitenote_note":"","_monsterinsights_sitenote_category":0,"footnotes":""},"categories":[5],"tags":[],"class_list":["post-702850","post","type-post","status-publish","format-standard","has-post-thumbnail","hentry","category-estado-de-mexico"],"_links":{"self":[{"href":"https:\/\/www.diarioimagen.net\/index.php?rest_route=\/wp\/v2\/posts\/702850","targetHints":{"allow":["GET"]}}],"collection":[{"href":"https:\/\/www.diarioimagen.net\/index.php?rest_route=\/wp\/v2\/posts"}],"about":[{"href":"https:\/\/www.diarioimagen.net\/index.php?rest_route=\/wp\/v2\/types\/post"}],"author":[{"embeddable":true,"href":"https:\/\/www.diarioimagen.net\/index.php?rest_route=\/wp\/v2\/users\/14"}],"replies":[{"embeddable":true,"href":"https:\/\/www.diarioimagen.net\/index.php?rest_route=%2Fwp%2Fv2%2Fcomments&post=702850"}],"version-history":[{"count":1,"href":"https:\/\/www.diarioimagen.net\/index.php?rest_route=\/wp\/v2\/posts\/702850\/revisions"}],"predecessor-version":[{"id":702852,"href":"https:\/\/www.diarioimagen.net\/index.php?rest_route=\/wp\/v2\/posts\/702850\/revisions\/702852"}],"wp:featuredmedia":[{"embeddable":true,"href":"https:\/\/www.diarioimagen.net\/index.php?rest_route=\/wp\/v2\/media\/702851"}],"wp:attachment":[{"href":"https:\/\/www.diarioimagen.net\/index.php?rest_route=%2Fwp%2Fv2%2Fmedia&parent=702850"}],"wp:term":[{"taxonomy":"category","embeddable":true,"href":"https:\/\/www.diarioimagen.net\/index.php?rest_route=%2Fwp%2Fv2%2Fcategories&post=702850"},{"taxonomy":"post_tag","embeddable":true,"href":"https:\/\/www.diarioimagen.net\/index.php?rest_route=%2Fwp%2Fv2%2Ftags&post=702850"}],"curies":[{"name":"wp","href":"https:\/\/api.w.org\/{rel}","templated":true}]}}