{"id":702853,"date":"2026-01-20T20:58:40","date_gmt":"2026-01-21T02:58:40","guid":{"rendered":"https:\/\/www.diarioimagen.net\/?p=702853"},"modified":"2026-01-20T20:58:40","modified_gmt":"2026-01-21T02:58:40","slug":"el-alcalde-raciel-perez-encabeza-el-programa-transformando-tlalnepantla","status":"publish","type":"post","link":"https:\/\/www.diarioimagen.net\/?p=702853","title":{"rendered":"El alcalde Raciel P\u00e9rez encabeza el  programa Transformando Tlalnepantla"},"content":{"rendered":"<ul>\n<li><strong>Trabajo conjunto con la ciudadan\u00eda <\/strong><\/li>\n<\/ul>\n<p><strong>\u00a0<\/strong><\/p>\n<p><img loading=\"lazy\" decoding=\"async\" class=\"alignnone wp-image-702854 size-large\" src=\"https:\/\/www.diarioimagen.net\/wp-content\/uploads\/2026\/01\/BAENA-3-ok-10-405x270.jpg\" alt=\"\" width=\"405\" height=\"270\" srcset=\"https:\/\/www.diarioimagen.net\/wp-content\/uploads\/2026\/01\/BAENA-3-ok-10-405x270.jpg 405w, https:\/\/www.diarioimagen.net\/wp-content\/uploads\/2026\/01\/BAENA-3-ok-10-240x160.jpg 240w, https:\/\/www.diarioimagen.net\/wp-content\/uploads\/2026\/01\/BAENA-3-ok-10-768x512.jpg 768w, https:\/\/www.diarioimagen.net\/wp-content\/uploads\/2026\/01\/BAENA-3-ok-10.jpg 1500w\" sizes=\"auto, (max-width: 405px) 100vw, 405px\" \/><\/p>\n<p><strong>\u00a0<\/strong><\/p>\n<p>&nbsp;<\/p>\n<p>&nbsp;<\/p>\n<p>Tlalnepantla, M\u00e9x.-\u00a0 Con el objetivo de restituir el derecho a la ciudad y consolidar un entorno digno para las familias, el presidente municipal Raciel P\u00e9rez Cruz dio inicio al programa \u201cTransformando Tlalnepantla\u201d.<\/p>\n<p>&nbsp;<\/p>\n<p>Enfatiz\u00f3 que una ciudad iluminada, con calles libres de obst\u00e1culos y espacios p\u00fablicos recuperados, es la base para reducir los \u00edndices de delincuencia y permitir que los habitantes caminen con libertad y tranquilidad.<\/p>\n<p>&nbsp;<\/p>\n<p>\u201cEn una ciudad en donde no se podan los \u00e1rboles, en donde no se iluminan las calles, en donde no se derriban obst\u00e1culos que impiden que la gente camine libremente preservando su integridad f\u00edsica, esa ciudad no saldr\u00e1 de los altos \u00edndices de inseguridad\u201d, mencion\u00f3 Raciel P\u00e9rez Cruz.<\/p>\n<p>&nbsp;<\/p>\n<p>El programa beneficia directamente a 287 personas bajo la modalidad de empleo temporal; el equipo est\u00e1 conformado por 270 transformadores y 17 monitores, quienes estar\u00e1n a cargo de las jornadas de limpieza y rescate.<\/p>\n<p>&nbsp;<\/p>\n<p>Las cuadrillas intervendr\u00e1n en la poda de \u00e1rboles; bacheo de la cinta asf\u00e1ltica; repavimentaci\u00f3n integral y mantenimiento de camellones, parques y jardines.<\/p>\n<p>&nbsp;<\/p>\n<p>Durante el evento, se destac\u00f3 que la transformaci\u00f3n de la ciudad no es un esfuerzo aislado del gobierno, sino un trabajo conjunto con la ciudadan\u00eda activa.<\/p>\n<p>&nbsp;<\/p>\n<p>El alcalde se\u00f1al\u00f3 que hoy la ciudad presenta un panorama distinto gracias a la suma de esfuerzos entre sociedad y gobierno.<\/p>\n<p><strong>\u00a0<\/strong><\/p>\n<p>&nbsp;<\/p>\n","protected":false},"excerpt":{"rendered":"<p>Trabajo conjunto con la ciudadan\u00eda \u00a0 \u00a0 &nbsp; &nbsp; Tlalnepantla, M\u00e9x.-\u00a0 Con el objetivo de restituir el derecho a la ciudad y consolidar un entorno digno para las familias, el presidente municipal Raciel P\u00e9rez Cruz dio inicio al programa \u201cTransformando Tlalnepantla\u201d. &nbsp; Enfatiz\u00f3 que una ciudad iluminada, con calles libres de obst\u00e1culos y espacios p\u00fablicos [&hellip;]<\/p>\n","protected":false},"author":14,"featured_media":702854,"comment_status":"open","ping_status":"open","sticky":false,"template":"","format":"standard","meta":{"_monsterinsights_skip_tracking":false,"_monsterinsights_sitenote_active":false,"_monsterinsights_sitenote_note":"","_monsterinsights_sitenote_category":0,"footnotes":""},"categories":[5],"tags":[],"class_list":["post-702853","post","type-post","status-publish","format-standard","has-post-thumbnail","hentry","category-estado-de-mexico"],"_links":{"self":[{"href":"https:\/\/www.diarioimagen.net\/index.php?rest_route=\/wp\/v2\/posts\/702853","targetHints":{"allow":["GET"]}}],"collection":[{"href":"https:\/\/www.diarioimagen.net\/index.php?rest_route=\/wp\/v2\/posts"}],"about":[{"href":"https:\/\/www.diarioimagen.net\/index.php?rest_route=\/wp\/v2\/types\/post"}],"author":[{"embeddable":true,"href":"https:\/\/www.diarioimagen.net\/index.php?rest_route=\/wp\/v2\/users\/14"}],"replies":[{"embeddable":true,"href":"https:\/\/www.diarioimagen.net\/index.php?rest_route=%2Fwp%2Fv2%2Fcomments&post=702853"}],"version-history":[{"count":1,"href":"https:\/\/www.diarioimagen.net\/index.php?rest_route=\/wp\/v2\/posts\/702853\/revisions"}],"predecessor-version":[{"id":702855,"href":"https:\/\/www.diarioimagen.net\/index.php?rest_route=\/wp\/v2\/posts\/702853\/revisions\/702855"}],"wp:featuredmedia":[{"embeddable":true,"href":"https:\/\/www.diarioimagen.net\/index.php?rest_route=\/wp\/v2\/media\/702854"}],"wp:attachment":[{"href":"https:\/\/www.diarioimagen.net\/index.php?rest_route=%2Fwp%2Fv2%2Fmedia&parent=702853"}],"wp:term":[{"taxonomy":"category","embeddable":true,"href":"https:\/\/www.diarioimagen.net\/index.php?rest_route=%2Fwp%2Fv2%2Fcategories&post=702853"},{"taxonomy":"post_tag","embeddable":true,"href":"https:\/\/www.diarioimagen.net\/index.php?rest_route=%2Fwp%2Fv2%2Ftags&post=702853"}],"curies":[{"name":"wp","href":"https:\/\/api.w.org\/{rel}","templated":true}]}}