{"id":702874,"date":"2026-01-20T21:10:01","date_gmt":"2026-01-21T03:10:01","guid":{"rendered":"https:\/\/www.diarioimagen.net\/?p=702874"},"modified":"2026-01-20T21:10:01","modified_gmt":"2026-01-21T03:10:01","slug":"entrega-dga-reconstruccion-de-la-avenida-miguel-hidalgo-en-texcoco","status":"publish","type":"post","link":"https:\/\/www.diarioimagen.net\/?p=702874","title":{"rendered":"Entrega DGA reconstrucci\u00f3n de la Avenida Miguel Hidalgo en Texcoco"},"content":{"rendered":"<ul>\n<li><strong>En marcha \u201c2026, El A\u00f1o de las Obras en EdoM\u00e9x\u201d<\/strong><\/li>\n<\/ul>\n<p><strong>\u00a0<\/strong><\/p>\n<p><strong>\u00a0<\/strong><\/p>\n<div id=\"attachment_702884\" style=\"width: 415px\" class=\"wp-caption alignnone\"><img loading=\"lazy\" decoding=\"async\" aria-describedby=\"caption-attachment-702884\" class=\"wp-image-702884 size-large\" src=\"https:\/\/www.diarioimagen.net\/wp-content\/uploads\/2026\/01\/EDOMEX-2-ok-9-405x270.jpg\" alt=\"\" width=\"405\" height=\"270\" srcset=\"https:\/\/www.diarioimagen.net\/wp-content\/uploads\/2026\/01\/EDOMEX-2-ok-9-405x270.jpg 405w, https:\/\/www.diarioimagen.net\/wp-content\/uploads\/2026\/01\/EDOMEX-2-ok-9-240x160.jpg 240w, https:\/\/www.diarioimagen.net\/wp-content\/uploads\/2026\/01\/EDOMEX-2-ok-9-768x513.jpg 768w, https:\/\/www.diarioimagen.net\/wp-content\/uploads\/2026\/01\/EDOMEX-2-ok-9.jpg 1500w\" sizes=\"auto, (max-width: 405px) 100vw, 405px\" \/><p id=\"caption-attachment-702884\" class=\"wp-caption-text\">Delfina G\u00f3mez \u00c1lvarez entreg\u00f3 la reconstrucci\u00f3n integral de la Avenida Miguel Hidalgo, en Texcoco, un proyecto estrat\u00e9gico que mejora la movilidad, fortalece la seguridad vial y transforma el entorno urbano en beneficio de 40 mil personas.<\/p><\/div>\n<p><strong>\u00a0<\/strong><\/p>\n<p><strong>\u00a0<\/strong><\/p>\n<p>&nbsp;<\/p>\n<p>&nbsp;<\/p>\n<p>Texcoco, Estado de M\u00e9xico.\u2013 La Gobernadora Delfina G\u00f3mez \u00c1lvarez entreg\u00f3 la reconstrucci\u00f3n integral de la Avenida Miguel Hidalgo, en Texcoco, un proyecto estrat\u00e9gico que mejora la movilidad, fortalece la seguridad vial y transforma el entorno urbano en beneficio de 40 mil personas, al tiempo que confirma que \u201c2026, es El A\u00f1o de las Obras en EdoM\u00e9x\u201d.<\/p>\n<p>Durante el acto, la Mandataria estatal subray\u00f3 que su gobierno ha definido a este como uno de los ejes centrales de la agenda anual.<\/p>\n<p>\u201cPara nosotros como gobierno del Estado este a\u00f1o, 2026, va a ser trabajar en dos vertientes. Por un lado seguridad y por otro lado lo que son obras, hablando de servicios p\u00fablicos, hablando de beneficios en lo que se refiere a infraestructura educativa, en lo que se refiere a infraestructura del agua\u201d.<\/p>\n<p>La reconstrucci\u00f3n de la Avenida Miguel Hidalgo se realiz\u00f3 con una inversi\u00f3n de 40 millones de pesos provenientes del Fondo de Infraestructura Social para las Entidades Federativas, recursos que permitieron la renovaci\u00f3n por completo de 2.8 kil\u00f3metros de esta vialidad clave para la vida cotidiana del municipio.<\/p>\n<p>Incluy\u00f3 la reconstrucci\u00f3n de la carpeta asf\u00e1ltica, banquetas y guarniciones; la mejora de la se\u00f1alizaci\u00f3n y de m\u00e1s de 200 luminarias de alumbrado p\u00fablico; as\u00ed como acciones para optimizar el drenaje pluvial, con lo que se garantiza condiciones seguras y funcionales para peatones y automovilistas.<\/p>\n<p>Esta avenida conecta zonas habitacionales, el centro de Texcoco y vialidades regionales de alta afluencia, por lo que su modernizaci\u00f3n impacta tambi\u00e9n en la actividad comercial y en la reducci\u00f3n de tiempos de traslado de veh\u00edculos que transitan diariamente por esta zona. El antes y el despu\u00e9s, coincidieron vecinos y autoridades, refleja una mejora sustancial en la calidad del espacio p\u00fablico y en la movilidad urbana.<\/p>\n<p>En este contexto, la gobernadora destac\u00f3 que forma parte de una estrategia m\u00e1s amplia de modernizaci\u00f3n urbana que se desplegar\u00e1 en todo el territorio mexiquense. Asimismo, reiter\u00f3 que con el Plan Oriente se da como resultado obras que ayudan a las comunidades.<\/p>\n<p>\u201cCuando hay un trabajo en equipo, cuando hay un trabajo coordinado y un trabajo planeado se obtienen mejores resultados, el Plan Oriente en donde se est\u00e1n beneficiando los 10 municipios, indudablemente surge de una necesidad de atender a muchas poblaciones olvidadas, sumando todos sus esfuerzos se pueda lograr\u201d, explic\u00f3 la Gobernadora Delfina G\u00f3mez \u00c1lvarez.<\/p>\n<p>&nbsp;<\/p>\n<p><strong>\u00a0<\/strong><\/p>\n<p>&nbsp;<\/p>\n","protected":false},"excerpt":{"rendered":"<p>En marcha \u201c2026, El A\u00f1o de las Obras en EdoM\u00e9x\u201d \u00a0 \u00a0 \u00a0 \u00a0 &nbsp; &nbsp; Texcoco, Estado de M\u00e9xico.\u2013 La Gobernadora Delfina G\u00f3mez \u00c1lvarez entreg\u00f3 la reconstrucci\u00f3n integral de la Avenida Miguel Hidalgo, en Texcoco, un proyecto estrat\u00e9gico que mejora la movilidad, fortalece la seguridad vial y transforma el entorno urbano en beneficio de [&hellip;]<\/p>\n","protected":false},"author":14,"featured_media":702884,"comment_status":"open","ping_status":"open","sticky":false,"template":"","format":"standard","meta":{"_monsterinsights_skip_tracking":false,"_monsterinsights_sitenote_active":false,"_monsterinsights_sitenote_note":"","_monsterinsights_sitenote_category":0,"footnotes":""},"categories":[5],"tags":[],"class_list":["post-702874","post","type-post","status-publish","format-standard","has-post-thumbnail","hentry","category-estado-de-mexico"],"_links":{"self":[{"href":"https:\/\/www.diarioimagen.net\/index.php?rest_route=\/wp\/v2\/posts\/702874","targetHints":{"allow":["GET"]}}],"collection":[{"href":"https:\/\/www.diarioimagen.net\/index.php?rest_route=\/wp\/v2\/posts"}],"about":[{"href":"https:\/\/www.diarioimagen.net\/index.php?rest_route=\/wp\/v2\/types\/post"}],"author":[{"embeddable":true,"href":"https:\/\/www.diarioimagen.net\/index.php?rest_route=\/wp\/v2\/users\/14"}],"replies":[{"embeddable":true,"href":"https:\/\/www.diarioimagen.net\/index.php?rest_route=%2Fwp%2Fv2%2Fcomments&post=702874"}],"version-history":[{"count":1,"href":"https:\/\/www.diarioimagen.net\/index.php?rest_route=\/wp\/v2\/posts\/702874\/revisions"}],"predecessor-version":[{"id":702901,"href":"https:\/\/www.diarioimagen.net\/index.php?rest_route=\/wp\/v2\/posts\/702874\/revisions\/702901"}],"wp:featuredmedia":[{"embeddable":true,"href":"https:\/\/www.diarioimagen.net\/index.php?rest_route=\/wp\/v2\/media\/702884"}],"wp:attachment":[{"href":"https:\/\/www.diarioimagen.net\/index.php?rest_route=%2Fwp%2Fv2%2Fmedia&parent=702874"}],"wp:term":[{"taxonomy":"category","embeddable":true,"href":"https:\/\/www.diarioimagen.net\/index.php?rest_route=%2Fwp%2Fv2%2Fcategories&post=702874"},{"taxonomy":"post_tag","embeddable":true,"href":"https:\/\/www.diarioimagen.net\/index.php?rest_route=%2Fwp%2Fv2%2Ftags&post=702874"}],"curies":[{"name":"wp","href":"https:\/\/api.w.org\/{rel}","templated":true}]}}