{"id":702968,"date":"2026-01-20T21:42:12","date_gmt":"2026-01-21T03:42:12","guid":{"rendered":"https:\/\/www.diarioimagen.net\/?p=702968"},"modified":"2026-01-20T21:42:12","modified_gmt":"2026-01-21T03:42:12","slug":"a-claudia-sheinbaum-se-le-cierran-todos-los-tiempos","status":"publish","type":"post","link":"https:\/\/www.diarioimagen.net\/?p=702968","title":{"rendered":"A Claudia Sheinbaum se  le cierran todos los tiempos \u00a0"},"content":{"rendered":"<p>&nbsp;<\/p>\n<p><strong>\u00a0<\/strong><\/p>\n<p><strong>\u00a0TRAS LA PUERTA DEL PODER Roberto Vizca\u00edno<\/strong><\/p>\n<p><strong>\u00a0<\/strong><\/p>\n<p>&nbsp;<\/p>\n<p>&nbsp;<\/p>\n<p>Bien dice la m\u00e1xima -refr\u00e1n dicen otros-, que advierte que, en la vida, \u201cno hay plazo que no se cumpla\u201d.<\/p>\n<p>Eso significa que todo en este mundo tiene un tiempo ineludible, o fecha l\u00edmite, su plazo pues, y eso significa que toda promesa u obligaci\u00f3n debe ser cumplida.<\/p>\n<p>Y ni qu\u00e9 decir, que, una vez cumplido el plazo, todo tiene consecuencias.<\/p>\n<p>M\u00e1s, si los temas por cumplirse son los de la presidenta\u00a0<strong>Claudia Sheinbaum<\/strong>.<\/p>\n<p>Muchos en su agenda.<\/p>\n<p>Pero 3 son los esenciales en este momento:<\/p>\n<ul>\n<li>La tramitaci\u00f3n urgente de la reforma electoral;<\/li>\n<li>El cumplimiento de las exigencias de\u00a0<strong>Donald Trump,<\/strong>respecto al combate de c\u00e1rteles de las drogas -que incluye ir incluso contra pol\u00edticos y funcionarios, gobernadores, alcaldes, diputados y senadores, sobre todo de Morena y la 4T; y aceptar la participaci\u00f3n directa de tropas y elementos de inteligencia del ej\u00e9rcito de EU en operaciones en M\u00e9xico-, y;<\/li>\n<li>Ir ya a la renegociaci\u00f3n del T-MEC con la mente y la disposici\u00f3n abierta por si todo termina en su transformaci\u00f3n en acuerdos bilaterales.<\/li>\n<\/ul>\n<p>Al parejo de todo eso, a la mandataria mexicana se le estrecha cada vez m\u00e1s la exigencia -con irritaci\u00f3n creciente en Washington- de dejar de enviar petr\u00f3leo y gasolinas a la Cuba del dictador\u00a0<strong>Miguel D\u00edaz-Canel<\/strong>, para quien\u00a0<strong>Donald Trump<\/strong>\u00a0ya ha dictado el pronto fin de su gesti\u00f3n para darle paso a la democratizaci\u00f3n de la isla.<\/p>\n<p>\u201cLuego de Venezuela sigue Cuba\u201d, insiste el voluntarioso y muy poderoso presidente de EU.<\/p>\n<p>Detr\u00e1s de eso est\u00e1 el apoyo de\u00a0<strong>Trump<\/strong>\u00a0y\u00a0<strong>Marco Rubio<\/strong>\u00a0a una creciente efervescencia social de cubanos que nacieron luego de 1959, en que\u00a0<strong>Fidel Castro<\/strong>\u00a0y el\u00a0<strong>Che Guevara<\/strong>\u00a0triunfaron contra\u00a0<strong>Fulgencio Batista<\/strong>\u00a0e impusieron el r\u00e9gimen socialista que est\u00e1 ya por dem\u00e1s agotado en ese pa\u00eds.<\/p>\n<p>Todo eso tiene sus plazos a punto de cumplirse para la mandataria mexicana y el entorno duro de la 4T que impulsan el socialismo en M\u00e9xico.<\/p>\n<p>&nbsp;<\/p>\n<p><strong>La electoral, una reforma con mala estrella<\/strong><\/p>\n<p>&nbsp;<\/p>\n<p>Como sea, lo urgente para la presidenta Sheinbaum es hoy sacar adelante la reforma electoral.\u00a0 Esta ya fracas\u00f3 al intentar Andr\u00e9s Manuel L\u00f3pez Obrador imponerla dentro del \u201cPlan A\u201d que intent\u00f3 sacar adelante dos a\u00f1os antes del final de su mandato.<\/p>\n<p>Como entonces no tuvo las mayor\u00edas constitucionales en el Senado y la C\u00e1mara de Diputados para promulgarla, entonces la volvi\u00f3 a anunciar dentro de sus 20 iniciativas de reforma del 5 de febrero de 2024, y cuya mayor\u00eda sac\u00f3 en cascada y con atropellos al debido proceso legislativo en septiembre pasado antes de dejarle el poder a\u00a0<strong>Claudia Sheinbaum<\/strong>.<\/p>\n<p>Es por eso que ahora para ella es urgente sacar adelante esta iniciativa y as\u00ed cumplirle uno de sus m\u00e1s caros deseos e intenciones\u00a0a <strong>AMLO<\/strong>.<\/p>\n<p>Solo que ahora que Morena, PT y Verde cuentan con amplitud con la mayor\u00eda constitucional en Senado y Diputados, sus aliados de PT y Verde amenazan con votar en contra o no asistir para no darle a Morena y a su gobierno esa mayor\u00eda de votos que requieren para aprobar esta reforma.<\/p>\n<p>Las causas de esta resistencia interna en el oficialismo son ampliamente conocidas: la desaparici\u00f3n de senadores y diputados pluris\u00a0 y la disminuci\u00f3n al extremo de presupuestos a partidos pol\u00edticos.<\/p>\n<p>\u00bfLograr\u00e1n\u00a0<strong>Claudia Sheinbaum<\/strong>\u00a0y su equipo -en el que est\u00e1n\u00a0<strong>Ad\u00e1n Augusto L\u00f3pez<\/strong>\u00a0y\u00a0<strong>Ricardo Monreal<\/strong>, l\u00edderes del oficialismo en las dos c\u00e1maras- doblar a PT y Verde? Eso est\u00e1 por verse. Si no lo logran, ser\u00eda in\u00fatil presentar la iniciativa de reforma electoral de\u00a0<strong>AMLO<\/strong>.<\/p>\n<p>Por lo pronto, cada d\u00eda que pasa, se le agudizan m\u00e1s las cosas a la mandataria.<\/p>\n<p>&nbsp;<\/p>\n<p><strong>Confianza, un bien escaso y muy preciado<\/strong><\/p>\n<p>&nbsp;<\/p>\n<p><strong>Jenny Althair Rivas Padilla<\/strong>\u00a0se inaugur\u00f3 ayer como nueva presidenta nacional de la Asociaci\u00f3n Mexicana de Profesionales Inmobiliarios, la AMPI, reafirmando su compromiso con la construcci\u00f3n de un sector inmobiliario m\u00e1s confiable, profesional y responsable.<\/p>\n<p>Por ello destac\u00f3 que uno de sus principales retos es superar la desconfianza, una problem\u00e1tica que impacta directamente a las familias, a los inversionistas y al desarrollo ordenado de las ciudades, y que solo puede atenderse con reglas claras, legalidad y profesionales mejor preparados.<\/p>\n<p>\u201cNo se puede transformar un pa\u00eds si antes no transformamos a las personas que lo construyen. En el sector inmobiliario, esa transformaci\u00f3n pasa por prepararnos mejor, entender nuestra responsabilidad y profesionalizarnos\u201d, indic\u00f3\u00a0<strong>Rivas Padilla<\/strong>.<\/p>\n<p>A lo largo de 70 a\u00f1os, AMPI ha acompa\u00f1ado, dijo, la evoluci\u00f3n del sector, ayudando a generar est\u00e1ndares, ordenar pr\u00e1cticas y construir una base de conocimiento que hoy permite tomar mejores decisiones patrimoniales.<\/p>\n<p>\u201cDurante muchos a\u00f1os, el sector inmobiliario creci\u00f3 de forma dispersa. AMPI acompa\u00f1\u00f3 ese proceso, ayud\u00f3 a poner orden, a generar est\u00e1ndares y a construir una base de conocimiento que hoy da mayor certeza a las operaciones inmobiliarias\u201d, dijo.<\/p>\n<p>&nbsp;<\/p>\n<p>Twitter: @_Vizcaino \/ Facebook<\/p>\n<p>\/\u00a0<a href=\"https:\/\/www.facebook.com\/rvizcainoa%20\/\">https:\/\/www.facebook.com\/rvizcainoa \/<\/a><\/p>\n<p>e-mail:\u00a0<a href=\"mailto:rvizcainoa@gmail.com\">rvizcainoa@gmail.com<\/a><\/p>\n<p>&nbsp;<\/p>\n","protected":false},"excerpt":{"rendered":"<p>&nbsp; \u00a0 \u00a0TRAS LA PUERTA DEL PODER Roberto Vizca\u00edno \u00a0 &nbsp; &nbsp; Bien dice la m\u00e1xima -refr\u00e1n dicen otros-, que advierte que, en la vida, \u201cno hay plazo que no se cumpla\u201d. Eso significa que todo en este mundo tiene un tiempo ineludible, o fecha l\u00edmite, su plazo pues, y eso significa que toda promesa [&hellip;]<\/p>\n","protected":false},"author":14,"featured_media":0,"comment_status":"open","ping_status":"open","sticky":false,"template":"","format":"standard","meta":{"_monsterinsights_skip_tracking":false,"_monsterinsights_sitenote_active":false,"_monsterinsights_sitenote_note":"","_monsterinsights_sitenote_category":0,"footnotes":""},"categories":[4,136],"tags":[],"class_list":["post-702968","post","type-post","status-publish","format-standard","hentry","category-opinion","category-roberto-vizcaino-opinion"],"_links":{"self":[{"href":"https:\/\/www.diarioimagen.net\/index.php?rest_route=\/wp\/v2\/posts\/702968","targetHints":{"allow":["GET"]}}],"collection":[{"href":"https:\/\/www.diarioimagen.net\/index.php?rest_route=\/wp\/v2\/posts"}],"about":[{"href":"https:\/\/www.diarioimagen.net\/index.php?rest_route=\/wp\/v2\/types\/post"}],"author":[{"embeddable":true,"href":"https:\/\/www.diarioimagen.net\/index.php?rest_route=\/wp\/v2\/users\/14"}],"replies":[{"embeddable":true,"href":"https:\/\/www.diarioimagen.net\/index.php?rest_route=%2Fwp%2Fv2%2Fcomments&post=702968"}],"version-history":[{"count":1,"href":"https:\/\/www.diarioimagen.net\/index.php?rest_route=\/wp\/v2\/posts\/702968\/revisions"}],"predecessor-version":[{"id":702969,"href":"https:\/\/www.diarioimagen.net\/index.php?rest_route=\/wp\/v2\/posts\/702968\/revisions\/702969"}],"wp:attachment":[{"href":"https:\/\/www.diarioimagen.net\/index.php?rest_route=%2Fwp%2Fv2%2Fmedia&parent=702968"}],"wp:term":[{"taxonomy":"category","embeddable":true,"href":"https:\/\/www.diarioimagen.net\/index.php?rest_route=%2Fwp%2Fv2%2Fcategories&post=702968"},{"taxonomy":"post_tag","embeddable":true,"href":"https:\/\/www.diarioimagen.net\/index.php?rest_route=%2Fwp%2Fv2%2Ftags&post=702968"}],"curies":[{"name":"wp","href":"https:\/\/api.w.org\/{rel}","templated":true}]}}