{"id":703153,"date":"2026-01-21T21:19:44","date_gmt":"2026-01-22T03:19:44","guid":{"rendered":"https:\/\/www.diarioimagen.net\/?p=703153"},"modified":"2026-01-21T21:19:44","modified_gmt":"2026-01-22T03:19:44","slug":"trump-en-davos-soy-fabuloso","status":"publish","type":"post","link":"https:\/\/www.diarioimagen.net\/?p=703153","title":{"rendered":"Trump en Davos: \u201c\u00a1Soy fabuloso!\u201d"},"content":{"rendered":"<p><strong>\u00a0<\/strong><\/p>\n<p>&nbsp;<\/p>\n<p><strong>\u00a0<\/strong><\/p>\n<p><strong>TRAS LA PUERTA DEL PODER Roberto Vizca\u00edno<\/p>\n<p><\/strong><\/p>\n<p><strong>\u00a0<\/strong><\/p>\n<p>&nbsp;<\/p>\n<p>&nbsp;<\/p>\n<p>Con la asistencia garantizada de los m\u00e1s importantes jefes de Estado del mundo y de los propietarios y CEO\u2019s de las corporaciones m\u00e1s poderosas a nivel internacional, con transmisi\u00f3n directa de todas las grandes cadenas informativas y enviados de los principales medios, el 56 foro Econ\u00f3mico de Davos, Suiza, se convirti\u00f3 ayer en la tribuna perfecta para que\u00a0<strong>Donald Trump<\/strong>\u00a0celebrara su primer a\u00f1o de gobierno.<\/p>\n<p>Con el principal auditorio al tope, quiz\u00e1 con 2 mil asistentes del m\u00e1s alto nivel econ\u00f3mico y pol\u00edtico en el mundo, el mandatario de EU se apoder\u00f3 del micr\u00f3fono durante 2 horas y se mantuvo al centro de la imagen de todas las televisoras a nivel internacional, para rendir un muy desordenado, pero no menos emotivo informe de primera mano de su primer a\u00f1o de gobierno en su segundo regreso a la Casa Blanca.<\/p>\n<p>Sin escatimar autoelogios, lo menos que dijo de su gesti\u00f3n y de \u00e9l mismo es que todo lo que ha hecho en estos \u00faltimos 12 meses \u201cha sido sencillamente fabuloso\u201d.<\/p>\n<p>Habl\u00f3 del fin de las guerras en que ha intervenido, explic\u00f3 que sus aranceles han sido para reorientar el rumbo de la econom\u00eda mundial, subray\u00f3 que no existe sociedad o pa\u00eds, gobierno o empresa en el mundo que no dependa de alguna forma y en alg\u00fan nivel de lo que se decida o cosuma en Estados Unidos, es decir, bajo su mandato.<\/p>\n<p>Y se refiri\u00f3 lo mismo a sus intervenciones en M\u00e9xico, que en Somalia o la Franja de Gaza, y sus proyectos hacia el establecimiento de un nuevo orden mundial.<\/p>\n<p>En este punto advirti\u00f3 que sus pretensiones sobre la anexi\u00f3n de Groenlandia son simples:<\/p>\n<p>\u201cTodo lo que Estados Unidos pide es un lugar llamado Groenlandia. Ya lo tuvimos y se lo devolvimos a Dinamarca despu\u00e9s de derrotar a los alemanes, los japoneses, los italianos y los dem\u00e1s durante la Segunda Guerra Mundial.<\/p>\n<p>\u201cQueremos un trozo de hielo para proteger el mundo, y ellos (los l\u00edderes de la Uni\u00f3n Europea) no nos lo quieren dar. Nunca hemos pedido nada m\u00e1s y podr\u00edamos haber conservado ese trozo de tierra, pero no lo hemos hecho.<\/p>\n<p>\u201cAs\u00ed que tienen una opci\u00f3n.\u00a0<strong>Pueden decir que s\u00ed y les estaremos muy agradecidos o pueden decir que no y lo recordaremos<\/strong>&#8230;<\/p>\n<p>\u201cProbablemente no conseguiremos nada a menos que decida utilizar una fuerza excesiva y entonces, francamente, ser\u00eda imposible detenernos.<\/p>\n<p>\u201cPero no lo har\u00e9\u2026<\/p>\n<p>\u201cProbablemente sea mi declaraci\u00f3n m\u00e1s importante, porque la gente pensaba que utilizar\u00eda la fuerza.\u00a0<strong>No necesito utilizar la fuerza<\/strong>.\u00a0<strong>No quiero utilizar la fuerza. No utilizar\u00e9 la fuerza<\/strong>. Lo \u00fanico que pide Estados Unidos es un lugar llamado Groenlandia\u201d, reiter\u00f3.<\/p>\n<p>Trump considera que Ucrania podr\u00eda estar en juego en este esquema.<\/p>\n<p>\u201cEllos (los l\u00edderes de la Uni\u00f3n Europea) deben ocuparse de Ucrania. Nosotros, no. Estados Unidos est\u00e1 muy lejos. Tenemos un gran y magn\u00edfico oc\u00e9ano que nos separa. No tenemos nada que ver con eso\u2026 hasta que yo llegu\u00e9\u2026 pero ahora lo que pido es un trozo de hielo (insiste, respecto de Groenlandia)\u201d.<\/p>\n<p>Este a\u00f1o, el Foro Econ\u00f3mico de Davos reuni\u00f3 lo mismo a\u00a0<strong>Trump<\/strong>, que a\u00a0<strong>Emmanuel Macron<\/strong>, presidente de<strong>\u00a0<\/strong>Francia; a\u00a0<strong>Friedrich Merz<\/strong>\u00a0, de Alemania; a\u00a0<strong>Ursula von der Leyen,<\/strong>\u00a0de la Comisi\u00f3n Europea, y al canadiense\u00a0<strong>Mark Carney,<\/strong>\u00a0que a\u00a0<strong>Volod\u00edmir Zelenski<\/strong>, de<strong>\u00a0<\/strong>Ucrania y al conflictivo\u00a0<strong>Gustavo Petro, <\/strong>presidente de<strong>\u00a0<\/strong>Colombia;\u00a0 a\u00a0<strong>Daniel Noboa,<\/strong>\u00a0de Ecuador, y a Javier Milei, de Argentina, as\u00ed como a los dirigentes de Siria, Catar, L\u00edbano y Jordania.<\/p>\n<p>Ah\u00ed estuvieron, adem\u00e1s,\u00a0<strong>Ant\u00f3nio Guterres, <\/strong>secretario general de la\u00a0ONU;\u00a0<strong>Kristalina Georgieva del<\/strong>\u00a0FMI y\u00a0<strong>Ajay Banga, <\/strong>del\u00a0Banco Mundial, as\u00ed como los CEO\u2019s\u00a0<strong>Satya Nadella,<\/strong>\u00a0de Microsoft,\u00a0<strong>Jensen Huang,<\/strong>\u00a0de Nvidia; <strong>Jamie Dimon,<\/strong>\u00a0de\u00a0 JPMorgan Chase, y\u00a0<strong>Ken Griffin,<\/strong>\u00a0de Citadel.<\/p>\n<p>En el sal\u00f3n donde habl\u00f3 Trump estuvieron adem\u00e1s los punteros tecnol\u00f3gicos encabezados por\u00a0<strong>Dario Amodei,<\/strong>\u00a0de Anthropic;\u00a0<strong>Demis Hassabis,<\/strong>\u00a0de Google, y los cuadros m\u00e1s importantes de la Inteligencia Artificial como\u00a0<strong>Arthur Mensch<\/strong>\u00a0de Mistral AI y de Open AI.<\/p>\n<p>Los 200 paneles abiertos en el Foro fueron pr\u00e1cticamente dejados de lado con sus temas sobre el an\u00e1lisis de los motores de crecimiento econ\u00f3mico frente a un comercio global estancado y para abordar los retos de inversi\u00f3n en capital humano: educaci\u00f3n, formaci\u00f3n y capacitaci\u00f3n para reducir brechas de habilidades laborales o el desarrollo de nuevas tecnolog\u00edas.<\/p>\n<p>Luego de la larga y desordenada intervenci\u00f3n de\u00a0<strong>Trump<\/strong>, todo se centr\u00f3 en los puntos se\u00f1alados por el estadounidense.<\/p>\n<p>&nbsp;<\/p>\n<p>&nbsp;<\/p>\n<p><strong>Gertz y reforma electoral en la Permanente<\/strong><\/p>\n<p>&nbsp;<\/p>\n<p>Al indicar que la iniciativa sobre reforma electoral todav\u00eda no llega a Diputados, la panista Kenia L\u00f3pez Rabad\u00e1n, presidenta de San L\u00e1zaro, dijo que una vez que se reciba este proyecto se deber\u00e1 abrir un foro amplio de discusi\u00f3n para que en t\u00e9rminos democr\u00e1ticos sean escuchadas todos los actores pol\u00edticos.<\/p>\n<p>\u201cComo Poder Legislativo no hemos recibido una iniciativa (\u2026) hay que esperarla y, si hay alguna reforma, debe estar acompa\u00f1ada de todos los partidos pol\u00edticos, para que las reglas del juego que van a impactar a 130 millones de mexicanos sean plurales, que beneficien la democracia y materialicen el respeto de los votos de las y los mexicanos\u201d, afirm\u00f3.<\/p>\n<p>Igual, inform\u00f3 que el nombramiento recibido por la Comisi\u00f3n Permanente a favor del ex fiscal\u00a0<strong>Alejandro Gertz Manero<\/strong>\u00a0como embajador de M\u00e9xico ante el Reino Unido ser\u00e1 turnado a la Primera Comisi\u00f3n y ser puesto a debate durante la \u00faltima sesi\u00f3n a fines de este mes.<\/p>\n<p>&nbsp;<\/p>\n<p>Twitter: @_Vizcaino \/ Facebook<\/p>\n<p>\/\u00a0<a href=\"https:\/\/www.facebook.com\/rvizcainoa%20\/\">https:\/\/www.facebook.com\/rvizcainoa \/<\/a><\/p>\n<p>e-mail:\u00a0<a href=\"mailto:rvizcainoa@gmail.com\">rvizcainoa@gmail.com<\/a><\/p>\n<p>&nbsp;<\/p>\n<p>&nbsp;<\/p>\n<p>&nbsp;<\/p>\n<p>&nbsp;<\/p>\n","protected":false},"excerpt":{"rendered":"<p>\u00a0 &nbsp; \u00a0 TRAS LA PUERTA DEL PODER Roberto Vizca\u00edno \u00a0 &nbsp; &nbsp; Con la asistencia garantizada de los m\u00e1s importantes jefes de Estado del mundo y de los propietarios y CEO\u2019s de las corporaciones m\u00e1s poderosas a nivel internacional, con transmisi\u00f3n directa de todas las grandes cadenas informativas y enviados de los principales medios, [&hellip;]<\/p>\n","protected":false},"author":14,"featured_media":0,"comment_status":"open","ping_status":"open","sticky":false,"template":"","format":"standard","meta":{"_monsterinsights_skip_tracking":false,"_monsterinsights_sitenote_active":false,"_monsterinsights_sitenote_note":"","_monsterinsights_sitenote_category":0,"footnotes":""},"categories":[4,136],"tags":[],"class_list":["post-703153","post","type-post","status-publish","format-standard","hentry","category-opinion","category-roberto-vizcaino-opinion"],"_links":{"self":[{"href":"https:\/\/www.diarioimagen.net\/index.php?rest_route=\/wp\/v2\/posts\/703153","targetHints":{"allow":["GET"]}}],"collection":[{"href":"https:\/\/www.diarioimagen.net\/index.php?rest_route=\/wp\/v2\/posts"}],"about":[{"href":"https:\/\/www.diarioimagen.net\/index.php?rest_route=\/wp\/v2\/types\/post"}],"author":[{"embeddable":true,"href":"https:\/\/www.diarioimagen.net\/index.php?rest_route=\/wp\/v2\/users\/14"}],"replies":[{"embeddable":true,"href":"https:\/\/www.diarioimagen.net\/index.php?rest_route=%2Fwp%2Fv2%2Fcomments&post=703153"}],"version-history":[{"count":1,"href":"https:\/\/www.diarioimagen.net\/index.php?rest_route=\/wp\/v2\/posts\/703153\/revisions"}],"predecessor-version":[{"id":703154,"href":"https:\/\/www.diarioimagen.net\/index.php?rest_route=\/wp\/v2\/posts\/703153\/revisions\/703154"}],"wp:attachment":[{"href":"https:\/\/www.diarioimagen.net\/index.php?rest_route=%2Fwp%2Fv2%2Fmedia&parent=703153"}],"wp:term":[{"taxonomy":"category","embeddable":true,"href":"https:\/\/www.diarioimagen.net\/index.php?rest_route=%2Fwp%2Fv2%2Fcategories&post=703153"},{"taxonomy":"post_tag","embeddable":true,"href":"https:\/\/www.diarioimagen.net\/index.php?rest_route=%2Fwp%2Fv2%2Ftags&post=703153"}],"curies":[{"name":"wp","href":"https:\/\/api.w.org\/{rel}","templated":true}]}}