{"id":703211,"date":"2026-01-22T19:06:20","date_gmt":"2026-01-23T01:06:20","guid":{"rendered":"https:\/\/www.diarioimagen.net\/?p=703211"},"modified":"2026-01-22T19:06:20","modified_gmt":"2026-01-23T01:06:20","slug":"llueven-quejas-contra-el-imss-por-retrasos-en-citas-y-el-desabasto-de-medicamentos","status":"publish","type":"post","link":"https:\/\/www.diarioimagen.net\/?p=703211","title":{"rendered":"Llueven quejas contra el IMSS por\u00a0retrasos  en citas\u00a0y el desabasto de medicamentos"},"content":{"rendered":"<ul>\n<li><strong>Largas esperas de pacientes<\/strong><\/li>\n<\/ul>\n<p><strong>\u00a0<\/strong><\/p>\n<div id=\"attachment_703212\" style=\"width: 427px\" class=\"wp-caption alignnone\"><img loading=\"lazy\" decoding=\"async\" aria-describedby=\"caption-attachment-703212\" class=\"wp-image-703212 size-large\" src=\"https:\/\/www.diarioimagen.net\/wp-content\/uploads\/2026\/01\/BAENA-1-ok-13-417x270.jpg\" alt=\"\" width=\"417\" height=\"270\" srcset=\"https:\/\/www.diarioimagen.net\/wp-content\/uploads\/2026\/01\/BAENA-1-ok-13-417x270.jpg 417w, https:\/\/www.diarioimagen.net\/wp-content\/uploads\/2026\/01\/BAENA-1-ok-13-240x156.jpg 240w, https:\/\/www.diarioimagen.net\/wp-content\/uploads\/2026\/01\/BAENA-1-ok-13-768x498.jpg 768w, https:\/\/www.diarioimagen.net\/wp-content\/uploads\/2026\/01\/BAENA-1-ok-13.jpg 1500w\" sizes=\"auto, (max-width: 417px) 100vw, 417px\" \/><p id=\"caption-attachment-703212\" class=\"wp-caption-text\">Retrasos en citas, falta de atenci\u00f3n m\u00e9dica y desabasto de medicamentos han ocasionado un descontento generalizado de derechohabientes del IMSS mexiquense y de la CDMX.<\/p><\/div>\n<p>&nbsp;<\/p>\n<p>Por Arturo Baena<\/p>\n<p>&nbsp;<\/p>\n<p>Valle de M\u00e9xico.- Los retrasos en citas, falta de atenci\u00f3n m\u00e9dica y desabasto de medicamentos han ocasionado un descontento generalizado de derechohabientes del Instituto Mexicano del Seguro Social (IMSS) mexiquense y de la Ciudad de M\u00e9xico, que han alcanzando cifras preocupantes a principios de este a\u00f1o 2026.<\/p>\n<p>&nbsp;<\/p>\n<p>As\u00ed lo expres\u00f3, la dirigencia de la Central Unitaria de Trabajadores (CUT), en voz de Rogelio Torres, luego de destacar qu\u00e9<\/p>\n<p>\u201clos derechohabientes enfrentan largas esperas para consultas de especialidad y cirug\u00edas, con quejas constantes sobre la reprogramaci\u00f3n de citas y falta de fichas para su atenci\u00f3n\u201d, afirm\u00f3.<\/p>\n<p>&nbsp;<\/p>\n<p>El dirigente puntualiz\u00f3 que \u201cefectivamente, se han documentado situaciones cr\u00edticas en diversas unidades de la entidad \u00a0mexiquense, \u00a0incluyendo la cl\u00ednica 13 en Azcapotzalco y el Hospital de La Raza, en donde los pacientes denuncian demoras excesivas y pretextos para no brindar atenci\u00f3n\u201d, remarc\u00f3.<\/p>\n<p>&nbsp;<\/p>\n<p>LA CUT hizo un llamado a las autoridades competentes con el fin de remediar esta situaci\u00f3n que \u201cpone en riesgo la salud de miles de pacientes del IMSS \u00a0cuya demanda es totalmente justa, toda vez que les descuentan cuotas para ser debidamente atendidos\u201d, abund\u00f3.<\/p>\n<p>&nbsp;<\/p>\n<p>Y es que a pesar del aumento en las quejas, el IMSS report\u00f3 un incremento en la atenci\u00f3n (m\u00e1s de 14 millones adicionales en 2025 frente a 2024), lo que busca reducir el rezago, pero no ha sido suficiente para calmar las quejas de los usuarios sobre la calidad y prontitud del servicio.<\/p>\n<p>&nbsp;<\/p>\n<p>&nbsp;<\/p>\n<p><strong>\u00a0<\/strong><\/p>\n<p>&nbsp;<\/p>\n","protected":false},"excerpt":{"rendered":"<p>Largas esperas de pacientes \u00a0 &nbsp; Por Arturo Baena &nbsp; Valle de M\u00e9xico.- Los retrasos en citas, falta de atenci\u00f3n m\u00e9dica y desabasto de medicamentos han ocasionado un descontento generalizado de derechohabientes del Instituto Mexicano del Seguro Social (IMSS) mexiquense y de la Ciudad de M\u00e9xico, que han alcanzando cifras preocupantes a principios de este [&hellip;]<\/p>\n","protected":false},"author":14,"featured_media":703212,"comment_status":"open","ping_status":"open","sticky":false,"template":"","format":"standard","meta":{"_monsterinsights_skip_tracking":false,"_monsterinsights_sitenote_active":false,"_monsterinsights_sitenote_note":"","_monsterinsights_sitenote_category":0,"footnotes":""},"categories":[5],"tags":[],"class_list":["post-703211","post","type-post","status-publish","format-standard","has-post-thumbnail","hentry","category-estado-de-mexico"],"_links":{"self":[{"href":"https:\/\/www.diarioimagen.net\/index.php?rest_route=\/wp\/v2\/posts\/703211","targetHints":{"allow":["GET"]}}],"collection":[{"href":"https:\/\/www.diarioimagen.net\/index.php?rest_route=\/wp\/v2\/posts"}],"about":[{"href":"https:\/\/www.diarioimagen.net\/index.php?rest_route=\/wp\/v2\/types\/post"}],"author":[{"embeddable":true,"href":"https:\/\/www.diarioimagen.net\/index.php?rest_route=\/wp\/v2\/users\/14"}],"replies":[{"embeddable":true,"href":"https:\/\/www.diarioimagen.net\/index.php?rest_route=%2Fwp%2Fv2%2Fcomments&post=703211"}],"version-history":[{"count":1,"href":"https:\/\/www.diarioimagen.net\/index.php?rest_route=\/wp\/v2\/posts\/703211\/revisions"}],"predecessor-version":[{"id":703213,"href":"https:\/\/www.diarioimagen.net\/index.php?rest_route=\/wp\/v2\/posts\/703211\/revisions\/703213"}],"wp:featuredmedia":[{"embeddable":true,"href":"https:\/\/www.diarioimagen.net\/index.php?rest_route=\/wp\/v2\/media\/703212"}],"wp:attachment":[{"href":"https:\/\/www.diarioimagen.net\/index.php?rest_route=%2Fwp%2Fv2%2Fmedia&parent=703211"}],"wp:term":[{"taxonomy":"category","embeddable":true,"href":"https:\/\/www.diarioimagen.net\/index.php?rest_route=%2Fwp%2Fv2%2Fcategories&post=703211"},{"taxonomy":"post_tag","embeddable":true,"href":"https:\/\/www.diarioimagen.net\/index.php?rest_route=%2Fwp%2Fv2%2Ftags&post=703211"}],"curies":[{"name":"wp","href":"https:\/\/api.w.org\/{rel}","templated":true}]}}