{"id":703220,"date":"2026-01-22T19:37:01","date_gmt":"2026-01-23T01:37:01","guid":{"rendered":"https:\/\/www.diarioimagen.net\/?p=703220"},"modified":"2026-01-22T19:37:01","modified_gmt":"2026-01-23T01:37:01","slug":"entrega-el-gobierno-de-tlalnepantla-apoyos-invernales-con-el-cobijazo","status":"publish","type":"post","link":"https:\/\/www.diarioimagen.net\/?p=703220","title":{"rendered":"Entrega el gobierno de Tlalnepantla apoyos invernales con el \u201cCobijazo\u201d"},"content":{"rendered":"<p><img loading=\"lazy\" decoding=\"async\" class=\"alignnone wp-image-703221 size-large\" src=\"https:\/\/www.diarioimagen.net\/wp-content\/uploads\/2026\/01\/BAENA-4-ok-10-405x270.jpg\" alt=\"\" width=\"405\" height=\"270\" srcset=\"https:\/\/www.diarioimagen.net\/wp-content\/uploads\/2026\/01\/BAENA-4-ok-10-405x270.jpg 405w, https:\/\/www.diarioimagen.net\/wp-content\/uploads\/2026\/01\/BAENA-4-ok-10-240x160.jpg 240w, https:\/\/www.diarioimagen.net\/wp-content\/uploads\/2026\/01\/BAENA-4-ok-10-768x513.jpg 768w, https:\/\/www.diarioimagen.net\/wp-content\/uploads\/2026\/01\/BAENA-4-ok-10.jpg 1500w\" sizes=\"auto, (max-width: 405px) 100vw, 405px\" \/><\/p>\n<p>&nbsp;<\/p>\n<p>Tlalnepantla, M\u00e9x.- Con el compromiso de proteger la salud de las familias de Tlalnepantla, el gobierno municipal encabezado por el alcalde Raciel P\u00e9rez Cruz, dio inicio al programa \u00abCobijazo\u00bb.\u00a0 Este programa tiene como meta la distribuci\u00f3n de 15 mil cobijas de manera gratuita en todo el territorio municipal durante la presente temporada de fr\u00edo. El edil subray\u00f3 que estos apoyos son una muestra de solidaridad institucional para disminuir riesgo de enfermedades y brindar abrigo a quienes m\u00e1s lo necesitan. \u201cNuestra prioridad es la protecci\u00f3n de quienes m\u00e1s lo requieren; con este programa buscamos que ninguna familia de Tlalnepantla pase fr\u00edo, llevando calor y bienestar directamente hasta sus hogares para afrontar juntos esta temporada invernal\u201d, destac\u00f3 el Alcalde.<\/p>\n","protected":false},"excerpt":{"rendered":"<p>&nbsp; Tlalnepantla, M\u00e9x.- Con el compromiso de proteger la salud de las familias de Tlalnepantla, el gobierno municipal encabezado por el alcalde Raciel P\u00e9rez Cruz, dio inicio al programa \u00abCobijazo\u00bb.\u00a0 Este programa tiene como meta la distribuci\u00f3n de 15 mil cobijas de manera gratuita en todo el territorio municipal durante la presente temporada de fr\u00edo. [&hellip;]<\/p>\n","protected":false},"author":14,"featured_media":703221,"comment_status":"open","ping_status":"open","sticky":false,"template":"","format":"standard","meta":{"_monsterinsights_skip_tracking":false,"_monsterinsights_sitenote_active":false,"_monsterinsights_sitenote_note":"","_monsterinsights_sitenote_category":0,"footnotes":""},"categories":[5],"tags":[],"class_list":["post-703220","post","type-post","status-publish","format-standard","has-post-thumbnail","hentry","category-estado-de-mexico"],"_links":{"self":[{"href":"https:\/\/www.diarioimagen.net\/index.php?rest_route=\/wp\/v2\/posts\/703220","targetHints":{"allow":["GET"]}}],"collection":[{"href":"https:\/\/www.diarioimagen.net\/index.php?rest_route=\/wp\/v2\/posts"}],"about":[{"href":"https:\/\/www.diarioimagen.net\/index.php?rest_route=\/wp\/v2\/types\/post"}],"author":[{"embeddable":true,"href":"https:\/\/www.diarioimagen.net\/index.php?rest_route=\/wp\/v2\/users\/14"}],"replies":[{"embeddable":true,"href":"https:\/\/www.diarioimagen.net\/index.php?rest_route=%2Fwp%2Fv2%2Fcomments&post=703220"}],"version-history":[{"count":1,"href":"https:\/\/www.diarioimagen.net\/index.php?rest_route=\/wp\/v2\/posts\/703220\/revisions"}],"predecessor-version":[{"id":703222,"href":"https:\/\/www.diarioimagen.net\/index.php?rest_route=\/wp\/v2\/posts\/703220\/revisions\/703222"}],"wp:featuredmedia":[{"embeddable":true,"href":"https:\/\/www.diarioimagen.net\/index.php?rest_route=\/wp\/v2\/media\/703221"}],"wp:attachment":[{"href":"https:\/\/www.diarioimagen.net\/index.php?rest_route=%2Fwp%2Fv2%2Fmedia&parent=703220"}],"wp:term":[{"taxonomy":"category","embeddable":true,"href":"https:\/\/www.diarioimagen.net\/index.php?rest_route=%2Fwp%2Fv2%2Fcategories&post=703220"},{"taxonomy":"post_tag","embeddable":true,"href":"https:\/\/www.diarioimagen.net\/index.php?rest_route=%2Fwp%2Fv2%2Ftags&post=703220"}],"curies":[{"name":"wp","href":"https:\/\/api.w.org\/{rel}","templated":true}]}}