{"id":703292,"date":"2026-01-22T21:19:29","date_gmt":"2026-01-23T03:19:29","guid":{"rendered":"https:\/\/www.diarioimagen.net\/?p=703292"},"modified":"2026-01-22T21:19:29","modified_gmt":"2026-01-23T03:19:29","slug":"va-el-mundo-a-la-ley-del-mas-fuerte-seria-una-regresion-grave","status":"publish","type":"post","link":"https:\/\/www.diarioimagen.net\/?p=703292","title":{"rendered":"\u00bfVa el mundo a la ley del m\u00e1s  fuerte?\u2026 ser\u00eda una regresi\u00f3n grave"},"content":{"rendered":"<p>&nbsp;<\/p>\n<p><strong>Tras la puerta del poder<\/strong> Roberto Vizca\u00edno<\/p>\n<p>&nbsp;<\/p>\n<p>&nbsp;<\/p>\n<p>El proceso legislativo<\/p>\n<p>de nominaci\u00f3n del ex fiscal\u00a0Alejandro Gertz \u00a0como nuevo embajador en Reino Unido dentro de la Comisi\u00f3n Permanente, abri\u00f3 ayer un debate interno entre coordinadores parlamentarios de senadores y diputados.<\/p>\n<p>Este inesperado an\u00e1lisis sobre el rumbo que toma el contexto internacional, luego del amplio y muy preocupante discurso del presidente\u00a0Donald Trump\u00a0en el Foro Econ\u00f3mico de Davos, se dio durante un di\u00e1logo previo del ex fiscal con coordinadores parlamentarios de Senadores y Diputados que forman parte de la Comisi\u00f3n Permanente.<\/p>\n<p>Los t\u00e9rminos de este an\u00e1lisis fueron comentados por el zacatecano\u00a0Ricardo Monreal:<\/p>\n<p>\u201cEstuvimos conversando por cerca de 40 minutos (con\u00a0Gertz)\u2026 hablamos sobre la gran responsabilidad de ser embajador de M\u00e9xico en Reino Unido; la responsabilidad de que hoy\u00a0la geopol\u00edtica ha cambiado\u00a0despu\u00e9s del discurso de ayer de\u00a0Donald Trump.<\/p>\n<p>\u201cSe evidencia que\u00a0hay un reajuste en el mundo sobre los bloques econ\u00f3micos y obviamente hay reacciones.\u00a0Nosotros creemos que el mundo est\u00e1 cambiando y que la geopol\u00edtica es ya otra,\u00a0que el derecho internacional se est\u00e1 subordinando a la fuerza militar y pol\u00edtica de los imperios\u00a0y eso, a las naciones como la nuestra,\u00a0nos preocupa, porque\u00a0abandonar el derecho internacional es simplemente situarnos en la ley del m\u00e1s fuerte y eso me parece que es una regresi\u00f3n grave en la relaci\u00f3n con el mundo.<\/p>\n<p>\u201cHasta ahora, Inglaterra, el Reino Unido, hab\u00eda sido y ha sido, un\u00a0aliado indiscutible con Estados Unidos, pero ahora que ha habido diferencias notables, sobre todo observadas en el \u00faltimo momento en el Foro de Davos, no s\u00e9 qu\u00e9 alineamiento va a tener Reino Unido, pero para M\u00e9xico es\u00a0una embajada clave\u00a0para poder insertarnos en el mundo comercial de Europa y para fortalecer nuestros lazos de intercambio, no s\u00f3lo comercial sino tambi\u00e9n acad\u00e9mico\u201d, dijo Monreal.<\/p>\n<p>Dentro de esa conversaci\u00f3n previa con\u00a0Gertz, el ex fiscal les coment\u00f3 que en Inglaterra existe\u00a0la comunidad m\u00e1s grande del mundo de estudiantes mexicanos.<\/p>\n<p>\u201cEst\u00e1 en Londres, est\u00e1 en Reino Unido, hay estudiantes que\u00a0est\u00e1n en Oxford, o en\u00a0Cambridge, o en el\u00a0College, el King\u2019s College\u00a0y en varias universidades de Reino Unido.<\/p>\n<p>\u201cEl mayor n\u00famero de estudiantes mexicanos que se est\u00e1n preparando est\u00e1n en este lugar\u201d, coment\u00f3.<\/p>\n<p>Respecto del muy comentado discurso en Davos de\u00a0Mark Carney, primer ministro de Canad\u00e1, y que se tom\u00f3 como un contrapunto al de\u00a0Donald Trump, que en M\u00e9xico fue muy reconocido por la presidenta\u00a0Claudia Sheinbaum, el zacatecano Monreal dijo:<\/p>\n<p>\u201cMe parece un discurso\u00a0valiente. El discurso del primer ministro de Canad\u00e1 me pareci\u00f3\u00a0audaz y ellos\u00a0est\u00e1n buscando ya nuevos mercados, por eso la firma suscrita con China debe tener reflexionando a la econom\u00eda norteamericana, porque ellos han sido fundamentales en el T-MEC, los tres pa\u00edses: M\u00e9xico, Estados Unidos y Canad\u00e1\u201d.<\/p>\n<p>-\u00bfT\u00fa ves la posibilidad de que el T-MEC s\u00f3lo quede entre Estados Unidos y M\u00e9xico?, se le pregunt\u00f3.<\/p>\n<p>\u201cYo\u00a0espero que no\u2026 evidentemente creo que\u00a0Estados Unidos (Trump) debe de estar pensando seriamente en este viraje que Canad\u00e1\u00a0ha hecho, de voltear hacia el mercado asi\u00e1tico y ya haber firmado los primeros acuerdos comerciales, y acuerdos de entendimiento entre las dos naciones.<\/p>\n<p>\u201cObviamente,\u00a0estuvo tambi\u00e9n la gobernadora de Canad\u00e1 aqu\u00ed (en M\u00e9xico), China est\u00e1 haciendo su trabajo en el mundo para convertirse en el principal proveedor de mercanc\u00edas en el mundo y desplazar a otras econom\u00edas.<\/p>\n<p>\u201cPor eso, me parece que cuando a un socio comercial se le trata mal, ocurre lo que Canad\u00e1 est\u00e1 haciendo\u201d, afirm\u00f3\u00a0Monreal.<\/p>\n<p>En cuanto al controvertido ex fiscal, quien ayer fue ratificado por la Primera Comisi\u00f3n de la Permanente como nuevo embajador de M\u00e9xico en Reino Unido, Monreal\u00a0dijo lo encontr\u00f3 animado y lleno de ideas y proyectos a enfrentar desde su nuevo encargo en Inglaterra.<\/p>\n<p>-\u00bfNo recibi\u00f3 (Gertz) esta embajada como un\u00a0exilio?, se le interrog\u00f3.<\/p>\n<p>-No, al contrario\u2026 como una responsabilidad m\u00e1s, respondi\u00f3\u00a0Monreal\u00a0por el exfiscal.<\/p>\n<p>Convoca Kenia<\/p>\n<p>a estudiantes a participar en pol\u00edtica<\/p>\n<p>Al suscribir como presidenta de los diputados un convenio de colaboraci\u00f3n en materia acad\u00e9mica, de investigaci\u00f3n y capacitaci\u00f3n con la Universidad An\u00e1huac, la panista\u00a0Kenia L\u00f3pez Rabadan\u00a0pidi\u00f3 a sus estudiantes involucrarse en pol\u00edtica.<\/p>\n<p>Y dentro de este reto, pidi\u00f3 a las estudiantes a\u00a0romper el techo de cristal\u00a0y volcarse en el espacio p\u00fablico.<\/p>\n<p>\u201cSi eres mujer y quieres entrar a la pol\u00edtica, desarrollarte en un espacio p\u00fablico s\u00ed se puede. S\u00ed se puede lograr lo que anhelamos, s\u00ed se puede construir el bien com\u00fan, s\u00ed se puede priorizar a nuestro pr\u00f3jimo, s\u00ed se puede construir un mejor pa\u00eds. S\u00ed se puede y este pa\u00eds est\u00e1 obligado a construirlo ahora tambi\u00e9n con las mujeres. Se pueden romper las barreras y decir: voy a liderar\u201d, las persuadi\u00f3.<\/p>\n<p>Y agreg\u00f3:<\/p>\n<p>\u201cA todos los j\u00f3venes les digo gracias, porque para los pol\u00edticos, para quienes hacemos el servicio p\u00fablico, nuestra mayor responsabilidad son los j\u00f3venes, los necesitamos. Tienen un lenguaje nuevo, un lenguaje distinto y necesitamos aprender ese lenguaje. Tienen prioridades nuevas \u0443 distintas y necesitamos saber cu\u00e1les son\u201d, dijo.<\/p>\n<p>&nbsp;<\/p>\n<p>rvizcainoa@gmail.com\/<\/p>\n<p>Twitter: @_Vizcaino \/<\/p>\n<p>facebook.com\/rvizcainoa<\/p>\n","protected":false},"excerpt":{"rendered":"<p>&nbsp; Tras la puerta del poder Roberto Vizca\u00edno &nbsp; &nbsp; El proceso legislativo de nominaci\u00f3n del ex fiscal\u00a0Alejandro Gertz \u00a0como nuevo embajador en Reino Unido dentro de la Comisi\u00f3n Permanente, abri\u00f3 ayer un debate interno entre coordinadores parlamentarios de senadores y diputados. Este inesperado an\u00e1lisis sobre el rumbo que toma el contexto internacional, luego del [&hellip;]<\/p>\n","protected":false},"author":14,"featured_media":0,"comment_status":"open","ping_status":"open","sticky":false,"template":"","format":"standard","meta":{"_monsterinsights_skip_tracking":false,"_monsterinsights_sitenote_active":false,"_monsterinsights_sitenote_note":"","_monsterinsights_sitenote_category":0,"footnotes":""},"categories":[4,136],"tags":[],"class_list":["post-703292","post","type-post","status-publish","format-standard","hentry","category-opinion","category-roberto-vizcaino-opinion"],"_links":{"self":[{"href":"https:\/\/www.diarioimagen.net\/index.php?rest_route=\/wp\/v2\/posts\/703292","targetHints":{"allow":["GET"]}}],"collection":[{"href":"https:\/\/www.diarioimagen.net\/index.php?rest_route=\/wp\/v2\/posts"}],"about":[{"href":"https:\/\/www.diarioimagen.net\/index.php?rest_route=\/wp\/v2\/types\/post"}],"author":[{"embeddable":true,"href":"https:\/\/www.diarioimagen.net\/index.php?rest_route=\/wp\/v2\/users\/14"}],"replies":[{"embeddable":true,"href":"https:\/\/www.diarioimagen.net\/index.php?rest_route=%2Fwp%2Fv2%2Fcomments&post=703292"}],"version-history":[{"count":1,"href":"https:\/\/www.diarioimagen.net\/index.php?rest_route=\/wp\/v2\/posts\/703292\/revisions"}],"predecessor-version":[{"id":703293,"href":"https:\/\/www.diarioimagen.net\/index.php?rest_route=\/wp\/v2\/posts\/703292\/revisions\/703293"}],"wp:attachment":[{"href":"https:\/\/www.diarioimagen.net\/index.php?rest_route=%2Fwp%2Fv2%2Fmedia&parent=703292"}],"wp:term":[{"taxonomy":"category","embeddable":true,"href":"https:\/\/www.diarioimagen.net\/index.php?rest_route=%2Fwp%2Fv2%2Fcategories&post=703292"},{"taxonomy":"post_tag","embeddable":true,"href":"https:\/\/www.diarioimagen.net\/index.php?rest_route=%2Fwp%2Fv2%2Ftags&post=703292"}],"curies":[{"name":"wp","href":"https:\/\/api.w.org\/{rel}","templated":true}]}}