{"id":703432,"date":"2026-01-25T22:10:47","date_gmt":"2026-01-26T04:10:47","guid":{"rendered":"https:\/\/www.diarioimagen.net\/?p=703432"},"modified":"2026-01-25T22:10:47","modified_gmt":"2026-01-26T04:10:47","slug":"tlalnepantla-hace-historia-al-participar-en-la-fitur-2026","status":"publish","type":"post","link":"https:\/\/www.diarioimagen.net\/?p=703432","title":{"rendered":"Tlalnepantla hace historia  al participar en la Fitur 2026"},"content":{"rendered":"<ul>\n<li><strong>En el stand Estado de M\u00e9xico<\/strong><\/li>\n<\/ul>\n<p><strong>\u00a0<\/strong><\/p>\n<div id=\"attachment_703433\" style=\"width: 470px\" class=\"wp-caption alignnone\"><img loading=\"lazy\" decoding=\"async\" aria-describedby=\"caption-attachment-703433\" class=\"wp-image-703433 size-large\" src=\"https:\/\/www.diarioimagen.net\/wp-content\/uploads\/2026\/01\/BAENA-3-ok-12-460x251.jpg\" alt=\"\" width=\"460\" height=\"251\" srcset=\"https:\/\/www.diarioimagen.net\/wp-content\/uploads\/2026\/01\/BAENA-3-ok-12-460x251.jpg 460w, https:\/\/www.diarioimagen.net\/wp-content\/uploads\/2026\/01\/BAENA-3-ok-12-240x131.jpg 240w, https:\/\/www.diarioimagen.net\/wp-content\/uploads\/2026\/01\/BAENA-3-ok-12-768x419.jpg 768w, https:\/\/www.diarioimagen.net\/wp-content\/uploads\/2026\/01\/BAENA-3-ok-12.jpg 1500w\" sizes=\"auto, (max-width: 460px) 100vw, 460px\" \/><p id=\"caption-attachment-703433\" class=\"wp-caption-text\">El alcalde Raciel P\u00e9rez Cruz destac\u00f3 la participaci\u00f3n oficial del municipio en la Feria Internacional de Turismo (Fitur) 2026 en Madrid, Espa\u00f1a.<\/p><\/div>\n<p>Tlalnepantla, M\u00e9x.- Raciel P\u00e9rez Cruz, alcalde de este municipio, marca un precedente hist\u00f3rico al concretar, por primera ocasi\u00f3n, la participaci\u00f3n oficial del municipio en la Feria Internacional de Turismo (Fitur) en Madrid, Espa\u00f1a, como parte del stand del Estado de M\u00e9xico.<\/p>\n<p>&nbsp;<\/p>\n<p>La presencia de Tlalnepantla representa la conquista de un nuevo horizonte, para visibilizar al municipio como un destino tur\u00edstico, al tiempo que promueve el networking y la vinculaci\u00f3n empresarial.<\/p>\n<p>&nbsp;<\/p>\n<p>Esta participaci\u00f3n es el resultado de una visi\u00f3n de Estado que busca reivindicar la grandeza y exponer ante el mundo que el municipio posee una riqueza arqueol\u00f3gica y cultural, con espacios emblem\u00e1ticos a la altura de las grandes capitales.<\/p>\n<p>&nbsp;<\/p>\n<p>\u201cHoy estamos escribiendo una p\u00e1gina nueva en la historia de nuestra ciudad. Por primera vez, el mundo conoce la majestuosidad de nuestras ra\u00edces y la fuerza de nuestra gente en el foro m\u00e1s importante del planeta. Mi meta es que cada habitante se sienta orgulloso de vivir en el municipio m\u00e1s din\u00e1mico, moderno y con mayor proyecci\u00f3n de todo el Estado de M\u00e9xico\u201d, afirm\u00f3 el Alcalde.<\/p>\n<p>&nbsp;<\/p>\n<p>Demostrar que un municipio con vocaci\u00f3n industrial y de servicios tambi\u00e9n puede y debe ser un referente de identidad y patrimonio.<\/p>\n<p>&nbsp;<\/p>\n<p>&nbsp;<\/p>\n","protected":false},"excerpt":{"rendered":"<p>En el stand Estado de M\u00e9xico \u00a0 Tlalnepantla, M\u00e9x.- Raciel P\u00e9rez Cruz, alcalde de este municipio, marca un precedente hist\u00f3rico al concretar, por primera ocasi\u00f3n, la participaci\u00f3n oficial del municipio en la Feria Internacional de Turismo (Fitur) en Madrid, Espa\u00f1a, como parte del stand del Estado de M\u00e9xico. &nbsp; La presencia de Tlalnepantla representa la [&hellip;]<\/p>\n","protected":false},"author":14,"featured_media":703433,"comment_status":"open","ping_status":"open","sticky":false,"template":"","format":"standard","meta":{"_monsterinsights_skip_tracking":false,"_monsterinsights_sitenote_active":false,"_monsterinsights_sitenote_note":"","_monsterinsights_sitenote_category":0,"footnotes":""},"categories":[5],"tags":[],"class_list":["post-703432","post","type-post","status-publish","format-standard","has-post-thumbnail","hentry","category-estado-de-mexico"],"_links":{"self":[{"href":"https:\/\/www.diarioimagen.net\/index.php?rest_route=\/wp\/v2\/posts\/703432","targetHints":{"allow":["GET"]}}],"collection":[{"href":"https:\/\/www.diarioimagen.net\/index.php?rest_route=\/wp\/v2\/posts"}],"about":[{"href":"https:\/\/www.diarioimagen.net\/index.php?rest_route=\/wp\/v2\/types\/post"}],"author":[{"embeddable":true,"href":"https:\/\/www.diarioimagen.net\/index.php?rest_route=\/wp\/v2\/users\/14"}],"replies":[{"embeddable":true,"href":"https:\/\/www.diarioimagen.net\/index.php?rest_route=%2Fwp%2Fv2%2Fcomments&post=703432"}],"version-history":[{"count":1,"href":"https:\/\/www.diarioimagen.net\/index.php?rest_route=\/wp\/v2\/posts\/703432\/revisions"}],"predecessor-version":[{"id":703434,"href":"https:\/\/www.diarioimagen.net\/index.php?rest_route=\/wp\/v2\/posts\/703432\/revisions\/703434"}],"wp:featuredmedia":[{"embeddable":true,"href":"https:\/\/www.diarioimagen.net\/index.php?rest_route=\/wp\/v2\/media\/703433"}],"wp:attachment":[{"href":"https:\/\/www.diarioimagen.net\/index.php?rest_route=%2Fwp%2Fv2%2Fmedia&parent=703432"}],"wp:term":[{"taxonomy":"category","embeddable":true,"href":"https:\/\/www.diarioimagen.net\/index.php?rest_route=%2Fwp%2Fv2%2Fcategories&post=703432"},{"taxonomy":"post_tag","embeddable":true,"href":"https:\/\/www.diarioimagen.net\/index.php?rest_route=%2Fwp%2Fv2%2Ftags&post=703432"}],"curies":[{"name":"wp","href":"https:\/\/api.w.org\/{rel}","templated":true}]}}