{"id":703612,"date":"2026-01-26T00:24:25","date_gmt":"2026-01-26T06:24:25","guid":{"rendered":"https:\/\/www.diarioimagen.net\/?p=703612"},"modified":"2026-01-26T00:24:25","modified_gmt":"2026-01-26T06:24:25","slug":"sera-que-ahora-si-lo-hace-trump","status":"publish","type":"post","link":"https:\/\/www.diarioimagen.net\/?p=703612","title":{"rendered":"\u00a0\u00bfSer\u00e1 que ahora s\u00ed lo hace Trump?"},"content":{"rendered":"<p><strong>\u00a0<\/strong><\/p>\n<p><strong>\u00a0<\/strong><\/p>\n<p><strong>TRAS LA PUERTA DEL PODER <\/strong><strong>Roberto Vizca\u00edno<\/strong><\/p>\n<p>&nbsp;<\/p>\n<p><strong>\u00a0<\/strong><\/p>\n<p>&nbsp;<\/p>\n<p>&nbsp;<\/p>\n<p>No, el presidente\u00a0<strong>Donald Trump<\/strong>\u00a0no quita el dedo de la intervenci\u00f3n militar en M\u00e9xico.<\/p>\n<p>Es m\u00e1s, durante el fin de la semana insisti\u00f3 en una entrevista con\u00a0<strong><em>The New York Times<\/em><\/strong>\u00a0en que los ataques militares terrestres directos a c\u00e1rteles van a ocurrir ya, \u201cen cualquier momento\u201d, en cualquier parte de Am\u00e9rica Latina\u2026 incluso en M\u00e9xico\u2026<\/p>\n<p>As\u00ed que, parece ser que cada vez estamos m\u00e1s cerca de prepararnos aqu\u00ed para aplaudirle o para cantar el Himno Nacional en el Z\u00f3calo a coro junto a la presidenta\u00a0<strong>Claudia Sheinbaum<\/strong>.<\/p>\n<p>Ya cantar el Himno Nacional o reclamar una soberan\u00eda, ya hartamente vulnerada por los propios c\u00e1rteles, ser\u00eda un tremendo exceso si es para protestar por un bombardeo a narcos. Digo yo.<\/p>\n<p>Todo esto se da en el contexto y mes en que el presidente\u00a0<strong>Donald Trump<\/strong>\u00a0orden\u00f3 una operaci\u00f3n militar para capturar en pleno Caracas al dictador\u00a0<strong>Nicol\u00e1s Maduro<\/strong>\u00a0y llevarlo ante un tribunal en Nueva York, en el mes en que cumpli\u00f3 su primer a\u00f1o de gobierno de su segundo mandato en la Casa Blanca y cuando en el Foro Econ\u00f3mico de Davos, Suiza, dej\u00f3 en claro ante la c\u00fapula del poder mundial que va por un nuevo orden mundial predominantemente a favor de EU.<\/p>\n<p>Lo menos que hizo ah\u00ed fue negociar quedarse con el control de Groenlandia.<\/p>\n<p>Y es en este mes de enero de 2026 que a M\u00e9xico lleg\u00f3 sorpresivamente en su avi\u00f3n el director del FBI,\u00a0<strong>Kash Patel,\u00a0<\/strong>para partir a Washington quiz\u00e1 12 horas despu\u00e9s, entre las 6 y 7 de la ma\u00f1ana del s\u00e1bado llev\u00e1ndose a<strong>\u00a0Alejandro Rosales Castillo\u00a0<\/strong>y al canadiense<strong>\u00a0Ryan Weddin<\/strong>g, dos de los 10 delincuentes m\u00e1s buscados en EU.<\/p>\n<p>En su narrativa, ya en Washington, con sus dos trofeos tras sus rejas, la fiscal general de EU,<strong>\u00a0Pat Bondi,\u00a0<\/strong>y el director del FBI,<strong>\u00a0Kash Patel,\u00a0<\/strong>dir\u00edan a medios norteamericanos que sus agentes -entre ellos el equipo que captur\u00f3 a<strong>\u00a0Nicol\u00e1s Maduro\u00a0<\/strong>en Caracas<strong>-,\u00a0<\/strong>fueron destacados en M\u00e9xico para lograr estas dos capturas<strong>.<\/strong><\/p>\n<p><strong>Todo indica que fueron ellos quienes lo lograron sin la participaci\u00f3n de instancias mexicanas.<\/strong><\/p>\n<p>Y adem\u00e1s queda claro que el director del FBI estaba enterado de todo al llegar en su avi\u00f3n la tarde del d\u00eda anterior de la captura que se disfraz\u00f3 de \u201cauto-entrega\u201d de los delincuentes en la Embajada de EU, en la colonia Polanco de la CDMX.<\/p>\n<p>El caso es que ya fuese captura o auto-entrega, ninguno de los dos delincuentes fueron presentados ante un Ministerio P\u00fablico o autoridad judicial de M\u00e9xico, sino que se entregaron o fueron presentados en suelo mexicano a autoridades de EU. Es decir, sin tomar en cuenta la soberan\u00eda del pa\u00eds tan reclamada por\u00a0<strong>Claudia Sheinbaum<\/strong>.<\/p>\n<p><strong>Alejandro Rosales Castillo<\/strong>\u00a0es reclamado por EU por el asesinato de una mujer y\u00a0<strong>Ryan Weddin<\/strong>g es un ex atleta ol\u00edmpico canadiense que se convirti\u00f3 en uno de los principales lideres del Cartel del Sinaloa, y era el sexto de los 10 delincuentes m\u00e1s buscados por EU.<\/p>\n<p>Ambos son hoy la muestra de que agentes de EU operan en M\u00e9xico y que las autoridades de aquel pa\u00eds bajo las \u00f3rdenes del presidente\u00a0<strong>Donald Trump<\/strong>\u00a0pueden capturar a quien quieran aqu\u00ed y llev\u00e1rselo en directo sin mayores tr\u00e1mites hacia aquel pa\u00eds.<\/p>\n<p><strong>Es en este contexto en que el mandatario norteamericano advirti\u00f3 de nuevo que ahora s\u00ed, pronto, atacar\u00e1 por tierra a c\u00e1rteles mexicanos.<\/strong><\/p>\n<p>\u201cLos vamos a atacar por tierra&#8230; conocemos con precisi\u00f3n las rutas, operaciones y ubicaciones de las organizaciones criminales\u2026 lo sabemos todo sobre ellos. Conocemos sus hogares\u2026 los vamos a atacar\u201d, insisti\u00f3.<\/p>\n<p>Y su aviso lo hace a pesar de los tambi\u00e9n reiterados rechazos de la presidenta\u00a0<strong>Claudia Sheinbaum<\/strong>\u00a0a cualquier intervenci\u00f3n de militares y de agentes de EU contra carteles en M\u00e9xico.<\/p>\n<p>&nbsp;<\/p>\n<p><strong>Ad\u00e1n Augusto, \u00bfel triste adi\u00f3s\u2026?<\/strong><\/p>\n<p>&nbsp;<\/p>\n<p>\u00bfSer\u00e1? Durante el fin de semana se volvi\u00f3 a activar en algunas redes sociales la versi\u00f3n de que el l\u00edder de Morena y presidente de la Junta de Coordinaci\u00f3n Pol\u00edtica en el Senado, el ex gobernador de Tabasco y presunto vinculado al cartel de La Barredora,\u00a0<strong>Ad\u00e1n Augusto L\u00f3pez<\/strong>\u00a0estar\u00eda preparando su salida hacia alguna embajada.<\/p>\n<p>Sostenido en ese enclave legislativo por su protector pol\u00edtico, el ex presidente\u00a0<strong>Andr\u00e9s Manuel L\u00f3pez Obrador<\/strong>, al fin habr\u00edan negociado dejar el puesto a un cercano de la presidenta\u00a0<strong>Sheinbaum<\/strong>\u00a0y as\u00ed disminuir las tensiones en un momento clave del deterioro de la relaci\u00f3n con EU en el marco de la renegociaci\u00f3n del T-MEC, y de posibles operaciones militares en territorio mexicano, y ante un posible nuevo fracaso de la reforma electoral, tan ansiada y exigida por\u00a0<strong>AMLO<\/strong>.<\/p>\n<p>Pero, \u00bfuna embajada le dar\u00eda inmunidad al\u00a0<strong><em>hermano<\/em><\/strong>\u00a0de\u00a0<strong>AMLO<\/strong>\u00a0contra una acci\u00f3n penal o posible captura de EU? \u00a0\u00a1UPS!<\/p>\n<p>&nbsp;<\/p>\n<p><strong>\u00bfExtorsi\u00f3n en curso?<\/strong><\/p>\n<p>&nbsp;<\/p>\n<p>Eso es lo que se preguntan los directivos de la empresa de porcelanatos\u00a0<strong><em>Times Ceramic<\/em><\/strong>, que da miles de empleos a pobladores de Hidalgo.<\/p>\n<p>Ellos afirman que operan pegados a la normatividad ambiental vigente y niegan usar agua de pozos o incurrir en pr\u00e1cticas ilegales como les pretenden imputar autoridades de la Comisi\u00f3n de Agua y Alcantarillado de Sistemas Intermunicipales del estado de Hidalgo.<\/p>\n<p>Hasta hoy, la empresa usa pipas de hasta 40 mil litros que se descargan en una cisterna donde se mezcla con agua pluvial. No de pozos.<\/p>\n<p>Esto ha sido constatado por Conagua a trav\u00e9s de al menos cinco inspecciones.<\/p>\n<p><strong><em>Time Ceramics<\/em><\/strong>\u00a0dice haber entregado toda la informaci\u00f3n solicitada por autoridades federales y contar con permisos en regla, pero a\u00fan as\u00ed se les pretende sancionar por algo que no existe.<\/p>\n<p>&nbsp;<\/p>\n","protected":false},"excerpt":{"rendered":"<p>\u00a0 \u00a0 TRAS LA PUERTA DEL PODER Roberto Vizca\u00edno &nbsp; \u00a0 &nbsp; &nbsp; No, el presidente\u00a0Donald Trump\u00a0no quita el dedo de la intervenci\u00f3n militar en M\u00e9xico. Es m\u00e1s, durante el fin de la semana insisti\u00f3 en una entrevista con\u00a0The New York Times\u00a0en que los ataques militares terrestres directos a c\u00e1rteles van a ocurrir ya, \u201cen [&hellip;]<\/p>\n","protected":false},"author":14,"featured_media":0,"comment_status":"open","ping_status":"open","sticky":false,"template":"","format":"standard","meta":{"_monsterinsights_skip_tracking":false,"_monsterinsights_sitenote_active":false,"_monsterinsights_sitenote_note":"","_monsterinsights_sitenote_category":0,"footnotes":""},"categories":[4,136],"tags":[],"class_list":["post-703612","post","type-post","status-publish","format-standard","hentry","category-opinion","category-roberto-vizcaino-opinion"],"_links":{"self":[{"href":"https:\/\/www.diarioimagen.net\/index.php?rest_route=\/wp\/v2\/posts\/703612","targetHints":{"allow":["GET"]}}],"collection":[{"href":"https:\/\/www.diarioimagen.net\/index.php?rest_route=\/wp\/v2\/posts"}],"about":[{"href":"https:\/\/www.diarioimagen.net\/index.php?rest_route=\/wp\/v2\/types\/post"}],"author":[{"embeddable":true,"href":"https:\/\/www.diarioimagen.net\/index.php?rest_route=\/wp\/v2\/users\/14"}],"replies":[{"embeddable":true,"href":"https:\/\/www.diarioimagen.net\/index.php?rest_route=%2Fwp%2Fv2%2Fcomments&post=703612"}],"version-history":[{"count":1,"href":"https:\/\/www.diarioimagen.net\/index.php?rest_route=\/wp\/v2\/posts\/703612\/revisions"}],"predecessor-version":[{"id":703613,"href":"https:\/\/www.diarioimagen.net\/index.php?rest_route=\/wp\/v2\/posts\/703612\/revisions\/703613"}],"wp:attachment":[{"href":"https:\/\/www.diarioimagen.net\/index.php?rest_route=%2Fwp%2Fv2%2Fmedia&parent=703612"}],"wp:term":[{"taxonomy":"category","embeddable":true,"href":"https:\/\/www.diarioimagen.net\/index.php?rest_route=%2Fwp%2Fv2%2Fcategories&post=703612"},{"taxonomy":"post_tag","embeddable":true,"href":"https:\/\/www.diarioimagen.net\/index.php?rest_route=%2Fwp%2Fv2%2Ftags&post=703612"}],"curies":[{"name":"wp","href":"https:\/\/api.w.org\/{rel}","templated":true}]}}