{"id":703628,"date":"2026-01-26T21:17:26","date_gmt":"2026-01-27T03:17:26","guid":{"rendered":"https:\/\/www.diarioimagen.net\/?p=703628"},"modified":"2026-01-26T21:17:26","modified_gmt":"2026-01-27T03:17:26","slug":"desarrolla-el-sindicato-de-maestros-los-xlviii-eventos-culturales-y-deportivos","status":"publish","type":"post","link":"https:\/\/www.diarioimagen.net\/?p=703628","title":{"rendered":"Desarrolla el Sindicato de Maestros los  XLVIII Eventos Culturales y Deportivos"},"content":{"rendered":"<ul>\n<li><strong>Participan 14 regiones sindicales mexiquenses<\/strong><\/li>\n<\/ul>\n<div id=\"attachment_703629\" style=\"width: 362px\" class=\"wp-caption alignnone\"><img loading=\"lazy\" decoding=\"async\" aria-describedby=\"caption-attachment-703629\" class=\"wp-image-703629 size-large\" src=\"https:\/\/www.diarioimagen.net\/wp-content\/uploads\/2026\/01\/BAENA-3-ok-13-352x270.jpg\" alt=\"\" width=\"352\" height=\"270\" srcset=\"https:\/\/www.diarioimagen.net\/wp-content\/uploads\/2026\/01\/BAENA-3-ok-13-352x270.jpg 352w, https:\/\/www.diarioimagen.net\/wp-content\/uploads\/2026\/01\/BAENA-3-ok-13-240x184.jpg 240w, https:\/\/www.diarioimagen.net\/wp-content\/uploads\/2026\/01\/BAENA-3-ok-13-768x588.jpg 768w, https:\/\/www.diarioimagen.net\/wp-content\/uploads\/2026\/01\/BAENA-3-ok-13.jpg 1500w\" sizes=\"auto, (max-width: 352px) 100vw, 352px\" \/><p id=\"caption-attachment-703629\" class=\"wp-caption-text\">Los XLVIII Eventos Culturales y Deportivos se desarrollan bajo el lema \u201cCentenario de la Fraternidad y Unidad Sindical\u201d.<\/p><\/div>\n<p>Toluca, M\u00e9x.- El Sindicato de Maestros al Servicio del Estado de M\u00e9xico (SMSEM), que dirige Jenaro Mart\u00ednez Reyes,\u00a0 avanz\u00f3 en el desarrollo de los XLVIII Eventos Culturales y Deportivos 2026, en la que participaron maestras y maestros que superaron la etapa delegacional y contin\u00faan en la ruta rumbo a la fase regional de la tradicional justa magisterial.<\/p>\n<p>&nbsp;<\/p>\n<p>Esta segunda etapa se llev\u00f3 a cabo como parte de la agenda sindical impulsada por Mart\u00ednez Reyes, quien ha sostenido que las expresiones culturales y deportivas forman parte de la vida gremial y del fortalecimiento de la identidad del magisterio estatal.<\/p>\n<p>&nbsp;<\/p>\n<p>Durante la jornada, docentes de las 14 regiones sindicales compitieron en las distintas disciplinas culturales y deportivas, en un ejercicio que, adem\u00e1s de reconocer el talento del magisterio mexiquense, propicia la convivencia y el sentido de pertenencia entre quienes integran las mil 53 delegaciones del SMSEM.<\/p>\n<p>&nbsp;<\/p>\n<p>La edici\u00f3n 2026 se desarrolla bajo el lema \u201cCentenario de la Fraternidad y Unidad Sindical\u201d, una referencia a los or\u00edgenes del movimiento magisterial en el Estado de M\u00e9xico, cuando las y los docentes comenzaron a organizarse bajo esquemas de ayuda mutua y solidaridad como base de su vida colectiva.<\/p>\n<p>&nbsp;<\/p>\n<p>En 1926, un grupo de profesoras y profesores urbanos y normalistas fund\u00f3 en Toluca la Sociedad Mutualista de Maestros \u201c\u00c1nfora\u201d, antecedente hist\u00f3rico del sindicalismo magisterial, con el objetivo de unificarse fraternalmente, brindarse apoyo colectivo y promover el desarrollo intelectual de sus integrantes.<\/p>\n<p>&nbsp;<\/p>\n<p>&nbsp;<\/p>\n","protected":false},"excerpt":{"rendered":"<p>Participan 14 regiones sindicales mexiquenses Toluca, M\u00e9x.- El Sindicato de Maestros al Servicio del Estado de M\u00e9xico (SMSEM), que dirige Jenaro Mart\u00ednez Reyes,\u00a0 avanz\u00f3 en el desarrollo de los XLVIII Eventos Culturales y Deportivos 2026, en la que participaron maestras y maestros que superaron la etapa delegacional y contin\u00faan en la ruta rumbo a la [&hellip;]<\/p>\n","protected":false},"author":14,"featured_media":703629,"comment_status":"open","ping_status":"open","sticky":false,"template":"","format":"standard","meta":{"_monsterinsights_skip_tracking":false,"_monsterinsights_sitenote_active":false,"_monsterinsights_sitenote_note":"","_monsterinsights_sitenote_category":0,"footnotes":""},"categories":[5],"tags":[],"class_list":["post-703628","post","type-post","status-publish","format-standard","has-post-thumbnail","hentry","category-estado-de-mexico"],"_links":{"self":[{"href":"https:\/\/www.diarioimagen.net\/index.php?rest_route=\/wp\/v2\/posts\/703628","targetHints":{"allow":["GET"]}}],"collection":[{"href":"https:\/\/www.diarioimagen.net\/index.php?rest_route=\/wp\/v2\/posts"}],"about":[{"href":"https:\/\/www.diarioimagen.net\/index.php?rest_route=\/wp\/v2\/types\/post"}],"author":[{"embeddable":true,"href":"https:\/\/www.diarioimagen.net\/index.php?rest_route=\/wp\/v2\/users\/14"}],"replies":[{"embeddable":true,"href":"https:\/\/www.diarioimagen.net\/index.php?rest_route=%2Fwp%2Fv2%2Fcomments&post=703628"}],"version-history":[{"count":1,"href":"https:\/\/www.diarioimagen.net\/index.php?rest_route=\/wp\/v2\/posts\/703628\/revisions"}],"predecessor-version":[{"id":703630,"href":"https:\/\/www.diarioimagen.net\/index.php?rest_route=\/wp\/v2\/posts\/703628\/revisions\/703630"}],"wp:featuredmedia":[{"embeddable":true,"href":"https:\/\/www.diarioimagen.net\/index.php?rest_route=\/wp\/v2\/media\/703629"}],"wp:attachment":[{"href":"https:\/\/www.diarioimagen.net\/index.php?rest_route=%2Fwp%2Fv2%2Fmedia&parent=703628"}],"wp:term":[{"taxonomy":"category","embeddable":true,"href":"https:\/\/www.diarioimagen.net\/index.php?rest_route=%2Fwp%2Fv2%2Fcategories&post=703628"},{"taxonomy":"post_tag","embeddable":true,"href":"https:\/\/www.diarioimagen.net\/index.php?rest_route=%2Fwp%2Fv2%2Ftags&post=703628"}],"curies":[{"name":"wp","href":"https:\/\/api.w.org\/{rel}","templated":true}]}}