{"id":703631,"date":"2026-01-26T21:21:36","date_gmt":"2026-01-27T03:21:36","guid":{"rendered":"https:\/\/www.diarioimagen.net\/?p=703631"},"modified":"2026-01-26T21:21:36","modified_gmt":"2026-01-27T03:21:36","slug":"congreso-mexiquense-realiza-historico-parlamento-lgbtttiqnb","status":"publish","type":"post","link":"https:\/\/www.diarioimagen.net\/?p=703631","title":{"rendered":"Congreso mexiquense realiza hist\u00f3rico parlamento LGBTTTIQNB+"},"content":{"rendered":"<p><img loading=\"lazy\" decoding=\"async\" class=\"alignnone wp-image-703632 size-large\" src=\"https:\/\/www.diarioimagen.net\/wp-content\/uploads\/2026\/01\/BAENA-4-ok-11-460x224.jpg\" alt=\"\" width=\"460\" height=\"224\" srcset=\"https:\/\/www.diarioimagen.net\/wp-content\/uploads\/2026\/01\/BAENA-4-ok-11-460x224.jpg 460w, https:\/\/www.diarioimagen.net\/wp-content\/uploads\/2026\/01\/BAENA-4-ok-11-240x117.jpg 240w, https:\/\/www.diarioimagen.net\/wp-content\/uploads\/2026\/01\/BAENA-4-ok-11-768x374.jpg 768w, https:\/\/www.diarioimagen.net\/wp-content\/uploads\/2026\/01\/BAENA-4-ok-11.jpg 1500w\" sizes=\"auto, (max-width: 460px) 100vw, 460px\" \/><\/p>\n<p>&nbsp;<\/p>\n<p>&nbsp;<\/p>\n<p>Toluca, M\u00e9x.- La celebraci\u00f3n del Primer Parlamento LGBTTTIQNB+ (Lesbianas, Gays, Bisexuales, Transg\u00e9nero, Travesti, Transexuales, Intersexuales, Queer, No Binarias y m\u00e1s) es un paso hist\u00f3rico en la vida p\u00fablica de la entidad y reafirma la apertura y diversidad del Congreso del Estado de M\u00e9xico, ya que la democracia s\u00f3lo es plena cuando se incluyen todas las voces, coincidieron le diputade Luisa Esmeralda Navarro Hern\u00e1ndez (morena) y la legisladora Martha Azucena Camacho Reynoso (morena), presidenta de la Directiva de la LXII Legislatura mexiquense.\u00a0 Al se\u00f1alar que este parlamento no s\u00f3lo es un acto simb\u00f3lico, le diputade Luisa Esmeralda Navarro asegur\u00f3 que es un ejercicio democr\u00e1tico que reconoce que la diversidad fortalece a la sociedad y que no puede haber igualdad sin representaci\u00f3n, ni justicia sin inclusi\u00f3n.<\/p>\n","protected":false},"excerpt":{"rendered":"<p>&nbsp; &nbsp; Toluca, M\u00e9x.- La celebraci\u00f3n del Primer Parlamento LGBTTTIQNB+ (Lesbianas, Gays, Bisexuales, Transg\u00e9nero, Travesti, Transexuales, Intersexuales, Queer, No Binarias y m\u00e1s) es un paso hist\u00f3rico en la vida p\u00fablica de la entidad y reafirma la apertura y diversidad del Congreso del Estado de M\u00e9xico, ya que la democracia s\u00f3lo es plena cuando se incluyen [&hellip;]<\/p>\n","protected":false},"author":14,"featured_media":703632,"comment_status":"open","ping_status":"open","sticky":false,"template":"","format":"standard","meta":{"_monsterinsights_skip_tracking":false,"_monsterinsights_sitenote_active":false,"_monsterinsights_sitenote_note":"","_monsterinsights_sitenote_category":0,"footnotes":""},"categories":[5],"tags":[],"class_list":["post-703631","post","type-post","status-publish","format-standard","has-post-thumbnail","hentry","category-estado-de-mexico"],"_links":{"self":[{"href":"https:\/\/www.diarioimagen.net\/index.php?rest_route=\/wp\/v2\/posts\/703631","targetHints":{"allow":["GET"]}}],"collection":[{"href":"https:\/\/www.diarioimagen.net\/index.php?rest_route=\/wp\/v2\/posts"}],"about":[{"href":"https:\/\/www.diarioimagen.net\/index.php?rest_route=\/wp\/v2\/types\/post"}],"author":[{"embeddable":true,"href":"https:\/\/www.diarioimagen.net\/index.php?rest_route=\/wp\/v2\/users\/14"}],"replies":[{"embeddable":true,"href":"https:\/\/www.diarioimagen.net\/index.php?rest_route=%2Fwp%2Fv2%2Fcomments&post=703631"}],"version-history":[{"count":1,"href":"https:\/\/www.diarioimagen.net\/index.php?rest_route=\/wp\/v2\/posts\/703631\/revisions"}],"predecessor-version":[{"id":703633,"href":"https:\/\/www.diarioimagen.net\/index.php?rest_route=\/wp\/v2\/posts\/703631\/revisions\/703633"}],"wp:featuredmedia":[{"embeddable":true,"href":"https:\/\/www.diarioimagen.net\/index.php?rest_route=\/wp\/v2\/media\/703632"}],"wp:attachment":[{"href":"https:\/\/www.diarioimagen.net\/index.php?rest_route=%2Fwp%2Fv2%2Fmedia&parent=703631"}],"wp:term":[{"taxonomy":"category","embeddable":true,"href":"https:\/\/www.diarioimagen.net\/index.php?rest_route=%2Fwp%2Fv2%2Fcategories&post=703631"},{"taxonomy":"post_tag","embeddable":true,"href":"https:\/\/www.diarioimagen.net\/index.php?rest_route=%2Fwp%2Fv2%2Ftags&post=703631"}],"curies":[{"name":"wp","href":"https:\/\/api.w.org\/{rel}","templated":true}]}}