{"id":703648,"date":"2026-01-26T22:19:16","date_gmt":"2026-01-27T04:19:16","guid":{"rendered":"https:\/\/www.diarioimagen.net\/?p=703648"},"modified":"2026-01-26T22:19:16","modified_gmt":"2026-01-27T04:19:16","slug":"obtiene-el-gem-primera-donacion-de-tejido-oseo-de-2026","status":"publish","type":"post","link":"https:\/\/www.diarioimagen.net\/?p=703648","title":{"rendered":"Obtiene el GEM primera donaci\u00f3n de tejido \u00f3seo de 2026"},"content":{"rendered":"<p>&nbsp;<\/p>\n<ul>\n<li><strong>Gracias a convenio con Chihuahua<\/strong><\/li>\n<\/ul>\n<p><strong>\u00a0<\/strong><\/p>\n<p><strong>\u00a0<\/strong><\/p>\n<p><strong>\u00a0<\/strong><\/p>\n<div id=\"attachment_703649\" style=\"width: 190px\" class=\"wp-caption alignnone\"><img loading=\"lazy\" decoding=\"async\" aria-describedby=\"caption-attachment-703649\" class=\"wp-image-703649 size-large\" src=\"https:\/\/www.diarioimagen.net\/wp-content\/uploads\/2026\/01\/EDOMEX-2-ok-13-180x270.jpg\" alt=\"\" width=\"180\" height=\"270\" srcset=\"https:\/\/www.diarioimagen.net\/wp-content\/uploads\/2026\/01\/EDOMEX-2-ok-13-180x270.jpg 180w, https:\/\/www.diarioimagen.net\/wp-content\/uploads\/2026\/01\/EDOMEX-2-ok-13-160x240.jpg 160w, https:\/\/www.diarioimagen.net\/wp-content\/uploads\/2026\/01\/EDOMEX-2-ok-13-768x1153.jpg 768w, https:\/\/www.diarioimagen.net\/wp-content\/uploads\/2026\/01\/EDOMEX-2-ok-13-1024x1536.jpg 1024w, https:\/\/www.diarioimagen.net\/wp-content\/uploads\/2026\/01\/EDOMEX-2-ok-13-1365x2048.jpg 1365w, https:\/\/www.diarioimagen.net\/wp-content\/uploads\/2026\/01\/EDOMEX-2-ok-13.jpg 1500w\" sizes=\"auto, (max-width: 180px) 100vw, 180px\" \/><p id=\"caption-attachment-703649\" class=\"wp-caption-text\">El tejido recibido podr\u00e1 utilizarse para la reconstrucci\u00f3n de articulaciones, medicina deportiva, cirug\u00edas de columna y dentales, entre otros usos.<\/p><\/div>\n<p>&nbsp;<\/p>\n<p>&nbsp;<\/p>\n<p>&nbsp;<\/p>\n<p>Toluca, Estado de M\u00e9xico.\u2013 El Estado de M\u00e9xico obtuvo la primera donaci\u00f3n de tejido \u00f3seo del a\u00f1o, proveniente de una paciente del Hospital Central Universitario de Chihuahua, como resultado del convenio de colaboraci\u00f3n entre las Secretar\u00edas de Salud de ambas entidades, el C\u00f3digo Tejiendo Vidas, el Banco de Tejidos del Estado de M\u00e9xico y con la gesti\u00f3n del Centro Nacional de Trasplantes (Cenatra).<\/p>\n<p>La Secretaria de Salud estatal, Macarena Montoya Olvera, destac\u00f3 que estas donaciones permiten brindar apoyo gratuito a la poblaci\u00f3n mexiquense y chihuahuense, adem\u00e1s de reflejar el compromiso de la Gobernadora Delfina G\u00f3mez \u00c1lvarez con el fortalecimiento de la salud p\u00fablica.<\/p>\n<p>El tejido fue trasladado al Estado de M\u00e9xico para su procesamiento y, una vez concluido, podr\u00e1 emplearse para la reconstrucci\u00f3n de articulaciones, medicina deportiva, cirug\u00edas de columna y dentales, evitar amputaciones, entre otros usos m\u00e9dicos.<\/p>\n<p>Asimismo, el Gobierno del Estado de M\u00e9xico entreg\u00f3 un stock a la Coordinaci\u00f3n de Donaci\u00f3n del Hospital Central Universitario de Chihuahua, el cual incluy\u00f3 polvo de hueso esponjoso, matriz \u00f3sea desmineralizada en pasta y corticoesponjosa, as\u00ed como amnios y fascia lata.<\/p>\n<p>El Banco de Tejidos del Estado de M\u00e9xico es el \u00fanico en el pa\u00eds con capacidad para procesar todos los tejidos humanos, como c\u00f3rnea, piel, m\u00fasculo esquel\u00e9tico y amnios. Durante 2025, se consolid\u00f3 como un referente nacional al donar m\u00e1s de 12 mil cent\u00edmetros cuadrados de tejido amni\u00f3tico, 400 cent\u00edmetros cuadrados de membrana de col\u00e1geno para pacientes con quemaduras, as\u00ed como 235 tejidos corneales y otros tejidos diversos.<\/p>\n<p>&nbsp;<\/p>\n<p>&nbsp;<\/p>\n<p>&nbsp;<\/p>\n<p><strong>\u00a0<\/strong><\/p>\n<p>&nbsp;<\/p>\n<p>&nbsp;<\/p>\n<p>&nbsp;<\/p>\n<p>&nbsp;<\/p>\n","protected":false},"excerpt":{"rendered":"<p>&nbsp; Gracias a convenio con Chihuahua \u00a0 \u00a0 \u00a0 &nbsp; &nbsp; &nbsp; Toluca, Estado de M\u00e9xico.\u2013 El Estado de M\u00e9xico obtuvo la primera donaci\u00f3n de tejido \u00f3seo del a\u00f1o, proveniente de una paciente del Hospital Central Universitario de Chihuahua, como resultado del convenio de colaboraci\u00f3n entre las Secretar\u00edas de Salud de ambas entidades, el C\u00f3digo [&hellip;]<\/p>\n","protected":false},"author":14,"featured_media":703649,"comment_status":"open","ping_status":"open","sticky":false,"template":"","format":"standard","meta":{"_monsterinsights_skip_tracking":false,"_monsterinsights_sitenote_active":false,"_monsterinsights_sitenote_note":"","_monsterinsights_sitenote_category":0,"footnotes":""},"categories":[5],"tags":[],"class_list":["post-703648","post","type-post","status-publish","format-standard","has-post-thumbnail","hentry","category-estado-de-mexico"],"_links":{"self":[{"href":"https:\/\/www.diarioimagen.net\/index.php?rest_route=\/wp\/v2\/posts\/703648","targetHints":{"allow":["GET"]}}],"collection":[{"href":"https:\/\/www.diarioimagen.net\/index.php?rest_route=\/wp\/v2\/posts"}],"about":[{"href":"https:\/\/www.diarioimagen.net\/index.php?rest_route=\/wp\/v2\/types\/post"}],"author":[{"embeddable":true,"href":"https:\/\/www.diarioimagen.net\/index.php?rest_route=\/wp\/v2\/users\/14"}],"replies":[{"embeddable":true,"href":"https:\/\/www.diarioimagen.net\/index.php?rest_route=%2Fwp%2Fv2%2Fcomments&post=703648"}],"version-history":[{"count":1,"href":"https:\/\/www.diarioimagen.net\/index.php?rest_route=\/wp\/v2\/posts\/703648\/revisions"}],"predecessor-version":[{"id":703650,"href":"https:\/\/www.diarioimagen.net\/index.php?rest_route=\/wp\/v2\/posts\/703648\/revisions\/703650"}],"wp:featuredmedia":[{"embeddable":true,"href":"https:\/\/www.diarioimagen.net\/index.php?rest_route=\/wp\/v2\/media\/703649"}],"wp:attachment":[{"href":"https:\/\/www.diarioimagen.net\/index.php?rest_route=%2Fwp%2Fv2%2Fmedia&parent=703648"}],"wp:term":[{"taxonomy":"category","embeddable":true,"href":"https:\/\/www.diarioimagen.net\/index.php?rest_route=%2Fwp%2Fv2%2Fcategories&post=703648"},{"taxonomy":"post_tag","embeddable":true,"href":"https:\/\/www.diarioimagen.net\/index.php?rest_route=%2Fwp%2Fv2%2Ftags&post=703648"}],"curies":[{"name":"wp","href":"https:\/\/api.w.org\/{rel}","templated":true}]}}