{"id":703682,"date":"2026-01-26T22:31:20","date_gmt":"2026-01-27T04:31:20","guid":{"rendered":"https:\/\/www.diarioimagen.net\/?p=703682"},"modified":"2026-01-26T22:31:20","modified_gmt":"2026-01-27T04:31:20","slug":"gobierno-federal-presenta-74-mundialitos-y-copas-de-futbol-de-la-sep-y-conade","status":"publish","type":"post","link":"https:\/\/www.diarioimagen.net\/?p=703682","title":{"rendered":"Gobierno federal presenta  74 Mundialitos y Copas de  Futbol, de la SEP y Conade"},"content":{"rendered":"<p>&nbsp;<\/p>\n<ul>\n<li><strong>Mundial Social 2026<\/strong><\/li>\n<li><strong>Se trata de las copas Escolar, la de Conade, la Paral\u00edmpica, la Barrio; la Edad de Oro y la de Trabajadores<\/strong><\/li>\n<\/ul>\n<div id=\"attachment_703684\" style=\"width: 415px\" class=\"wp-caption alignnone\"><img loading=\"lazy\" decoding=\"async\" aria-describedby=\"caption-attachment-703684\" class=\"wp-image-703684 size-large\" src=\"https:\/\/www.diarioimagen.net\/wp-content\/uploads\/2026\/01\/MANANERA-ok-14-405x270.jpg\" alt=\"\" width=\"405\" height=\"270\" srcset=\"https:\/\/www.diarioimagen.net\/wp-content\/uploads\/2026\/01\/MANANERA-ok-14-405x270.jpg 405w, https:\/\/www.diarioimagen.net\/wp-content\/uploads\/2026\/01\/MANANERA-ok-14-240x160.jpg 240w, https:\/\/www.diarioimagen.net\/wp-content\/uploads\/2026\/01\/MANANERA-ok-14-768x512.jpg 768w, https:\/\/www.diarioimagen.net\/wp-content\/uploads\/2026\/01\/MANANERA-ok-14.jpg 1500w\" sizes=\"auto, (max-width: 405px) 100vw, 405px\" \/><p id=\"caption-attachment-703684\" class=\"wp-caption-text\">Claudia Sheinbaum Pardo, encabez\u00f3 la presentaci\u00f3n de los 74 Mundialitos y Copas de Futbol que se desarrollar\u00e1n en el marco de la Copa Mundial de la FIFA 2026.<\/p><\/div>\n<p>Como parte del Mundial Social 2026, la Presidenta de M\u00e9xico, Claudia Sheinbaum Pardo, encabez\u00f3 la presentaci\u00f3n de los 74 Mundialitos y Copas de Futbol que se desarrollar\u00e1n en el marco de la Copa Mundial de la FIFA 2026, a trav\u00e9s de las Secretar\u00edas de Educaci\u00f3n P\u00fablica (SEP); de las Mujeres; de Ciencia, Humanidades, Tecnolog\u00eda e Innovaci\u00f3n (Secihti), as\u00ed como de la Comisi\u00f3n Nacional de Cultura F\u00edsica y Deporte (Conade); el Instituto Mexicano del Seguro Social (IMSS) y el Instituto Mexicano de la Juventud (Imjuve).<\/p>\n<p>\u201c74 Mundialitos y Copas durante todo el 2026. Y las inscripciones para todas y todos en Conade, en la SEP, en la Secretar\u00eda de las Mujeres, en el IMSS, en Instituto de la Juventud y en Secihti\u201d, destac\u00f3 en la conferencia matutina \u201cLas ma\u00f1aneras del pueblo\u201d.<\/p>\n<p>La secretaria de Gobernaci\u00f3n, Rosa Icela Rodr\u00edguez Vel\u00e1zquez, detall\u00f3 que el Gobierno de M\u00e9xico promueve el deporte a trav\u00e9s de 10 ejes para fomentar el talento deportivo: 1. Mundialitos y Copas en las que podr\u00e1n participar ni\u00f1as, ni\u00f1os, j\u00f3venes y personas adultas mayores y con discapacidad. 2. Implementaci\u00f3n de la estrategia Vive saludable, juega feliz. 3. Mundialito de rob\u00f3tica. 4. Conoce M\u00e9xico. 5. Fiestas M\u00e9xico 2026. 6. Record Guinness. 7. Nuestra grandeza cultural. 8. Qui\u00e9n es Qui\u00e9n en el mundial. 9. Murales\/arte urbano. 10. Recuperaci\u00f3n de espacios p\u00fablicos.<\/p>\n<p>La coordinadora de los trabajos del Gobierno Federal para el Mundial 2026, Gabriela Cuevas Barr\u00f3n, destac\u00f3 que el objetivo del Mundial Social 2026 es poner a las mexicanas y mexicanos al centro de los trabajos de la Copa del Mundo, para llevar el futbol a los 32 estados y que el talento encuentre oportunidades. Para ello, en los torneos se buscar\u00e1 que asistan visores y reclutadores de equipos especializados.<\/p>\n<p>El secretario de Educaci\u00f3n P\u00fablica, Mario Delgado Carrillo, convoc\u00f3 a participar en la Copa Escolar, cuyas inscripciones ser\u00e1n a partir del 2 de febrero y en la que podr\u00e1n participar estudiantes de primaria de 9 a 12 a\u00f1os con equipos de cinco integrantes, al igual que para alumnos de secundaria de 13 y 15 a\u00f1os, mientras que para bachillerato de 15 y 18 a\u00f1os en modalidad de equipos de 11 jugadores. Explic\u00f3 que de febrero a marzo se realizar\u00e1n las competencias en las escuelas, en abril ser\u00e1 la etapa nacional y en mayo los finalistas jugar\u00e1n el 6 de junio en el Estadio Ol\u00edmpico de Ciudad Universitaria.<\/p>\n<p>El director de la Conade, Rommel Pacheco Marrufo, destac\u00f3 que el Mundial Social 2026 se trata de la Cantera del Futbol m\u00e1s grande que contempla seis copas: Copa Escolar, en la que se estima participen 22 millones de estudiantes en 125 mil equipos de 25 mil escuelas; la Copa Conade, en la que se proyecta la participaci\u00f3n de 10 mil 500 equipos con 200 mil jugadores de 13, 14 y 15 a\u00f1os; la Copa Paral\u00edmpica; la Copa Barrio; la Copa Edad de Oro y la Copa Trabajadores.<\/p>\n<p>El director general del IMSS, Zo\u00e9 Robledo Aburto, detall\u00f3 que esta instituci\u00f3n desarrollar\u00e1 tres Mundialitos y una Copa internacional: Futsal Femenil en categor\u00eda Sub 21; Futbol sin correr para personas de entre 50 a 59 a\u00f1os y de 60 a 69; Futbol IMSS T21 para adolescentes y adultos con S\u00edndrome de Down. Y la Street Child United, que convoca a ni\u00f1as y ni\u00f1os de todo el mundo. En todos los torneos, el registro es del 26\u00a0 al 30 de enero a trav\u00e9s de la p\u00e1gina del IMSS.<\/p>\n<p>La secretaria de las Mujeres, \u2060Citlalli Hern\u00e1ndez Mora, anunci\u00f3 el Torneo Nacional Mundial Mujeres Libres, cuya convocatoria se publicar\u00e1 el 9 de febrero en la p\u00e1gina de la Secretar\u00eda, el registro es del 2 al 15 de marzo y la gran final se jugar\u00e1 el 24 y 25 de octubre. Adicionalmente, en los Centros LIBRE para Mujeres se impartir\u00e1n cursos y talleres relacionados con el tema deportivo.<\/p>\n<p>La secretaria de Ciencia, Humanidades, Tecnolog\u00eda e Innovaci\u00f3n, Rosaura Ruiz Guti\u00e9rrez, detall\u00f3 que la Copa FutBotMx est\u00e1 abierta desde el 28 de noviembre y termina el 17 de abril. Inform\u00f3 que ya hay 55 equipos registrados y detall\u00f3 que se realizar\u00e1 en 55 sedes en las que participar\u00e1n 38 instituciones y cuatro subsistemas tecnol\u00f3gicos y cuya gran final se realizar\u00e1 del 24 al 26 de junio.<\/p>\n<p>El director general del Instituto Mexicano de la Juventud (Imjuve), Abraham Carro Toledo, se\u00f1al\u00f3 que se realizar\u00e1, el 26 de marzo, la Jornada Nacional de Futbol para las Juventudes con torneos de cascaritas y dominadas que se jugar\u00e1n en canchas recuperadas, cuya convocatoria se emitir\u00e1 el 1 de marzo y su registro concluir\u00e1 hasta el 25 de marzo. Se proyecta que participen al menos 500 mil j\u00f3venes de todo el pa\u00eds.<\/p>\n<p><strong>\u00a0<\/strong><\/p>\n<p><strong>No hay operativos conjuntos con EU<\/strong><\/p>\n<p>&nbsp;<\/p>\n<p>La presidenta Sheinbaum Pardo reiter\u00f3 que los efectivos de agencias de seguridad de Estados Unidos no participan en operativos ni detenciones de capos en territorio mexicano. \u201cTiene que quedar muy claro: no hay operaciones conjuntas en M\u00e9xico\u2026 No permitir\u00edamos eso\u201d.<\/p>\n<p>Enfatiz\u00f3 incluso que ha dejado esos t\u00e9rminos muy claros a su hom\u00f3logo estadunidense, Donald Trump, en las comunicaciones telef\u00f3nicas que han mantenido.<\/p>\n<p>En su conferencia matutina, la mandataria federal se refiri\u00f3 a las declaraciones del director del Bur\u00f3 Federal de Investigaciones (FBI, por sus siglas en ingl\u00e9s), Kash Patel, quien afirm\u00f3 que la detenci\u00f3n del canadiense Ryan Wedding \u2014uno de los diez m\u00e1s buscados por esa agencia\u2014 se realiz\u00f3 en un operativo conjunto.<\/p>\n<p>\u201cEsta persona se entrega en la embajada (de Estados Unidos en M\u00e9xico). Cuando llega el director del FBI a los Estados Unidos (tras una visita de trabajo a nuestro pa\u00eds), dice que hubo un operativo bilateral que llev\u00f3 a su detenci\u00f3n. En su momento, de inmediato lo neg\u00f3 el secretario de Seguridad y Protecci\u00f3n Ciudadana, Omar Garc\u00eda Harfuch, y despu\u00e9s lo niega el propio embajador de Estados Unidos, Ronald Johnson\u201d, enfatiz\u00f3 la mandataria.<\/p>\n<p>Remarc\u00f3 que a\u00fan cuando los coment\u00f3cratas, \u201cles encanta andar diciendo lo contrario, no hay operaciones conjuntas en M\u00e9xico\u201d.<\/p>\n<p>&nbsp;<\/p>\n<p>&nbsp;<\/p>\n<p><strong>\u00a0<\/strong><\/p>\n<p><strong>CSP pide m\u00e1s fechas de BTS en M\u00e9xico<\/strong><\/p>\n<p><strong>\u00a0<\/strong><\/p>\n<p>Ante el fen\u00f3meno que han generado las pr\u00f3ximas presentaciones del grupo coreano de K-Pop BTS, y la alta demanda de los j\u00f3venes mexicanos por sus conciertos, la presidenta Claudia Sheinbaum Pardo envi\u00f3 una \u201csolicitud diplom\u00e1tica\u201d al presidente de Corea del Sur, Lee Jae-myung, a fin que pueda interceder para que tengan m\u00e1s presentaciones en M\u00e9xico.<\/p>\n<p>La jefa del Ejecutivo revel\u00f3 que envi\u00f3 recientemente la misiva y est\u00e1 a la espera de respuesta. \u201cEs una solicitud diplom\u00e1tica de manera muy respetuosa que estamos haciendo al primer ministro\u201d, expuso.<\/p>\n<p>Refiri\u00f3 que esta agrupaci\u00f3n se ha vuelto muy popular entre la juventud de M\u00e9xico \u2014y del mundo\u2014, y los conciertos en territorio mexicano ser\u00e1n en mayo. Por ello, en primer lugar la mandataria se comunic\u00f3 con los directivos de la empresa productora OCESA, a fin de preguntar si exist\u00eda la posibilidad que se abrieran m\u00e1s presentaciones.<\/p>\n<p>&nbsp;<\/p>\n<p>&nbsp;<\/p>\n","protected":false},"excerpt":{"rendered":"<p>&nbsp; Mundial Social 2026 Se trata de las copas Escolar, la de Conade, la Paral\u00edmpica, la Barrio; la Edad de Oro y la de Trabajadores Como parte del Mundial Social 2026, la Presidenta de M\u00e9xico, Claudia Sheinbaum Pardo, encabez\u00f3 la presentaci\u00f3n de los 74 Mundialitos y Copas de Futbol que se desarrollar\u00e1n en el marco [&hellip;]<\/p>\n","protected":false},"author":14,"featured_media":703684,"comment_status":"open","ping_status":"open","sticky":false,"template":"","format":"standard","meta":{"_monsterinsights_skip_tracking":false,"_monsterinsights_sitenote_active":false,"_monsterinsights_sitenote_note":"","_monsterinsights_sitenote_category":0,"footnotes":""},"categories":[3],"tags":[],"class_list":["post-703682","post","type-post","status-publish","format-standard","has-post-thumbnail","hentry","category-nacional"],"_links":{"self":[{"href":"https:\/\/www.diarioimagen.net\/index.php?rest_route=\/wp\/v2\/posts\/703682","targetHints":{"allow":["GET"]}}],"collection":[{"href":"https:\/\/www.diarioimagen.net\/index.php?rest_route=\/wp\/v2\/posts"}],"about":[{"href":"https:\/\/www.diarioimagen.net\/index.php?rest_route=\/wp\/v2\/types\/post"}],"author":[{"embeddable":true,"href":"https:\/\/www.diarioimagen.net\/index.php?rest_route=\/wp\/v2\/users\/14"}],"replies":[{"embeddable":true,"href":"https:\/\/www.diarioimagen.net\/index.php?rest_route=%2Fwp%2Fv2%2Fcomments&post=703682"}],"version-history":[{"count":1,"href":"https:\/\/www.diarioimagen.net\/index.php?rest_route=\/wp\/v2\/posts\/703682\/revisions"}],"predecessor-version":[{"id":703685,"href":"https:\/\/www.diarioimagen.net\/index.php?rest_route=\/wp\/v2\/posts\/703682\/revisions\/703685"}],"wp:featuredmedia":[{"embeddable":true,"href":"https:\/\/www.diarioimagen.net\/index.php?rest_route=\/wp\/v2\/media\/703684"}],"wp:attachment":[{"href":"https:\/\/www.diarioimagen.net\/index.php?rest_route=%2Fwp%2Fv2%2Fmedia&parent=703682"}],"wp:term":[{"taxonomy":"category","embeddable":true,"href":"https:\/\/www.diarioimagen.net\/index.php?rest_route=%2Fwp%2Fv2%2Fcategories&post=703682"},{"taxonomy":"post_tag","embeddable":true,"href":"https:\/\/www.diarioimagen.net\/index.php?rest_route=%2Fwp%2Fv2%2Ftags&post=703682"}],"curies":[{"name":"wp","href":"https:\/\/api.w.org\/{rel}","templated":true}]}}