{"id":703804,"date":"2026-01-27T19:34:30","date_gmt":"2026-01-28T01:34:30","guid":{"rendered":"https:\/\/www.diarioimagen.net\/?p=703804"},"modified":"2026-01-27T19:34:30","modified_gmt":"2026-01-28T01:34:30","slug":"ninguna-ruptura-en-el-pan-en-el-2027-ganaremos-dice-mario-sandoval-silvera","status":"publish","type":"post","link":"https:\/\/www.diarioimagen.net\/?p=703804","title":{"rendered":"Ninguna ruptura en el PAN; en el 2027  ganaremos, dice Mario Sandoval Silvera"},"content":{"rendered":"<ul>\n<li><strong>Reconoce labor de dirigencias nacional y estatal<\/strong><\/li>\n<\/ul>\n<div id=\"attachment_703805\" style=\"width: 415px\" class=\"wp-caption alignnone\"><img loading=\"lazy\" decoding=\"async\" aria-describedby=\"caption-attachment-703805\" class=\"wp-image-703805 size-large\" src=\"https:\/\/www.diarioimagen.net\/wp-content\/uploads\/2026\/01\/BAENA-1-ok-16-405x270.jpg\" alt=\"\" width=\"405\" height=\"270\" srcset=\"https:\/\/www.diarioimagen.net\/wp-content\/uploads\/2026\/01\/BAENA-1-ok-16-405x270.jpg 405w, https:\/\/www.diarioimagen.net\/wp-content\/uploads\/2026\/01\/BAENA-1-ok-16-240x160.jpg 240w, https:\/\/www.diarioimagen.net\/wp-content\/uploads\/2026\/01\/BAENA-1-ok-16-768x512.jpg 768w, https:\/\/www.diarioimagen.net\/wp-content\/uploads\/2026\/01\/BAENA-1-ok-16.jpg 1500w\" sizes=\"auto, (max-width: 405px) 100vw, 405px\" \/><p id=\"caption-attachment-703805\" class=\"wp-caption-text\">Mario Sandoval, l\u00edder panista municipal, reiter\u00f3 que es falso que haya rupturas o divisi\u00f3n interna en el PAN.<\/p><\/div>\n<p>&nbsp;<\/p>\n<p>&nbsp;<\/p>\n<p>Naucalpan, M\u00e9x.- \u201cEl Partido Acci\u00f3n Nacional (PAN) est\u00e1 listo para obtener triunfos en todo el Estado de M\u00e9xico y este municipio no es la excepci\u00f3n. Contamos con cuadros importantes y con experiencia para regresar a la ciudadan\u00eda lo que Morena les ha arrebatado, estamos fuertes y unidos para ello\u201d.<\/p>\n<p>&nbsp;<\/p>\n<p>Expres\u00f3 lo anterior Mario Sandoval Silvera, presidente del comit\u00e9 municipal de ese instituto pol\u00edtico en esta localidad, luego de se\u00f1alar \u201cque no quede duda de que en unidad y con el apoyo ciudadano Acci\u00f3n Nacional, volver\u00e1 a gobernar no s\u00f3lo el corredor azul, sino buena parte de la entidad mexiquense\u201d, dijo.<\/p>\n<p>&nbsp;<\/p>\n<p>El dirigente partidista reconoci\u00f3 la labor de las dirigencias nacional y estatal,\u00a0 as\u00ed como la de sus alcaldes, senadores y diputados (federales y locales) y aplaudi\u00f3 la labor\u00a0 de Enrique Vargas, un pol\u00edtico muy\u00a0 activo en la agenda nacional.<\/p>\n<p>&nbsp;<\/p>\n<p>Mario Sandoval reiter\u00f3 que \u00abcontrario a lo que muchos piensan, es falso que haya rupturas o divisi\u00f3n interna en el PAN. En el 2027 demostraremos de qu\u00e9 estamos hechos. Vamos a ganar alcald\u00edas y distritos electorales, hoy en manos err\u00f3neas\u00bb, remarc\u00f3.<\/p>\n<p>&nbsp;<\/p>\n<p>Y es qu\u00e9, continu\u00f3,\u00a0 \u00abAcci\u00f3n Nacional ha comenzado a definir perfiles y cartas fuertes que garanticen triunfos inobjetables en estados clave para 2027 y aqu\u00ed, en el Estado de M\u00e9xico, nuestro partido, sin duda alguna, ganar\u00e1 de manera amplia\u00bb, concluy\u00f3.<\/p>\n<p>&nbsp;<\/p>\n<p>&nbsp;<\/p>\n<p>&nbsp;<\/p>\n","protected":false},"excerpt":{"rendered":"<p>Reconoce labor de dirigencias nacional y estatal &nbsp; &nbsp; Naucalpan, M\u00e9x.- \u201cEl Partido Acci\u00f3n Nacional (PAN) est\u00e1 listo para obtener triunfos en todo el Estado de M\u00e9xico y este municipio no es la excepci\u00f3n. Contamos con cuadros importantes y con experiencia para regresar a la ciudadan\u00eda lo que Morena les ha arrebatado, estamos fuertes y [&hellip;]<\/p>\n","protected":false},"author":14,"featured_media":703805,"comment_status":"open","ping_status":"open","sticky":false,"template":"","format":"standard","meta":{"_monsterinsights_skip_tracking":false,"_monsterinsights_sitenote_active":false,"_monsterinsights_sitenote_note":"","_monsterinsights_sitenote_category":0,"footnotes":""},"categories":[5],"tags":[],"class_list":["post-703804","post","type-post","status-publish","format-standard","has-post-thumbnail","hentry","category-estado-de-mexico"],"_links":{"self":[{"href":"https:\/\/www.diarioimagen.net\/index.php?rest_route=\/wp\/v2\/posts\/703804","targetHints":{"allow":["GET"]}}],"collection":[{"href":"https:\/\/www.diarioimagen.net\/index.php?rest_route=\/wp\/v2\/posts"}],"about":[{"href":"https:\/\/www.diarioimagen.net\/index.php?rest_route=\/wp\/v2\/types\/post"}],"author":[{"embeddable":true,"href":"https:\/\/www.diarioimagen.net\/index.php?rest_route=\/wp\/v2\/users\/14"}],"replies":[{"embeddable":true,"href":"https:\/\/www.diarioimagen.net\/index.php?rest_route=%2Fwp%2Fv2%2Fcomments&post=703804"}],"version-history":[{"count":1,"href":"https:\/\/www.diarioimagen.net\/index.php?rest_route=\/wp\/v2\/posts\/703804\/revisions"}],"predecessor-version":[{"id":703806,"href":"https:\/\/www.diarioimagen.net\/index.php?rest_route=\/wp\/v2\/posts\/703804\/revisions\/703806"}],"wp:featuredmedia":[{"embeddable":true,"href":"https:\/\/www.diarioimagen.net\/index.php?rest_route=\/wp\/v2\/media\/703805"}],"wp:attachment":[{"href":"https:\/\/www.diarioimagen.net\/index.php?rest_route=%2Fwp%2Fv2%2Fmedia&parent=703804"}],"wp:term":[{"taxonomy":"category","embeddable":true,"href":"https:\/\/www.diarioimagen.net\/index.php?rest_route=%2Fwp%2Fv2%2Fcategories&post=703804"},{"taxonomy":"post_tag","embeddable":true,"href":"https:\/\/www.diarioimagen.net\/index.php?rest_route=%2Fwp%2Fv2%2Ftags&post=703804"}],"curies":[{"name":"wp","href":"https:\/\/api.w.org\/{rel}","templated":true}]}}