{"id":703807,"date":"2026-01-27T19:55:49","date_gmt":"2026-01-28T01:55:49","guid":{"rendered":"https:\/\/www.diarioimagen.net\/?p=703807"},"modified":"2026-01-27T19:55:49","modified_gmt":"2026-01-28T01:55:49","slug":"transformacion-del-periferico-es-profunda-destaca-isaac-montoya","status":"publish","type":"post","link":"https:\/\/www.diarioimagen.net\/?p=703807","title":{"rendered":"Transformaci\u00f3n del Perif\u00e9rico es  profunda, destaca Isaac Montoya"},"content":{"rendered":"<ul>\n<li><strong>Trabajo coordinado<\/strong><\/li>\n<\/ul>\n<p>&nbsp;<\/p>\n<p><img loading=\"lazy\" decoding=\"async\" class=\"alignnone wp-image-703808 size-large\" src=\"https:\/\/www.diarioimagen.net\/wp-content\/uploads\/2026\/01\/BAENA-2-ok-15-460x238.jpg\" alt=\"\" width=\"460\" height=\"238\" srcset=\"https:\/\/www.diarioimagen.net\/wp-content\/uploads\/2026\/01\/BAENA-2-ok-15-460x238.jpg 460w, https:\/\/www.diarioimagen.net\/wp-content\/uploads\/2026\/01\/BAENA-2-ok-15-240x124.jpg 240w, https:\/\/www.diarioimagen.net\/wp-content\/uploads\/2026\/01\/BAENA-2-ok-15-768x398.jpg 768w, https:\/\/www.diarioimagen.net\/wp-content\/uploads\/2026\/01\/BAENA-2-ok-15-1536x796.jpg 1536w, https:\/\/www.diarioimagen.net\/wp-content\/uploads\/2026\/01\/BAENA-2-ok-15-2048x1061.jpg 2048w\" sizes=\"auto, (max-width: 460px) 100vw, 460px\" \/><\/p>\n<p>&nbsp;<\/p>\n<p>Naucalpan, M\u00e9x.- El presidente municipal Isaac Montoya encabez\u00f3 la mesa de trabajo y coordinaci\u00f3n para el rescate y transformaci\u00f3n integral del Perif\u00e9rico Norte, a la que asistieron los alcaldes de Tlalnepantla, Cuautitl\u00e1n Izcalli, Cuautitl\u00e1n, Tepotzotl\u00e1n, as\u00ed como el Director General de la Junta de Caminos del Estado de M\u00e9xico, Joel Gonz\u00e1lez Toral, representantes del gobierno del Estado de M\u00e9xico y de la empresa Aleatica.<\/p>\n<p>&nbsp;<\/p>\n<p>El alcalde destac\u00f3 la importancia de trabajar de manera coordinada entre todos los gobiernos municipales y con el gobierno mexiquense, que dirige la maestra Delfina G\u00f3mez \u00c1lvarez, para transformar el Perif\u00e9rico Norte que nunca antes hab\u00eda recibido un intervenci\u00f3n de tal magnitud, la cual se trabaja actualmente.<\/p>\n<p>&nbsp;<\/p>\n<p>Subray\u00f3 que \u201cse se\u00f1alaba que 25 a\u00f1os era la cantidad de tiempo que no se hab\u00eda intervenido en\u00a0 el Perif\u00e9rico, pero realmente a nivel que se est\u00e1 llevando a cabo, pues nunca se hab\u00eda hecho una intervenci\u00f3n tan a fondo. Por lo tanto, es una transformaci\u00f3n, no es un curita, no es un paliativo, se vuelve una transformaci\u00f3n profunda y por lo tanto, pues estamos llamados a no ser solamente espectadores sino tambi\u00e9n a ser parte de la transformaci\u00f3n\u201d.<\/p>\n<p>&nbsp;<\/p>\n<p>Isaac Montoya reconoci\u00f3 la participaci\u00f3n de la empresa Aleatica, concesionaria del segundo piso del Perif\u00e9rico y contribuir en el mejoramiento del Boulevard Manuel \u00c1vila Camacho. Adem\u00e1s, Montoya M\u00e1rquez enfatiz\u00f3 que se tiene la posibilidad de convertir al Perif\u00e9rico en el Sendero Seguro m\u00e1s grande de todo el pa\u00eds, con una mejor iluminaci\u00f3n, banquetas para las personas que transitan a pie y tambi\u00e9n reforzar la seguridad.<\/p>\n<p>&nbsp;<\/p>\n<p>Dijo que en pr\u00f3ximos d\u00edas, Naucalpan iniciar\u00e1 la segunda etapa del Perif\u00e9rico Norte con concreto hidr\u00e1ulico, desde los l\u00edmites con Tlalnepantla hasta la altura del Parque Naucalli, con lo que se contar\u00e1 con alrededor de 9 kil\u00f3metros con este tipo de material de alta resistencia en el municipio. Apenas en diciembre de 2025, Montoya M\u00e1rquez entreg\u00f3 la intervenci\u00f3n con concreto hidr\u00e1ulico de los l\u00edmites con la Ciudad de M\u00e9xico a la avenida Primero de Mayo.<\/p>\n<p>Del mismo modo, coment\u00f3 la importancia de atender las v\u00edas alternas, como las avenidas Adolfo L\u00f3pez Mateos y Gustavo Baz para darles mantenimiento.<\/p>\n<p>&nbsp;<\/p>\n<p>&nbsp;<\/p>\n","protected":false},"excerpt":{"rendered":"<p>Trabajo coordinado &nbsp; &nbsp; Naucalpan, M\u00e9x.- El presidente municipal Isaac Montoya encabez\u00f3 la mesa de trabajo y coordinaci\u00f3n para el rescate y transformaci\u00f3n integral del Perif\u00e9rico Norte, a la que asistieron los alcaldes de Tlalnepantla, Cuautitl\u00e1n Izcalli, Cuautitl\u00e1n, Tepotzotl\u00e1n, as\u00ed como el Director General de la Junta de Caminos del Estado de M\u00e9xico, Joel Gonz\u00e1lez [&hellip;]<\/p>\n","protected":false},"author":14,"featured_media":703808,"comment_status":"open","ping_status":"open","sticky":false,"template":"","format":"standard","meta":{"_monsterinsights_skip_tracking":false,"_monsterinsights_sitenote_active":false,"_monsterinsights_sitenote_note":"","_monsterinsights_sitenote_category":0,"footnotes":""},"categories":[5],"tags":[],"class_list":["post-703807","post","type-post","status-publish","format-standard","has-post-thumbnail","hentry","category-estado-de-mexico"],"_links":{"self":[{"href":"https:\/\/www.diarioimagen.net\/index.php?rest_route=\/wp\/v2\/posts\/703807","targetHints":{"allow":["GET"]}}],"collection":[{"href":"https:\/\/www.diarioimagen.net\/index.php?rest_route=\/wp\/v2\/posts"}],"about":[{"href":"https:\/\/www.diarioimagen.net\/index.php?rest_route=\/wp\/v2\/types\/post"}],"author":[{"embeddable":true,"href":"https:\/\/www.diarioimagen.net\/index.php?rest_route=\/wp\/v2\/users\/14"}],"replies":[{"embeddable":true,"href":"https:\/\/www.diarioimagen.net\/index.php?rest_route=%2Fwp%2Fv2%2Fcomments&post=703807"}],"version-history":[{"count":1,"href":"https:\/\/www.diarioimagen.net\/index.php?rest_route=\/wp\/v2\/posts\/703807\/revisions"}],"predecessor-version":[{"id":703809,"href":"https:\/\/www.diarioimagen.net\/index.php?rest_route=\/wp\/v2\/posts\/703807\/revisions\/703809"}],"wp:featuredmedia":[{"embeddable":true,"href":"https:\/\/www.diarioimagen.net\/index.php?rest_route=\/wp\/v2\/media\/703808"}],"wp:attachment":[{"href":"https:\/\/www.diarioimagen.net\/index.php?rest_route=%2Fwp%2Fv2%2Fmedia&parent=703807"}],"wp:term":[{"taxonomy":"category","embeddable":true,"href":"https:\/\/www.diarioimagen.net\/index.php?rest_route=%2Fwp%2Fv2%2Fcategories&post=703807"},{"taxonomy":"post_tag","embeddable":true,"href":"https:\/\/www.diarioimagen.net\/index.php?rest_route=%2Fwp%2Fv2%2Ftags&post=703807"}],"curies":[{"name":"wp","href":"https:\/\/api.w.org\/{rel}","templated":true}]}}