{"id":703810,"date":"2026-01-27T19:57:56","date_gmt":"2026-01-28T01:57:56","guid":{"rendered":"https:\/\/www.diarioimagen.net\/?p=703810"},"modified":"2026-01-27T19:57:56","modified_gmt":"2026-01-28T01:57:56","slug":"fomenta-huixquilucan-la-conciencia-ecologica-y-el-desarrollo-sostenible","status":"publish","type":"post","link":"https:\/\/www.diarioimagen.net\/?p=703810","title":{"rendered":"Fomenta Huixquilucan la conciencia  ecol\u00f3gica y el desarrollo sostenible"},"content":{"rendered":"<ul>\n<li><strong>Foro \u201cAcci\u00f3n por el Ambiente\u201d<\/strong><\/li>\n<\/ul>\n<p><strong>\u00a0<\/strong><\/p>\n<p><strong>\u00a0<\/strong><\/p>\n<div id=\"attachment_703811\" style=\"width: 417px\" class=\"wp-caption alignnone\"><img loading=\"lazy\" decoding=\"async\" aria-describedby=\"caption-attachment-703811\" class=\"wp-image-703811 size-large\" src=\"https:\/\/www.diarioimagen.net\/wp-content\/uploads\/2026\/01\/BAENA-3-ok-14-407x270.jpg\" alt=\"\" width=\"407\" height=\"270\" srcset=\"https:\/\/www.diarioimagen.net\/wp-content\/uploads\/2026\/01\/BAENA-3-ok-14-407x270.jpg 407w, https:\/\/www.diarioimagen.net\/wp-content\/uploads\/2026\/01\/BAENA-3-ok-14-240x159.jpg 240w, https:\/\/www.diarioimagen.net\/wp-content\/uploads\/2026\/01\/BAENA-3-ok-14-768x510.jpg 768w, https:\/\/www.diarioimagen.net\/wp-content\/uploads\/2026\/01\/BAENA-3-ok-14-1536x1019.jpg 1536w, https:\/\/www.diarioimagen.net\/wp-content\/uploads\/2026\/01\/BAENA-3-ok-14-2048x1359.jpg 2048w\" sizes=\"auto, (max-width: 407px) 100vw, 407px\" \/><p id=\"caption-attachment-703811\" class=\"wp-caption-text\">La alcaldesa Romina Contreras se\u00f1al\u00f3 que en Huixquilucan se impulsan diversas iniciativas y programas en beneficio del medio ambiente.<\/p><\/div>\n<p>Huixquilucan, M\u00e9x.- Con el objetivo de crear espacios de di\u00e1logo y reflexi\u00f3n para promover la conciencia ecol\u00f3gica y el desarrollo sostenible,\u00a0 se realiz\u00f3 el Primer Foro Ambiental 2026 llamado \u201cAcci\u00f3n por el Ambiente\u201d, para compartir experiencias y pr\u00e1cticas que refuercen el compromiso del cuidado del medio ambiente.<\/p>\n<p>&nbsp;<\/p>\n<p>\u201cEstoy segura de que estas actividades permitir\u00e1n generar no solo conciencia, sino que de aqu\u00ed saldr\u00e1n nuevas iniciativas y proyectos que contribuir\u00e1n al cuidado y la mejora de nuestro medio ambiente desde lo local, pero tambi\u00e9n abren la puerta para avanzar en la tarea de revertir el cambio clim\u00e1tico, la p\u00e9rdida de la naturaleza y la biodiversidad, entre otros factores que enfrentamos y vulneran nuestro futuro\u201d, afirm\u00f3 la alcaldesa Romina Contreras.<\/p>\n<p>&nbsp;<\/p>\n<p>En el marco del D\u00eda Mundial de la Educaci\u00f3n Ambiental y ante la secretaria de Medio Ambiente y Desarrollo Sostenible del Estado de M\u00e9xico, Alhely Rubio Arronis, entre otros especialistas, Romina Contreras comparti\u00f3 que se impulsa diversas iniciativas y programas en beneficio del medio ambiente.<\/p>\n<p>&nbsp;<\/p>\n<p>Destac\u00f3 la reforestaci\u00f3n de m\u00e1s de 10 mil \u00e1rboles en zonas forestales del municipio y la entrega de cinco mil m\u00e1s con el programa \u201cAdopta un \u00e1rbol\u201d para garantizar su supervivencia.<\/p>\n<p>&nbsp;<\/p>\n<p>Asimismo, destac\u00f3 que firm\u00f3 convenios de colaboraci\u00f3n con instituciones para establecer alianzas estrat\u00e9gicas y poder realizar ferias ambientales, jornadas de reciclaje, actividades de reforestaci\u00f3n, mantenimiento de \u00e1reas verdes, talleres educativos y proyectos de investigaci\u00f3n, con la finalidad de fomentar una cultura ambiental en la ciudadan\u00eda.<\/p>\n<p>&nbsp;<\/p>\n<p>&nbsp;<\/p>\n<p>&nbsp;<\/p>\n","protected":false},"excerpt":{"rendered":"<p>Foro \u201cAcci\u00f3n por el Ambiente\u201d \u00a0 \u00a0 Huixquilucan, M\u00e9x.- Con el objetivo de crear espacios de di\u00e1logo y reflexi\u00f3n para promover la conciencia ecol\u00f3gica y el desarrollo sostenible,\u00a0 se realiz\u00f3 el Primer Foro Ambiental 2026 llamado \u201cAcci\u00f3n por el Ambiente\u201d, para compartir experiencias y pr\u00e1cticas que refuercen el compromiso del cuidado del medio ambiente. &nbsp; [&hellip;]<\/p>\n","protected":false},"author":14,"featured_media":703811,"comment_status":"open","ping_status":"open","sticky":false,"template":"","format":"standard","meta":{"_monsterinsights_skip_tracking":false,"_monsterinsights_sitenote_active":false,"_monsterinsights_sitenote_note":"","_monsterinsights_sitenote_category":0,"footnotes":""},"categories":[5],"tags":[],"class_list":["post-703810","post","type-post","status-publish","format-standard","has-post-thumbnail","hentry","category-estado-de-mexico"],"_links":{"self":[{"href":"https:\/\/www.diarioimagen.net\/index.php?rest_route=\/wp\/v2\/posts\/703810","targetHints":{"allow":["GET"]}}],"collection":[{"href":"https:\/\/www.diarioimagen.net\/index.php?rest_route=\/wp\/v2\/posts"}],"about":[{"href":"https:\/\/www.diarioimagen.net\/index.php?rest_route=\/wp\/v2\/types\/post"}],"author":[{"embeddable":true,"href":"https:\/\/www.diarioimagen.net\/index.php?rest_route=\/wp\/v2\/users\/14"}],"replies":[{"embeddable":true,"href":"https:\/\/www.diarioimagen.net\/index.php?rest_route=%2Fwp%2Fv2%2Fcomments&post=703810"}],"version-history":[{"count":1,"href":"https:\/\/www.diarioimagen.net\/index.php?rest_route=\/wp\/v2\/posts\/703810\/revisions"}],"predecessor-version":[{"id":703812,"href":"https:\/\/www.diarioimagen.net\/index.php?rest_route=\/wp\/v2\/posts\/703810\/revisions\/703812"}],"wp:featuredmedia":[{"embeddable":true,"href":"https:\/\/www.diarioimagen.net\/index.php?rest_route=\/wp\/v2\/media\/703811"}],"wp:attachment":[{"href":"https:\/\/www.diarioimagen.net\/index.php?rest_route=%2Fwp%2Fv2%2Fmedia&parent=703810"}],"wp:term":[{"taxonomy":"category","embeddable":true,"href":"https:\/\/www.diarioimagen.net\/index.php?rest_route=%2Fwp%2Fv2%2Fcategories&post=703810"},{"taxonomy":"post_tag","embeddable":true,"href":"https:\/\/www.diarioimagen.net\/index.php?rest_route=%2Fwp%2Fv2%2Ftags&post=703810"}],"curies":[{"name":"wp","href":"https:\/\/api.w.org\/{rel}","templated":true}]}}