{"id":703814,"date":"2026-01-27T19:59:06","date_gmt":"2026-01-28T01:59:06","guid":{"rendered":"https:\/\/www.diarioimagen.net\/?p=703814"},"modified":"2026-01-27T19:59:06","modified_gmt":"2026-01-28T01:59:06","slug":"coordinacion-real-con-el-gobierno-del-edomex-raciel-perez","status":"publish","type":"post","link":"https:\/\/www.diarioimagen.net\/?p=703814","title":{"rendered":"Coordinaci\u00f3n real con el\u00a0gobierno del Edomex: Raciel P\u00e9rez\u00a0"},"content":{"rendered":"<p><img loading=\"lazy\" decoding=\"async\" class=\"alignnone wp-image-703815 size-large\" src=\"https:\/\/www.diarioimagen.net\/wp-content\/uploads\/2026\/01\/BAENA-4-ok-12-419x270.jpg\" alt=\"\" width=\"419\" height=\"270\" srcset=\"https:\/\/www.diarioimagen.net\/wp-content\/uploads\/2026\/01\/BAENA-4-ok-12-419x270.jpg 419w, https:\/\/www.diarioimagen.net\/wp-content\/uploads\/2026\/01\/BAENA-4-ok-12-240x155.jpg 240w, https:\/\/www.diarioimagen.net\/wp-content\/uploads\/2026\/01\/BAENA-4-ok-12-768x495.jpg 768w, https:\/\/www.diarioimagen.net\/wp-content\/uploads\/2026\/01\/BAENA-4-ok-12-1536x990.jpg 1536w, https:\/\/www.diarioimagen.net\/wp-content\/uploads\/2026\/01\/BAENA-4-ok-12-2048x1320.jpg 2048w\" sizes=\"auto, (max-width: 419px) 100vw, 419px\" \/><\/p>\n<p>&nbsp;<\/p>\n<p>Tlalnepantla, M\u00e9x.- Como parte de una estrategia de colaboraci\u00f3n institucional sin precedentes, el gobierno encabezado por\u00a0 Raciel P\u00e9rez Cruz, particip\u00f3 en la primera Reuni\u00f3n de Seguimiento y Coordinaci\u00f3n de los trabajos de rehabilitaci\u00f3n integral del Perif\u00e9rico. \u201cEs el momento de que todas las \u00e1reas que estamos interviniendo en este gran proyecto, encauzado por nuestra se\u00f1ora gobernadora, el cual va a cambiar la imagen total de una de las vialidades m\u00e1s importantes del Estado de M\u00e9xico, del pa\u00eds, y de Am\u00e9rica Latina, unamos esfuerzos\u201d, se\u00f1al\u00f3 Joel Gonz\u00e1lez Toral, Director General de la Junta de Caminos del Estado de M\u00e9xico. Durante su intervenci\u00f3n, el alcalde de Tlalnepantla, Raciel P\u00e9rez Cruz, manifest\u00f3 la total disposici\u00f3n de su administraci\u00f3n para coadyuvar con el gobierno estatal.<\/p>\n","protected":false},"excerpt":{"rendered":"<p>&nbsp; Tlalnepantla, M\u00e9x.- Como parte de una estrategia de colaboraci\u00f3n institucional sin precedentes, el gobierno encabezado por\u00a0 Raciel P\u00e9rez Cruz, particip\u00f3 en la primera Reuni\u00f3n de Seguimiento y Coordinaci\u00f3n de los trabajos de rehabilitaci\u00f3n integral del Perif\u00e9rico. \u201cEs el momento de que todas las \u00e1reas que estamos interviniendo en este gran proyecto, encauzado por nuestra [&hellip;]<\/p>\n","protected":false},"author":14,"featured_media":703815,"comment_status":"open","ping_status":"open","sticky":false,"template":"","format":"standard","meta":{"_monsterinsights_skip_tracking":false,"_monsterinsights_sitenote_active":false,"_monsterinsights_sitenote_note":"","_monsterinsights_sitenote_category":0,"footnotes":""},"categories":[5],"tags":[],"class_list":["post-703814","post","type-post","status-publish","format-standard","has-post-thumbnail","hentry","category-estado-de-mexico"],"_links":{"self":[{"href":"https:\/\/www.diarioimagen.net\/index.php?rest_route=\/wp\/v2\/posts\/703814","targetHints":{"allow":["GET"]}}],"collection":[{"href":"https:\/\/www.diarioimagen.net\/index.php?rest_route=\/wp\/v2\/posts"}],"about":[{"href":"https:\/\/www.diarioimagen.net\/index.php?rest_route=\/wp\/v2\/types\/post"}],"author":[{"embeddable":true,"href":"https:\/\/www.diarioimagen.net\/index.php?rest_route=\/wp\/v2\/users\/14"}],"replies":[{"embeddable":true,"href":"https:\/\/www.diarioimagen.net\/index.php?rest_route=%2Fwp%2Fv2%2Fcomments&post=703814"}],"version-history":[{"count":1,"href":"https:\/\/www.diarioimagen.net\/index.php?rest_route=\/wp\/v2\/posts\/703814\/revisions"}],"predecessor-version":[{"id":703816,"href":"https:\/\/www.diarioimagen.net\/index.php?rest_route=\/wp\/v2\/posts\/703814\/revisions\/703816"}],"wp:featuredmedia":[{"embeddable":true,"href":"https:\/\/www.diarioimagen.net\/index.php?rest_route=\/wp\/v2\/media\/703815"}],"wp:attachment":[{"href":"https:\/\/www.diarioimagen.net\/index.php?rest_route=%2Fwp%2Fv2%2Fmedia&parent=703814"}],"wp:term":[{"taxonomy":"category","embeddable":true,"href":"https:\/\/www.diarioimagen.net\/index.php?rest_route=%2Fwp%2Fv2%2Fcategories&post=703814"},{"taxonomy":"post_tag","embeddable":true,"href":"https:\/\/www.diarioimagen.net\/index.php?rest_route=%2Fwp%2Fv2%2Ftags&post=703814"}],"curies":[{"name":"wp","href":"https:\/\/api.w.org\/{rel}","templated":true}]}}