{"id":704067,"date":"2026-01-28T21:09:26","date_gmt":"2026-01-29T03:09:26","guid":{"rendered":"https:\/\/www.diarioimagen.net\/?p=704067"},"modified":"2026-01-28T21:09:26","modified_gmt":"2026-01-29T03:09:26","slug":"josefina-rodriguez-zamora-reconoce-expansion-de-oferta-e-inversion-turistica-en-nayarit","status":"publish","type":"post","link":"https:\/\/www.diarioimagen.net\/?p=704067","title":{"rendered":"Josefina Rodr\u00edguez Zamora  reconoce expansi\u00f3n de oferta  e inversi\u00f3n tur\u00edstica en Nayarit"},"content":{"rendered":"<ul>\n<li><strong>Gira de trabajo de la titular de Sectur<\/strong><\/li>\n<li><strong>Enalteci\u00f3 a la cocina tradicional como patrimonio cultural <\/strong><\/li>\n<\/ul>\n<p><strong>\u00a0<\/strong><\/p>\n<div id=\"attachment_704068\" style=\"width: 430px\" class=\"wp-caption alignnone\"><img loading=\"lazy\" decoding=\"async\" aria-describedby=\"caption-attachment-704068\" class=\"wp-image-704068 size-large\" src=\"https:\/\/www.diarioimagen.net\/wp-content\/uploads\/2026\/01\/SECTUR-OK-5-420x270.jpg\" alt=\"\" width=\"420\" height=\"270\" srcset=\"https:\/\/www.diarioimagen.net\/wp-content\/uploads\/2026\/01\/SECTUR-OK-5-420x270.jpg 420w, https:\/\/www.diarioimagen.net\/wp-content\/uploads\/2026\/01\/SECTUR-OK-5-240x154.jpg 240w, https:\/\/www.diarioimagen.net\/wp-content\/uploads\/2026\/01\/SECTUR-OK-5-768x494.jpg 768w, https:\/\/www.diarioimagen.net\/wp-content\/uploads\/2026\/01\/SECTUR-OK-5.jpg 1500w\" sizes=\"auto, (max-width: 420px) 100vw, 420px\" \/><p id=\"caption-attachment-704068\" class=\"wp-caption-text\">La secretaria de Turismo, Josefina Rodr\u00edguez Zamora, realiz\u00f3 una gira de trabajo de dos d\u00edas por el estado de Nayarit, donde particip\u00f3 en la inauguraci\u00f3n del hotel Rosewood Mandarina.<\/p><\/div>\n<p>La secretaria de Turismo del Gobierno de M\u00e9xico, Josefina Rodr\u00edguez Zamora, realiz\u00f3 una gira de trabajo de dos d\u00edas por el estado de Nayarit, donde reconoci\u00f3 la expansi\u00f3n de la oferta y la inversi\u00f3n tur\u00edstica en la entidad.<\/p>\n<p>\u201cNayarit es una prioridad para la Presidenta de M\u00e9xico, Claudia Sheinbaum Pardo, lo cual se materializa con el Plan Nayarit para la Prosperidad Compartida, un modelo que reconoce al turismo como un eje estrat\u00e9gico para detonar el desarrollo con justicia social. Un turismo que no s\u00f3lo crece en indicadores, sino que genera oportunidades, distribuye beneficios, fortalece capacidades locales y convierte el crecimiento econ\u00f3mico en bienestar tangible para las comunidades que viven del turismo\u201d, manifest\u00f3.<\/p>\n<p>&nbsp;<\/p>\n<p><strong>Inauguraci\u00f3n de Rosewood Mandarina<\/strong><\/p>\n<p><strong>\u00a0<\/strong><\/p>\n<p>Acompa\u00f1ada por el gobernador de Nayarit, Miguel \u00c1ngel Navarro Quintero, y por el secretario de Turismo de la entidad, Juan Enrique Su\u00e1rez del Real Tostado, la titular de la Secretar\u00eda de Turismo particip\u00f3 en la inauguraci\u00f3n del hotel Rosewood Mandarina, donde destac\u00f3 que la inversi\u00f3n tur\u00edstica en el estado contin\u00faa avanzando y hoy se refleja en la apertura de nuevos desarrollos que fortalecen la oferta de alto nivel y consolidan a Nayarit como un destino de clase mundial.<\/p>\n<p>Se\u00f1al\u00f3 que actualmente la cartera de inversi\u00f3n tur\u00edstica en la entidad suma 17 proyectos, equivalentes a 5 mil 630 millones de d\u00f3lares, lo que confirma la confianza del capital en Nayarit y el dinamismo que impulsa el sector.<\/p>\n<p>A\u00f1adi\u00f3 que estos proyectos se acompa\u00f1an de indicadores positivos, como la llegada de 2 millones 356 mil turistas a cuartos de hotel de enero a octubre de 2025, cifra que representa un crecimiento de 2.2 por ciento respecto al mismo periodo de 2024.<\/p>\n<p>Asimismo, en materia de conectividad, detall\u00f3 que entre enero y octubre de 2025 se registraron 750 vuelos hacia Nayarit, un incremento de 7.8 por ciento en comparaci\u00f3n con el mismo periodo del a\u00f1o anterior, as\u00ed como 90 mil 409 pasajeros, lo que signific\u00f3 un aumento de 6.4 por ciento.<\/p>\n<p>&nbsp;<\/p>\n<p><strong>Encuentro con asociaciones de surf<\/strong><\/p>\n<p><strong>\u00a0<\/strong><\/p>\n<p>Posteriormente, Rodr\u00edguez Zamora sostuvo un encuentro con asociaciones y representantes del surf para dar seguimiento a los trabajos derivados del reconocimiento de Bah\u00eda de Banderas como Ciudad de Surf, otorgado por la World Surf Cities Network (WSCN), red internacional que emplea este deporte como herramienta de transformaci\u00f3n social, econ\u00f3mica y ambiental.<\/p>\n<p>Precis\u00f3 que Bah\u00eda de Banderas es el primer municipio de M\u00e9xico en formar parte de la WSCN, que agrupa a 20 ciudades de 10 pa\u00edses, y que recientemente fue confirmada como sede de la Asamblea Anual 2027, lo que incrementa su relevancia en el turismo deportivo y sustentable.<\/p>\n<p>Durante la reuni\u00f3n, se destac\u00f3 que la regi\u00f3n cuenta con condiciones ambientales y geogr\u00e1ficas id\u00f3neas para la pr\u00e1ctica del surf, con playas como Sayulita, La Lancha, Punta Burros, El Anclote, Quimixto, San Pancho y Playa Los Muertos, as\u00ed como zonas en Punta de Mita, Lo de Marcos y San Blas, que permiten la pr\u00e1ctica de este deporte desde niveles principiantes hasta avanzados.<\/p>\n<p>&nbsp;<\/p>\n<p><strong>Inauguraci\u00f3n de Talleres Tur\u00edsticos y Artesanales en Compostela<\/strong><\/p>\n<p>&nbsp;<\/p>\n<p>En Compostela, la secretaria de Turismo inaugur\u00f3 los Talleres Tur\u00edsticos y Artesanales, espacios orientados a fortalecer el turismo cultural y la identidad territorial mediante la transmisi\u00f3n de oficios con arraigo local.<\/p>\n<p>La secretaria destac\u00f3 que estas acciones permiten generar capacidades locales, oportunidades de empleo y cadenas de valor m\u00e1s justas, lo que favorece que las comunidades vinculadas al turismo reciban mayores beneficios.<\/p>\n<p>En la exf\u00e1brica textil de Bellavista, sostuvo un encuentro con cocineras tradicionales, productores y artesanos de distintas regiones de Nayarit, en el que reconoci\u00f3 la trayectoria y la transmisi\u00f3n de saberes de generaci\u00f3n en generaci\u00f3n de m\u00e1s de dos decenas de cocineras tradicionales, a quienes entreg\u00f3 reconocimientos como un acto simb\u00f3lico de justicia cultural.<\/p>\n<p>&nbsp;<\/p>\n<p>&nbsp;<\/p>\n<p>&nbsp;<\/p>\n<p><strong>\u00a0<\/strong><\/p>\n<p>&nbsp;<\/p>\n<p>&nbsp;<\/p>\n","protected":false},"excerpt":{"rendered":"<p>Gira de trabajo de la titular de Sectur Enalteci\u00f3 a la cocina tradicional como patrimonio cultural \u00a0 La secretaria de Turismo del Gobierno de M\u00e9xico, Josefina Rodr\u00edguez Zamora, realiz\u00f3 una gira de trabajo de dos d\u00edas por el estado de Nayarit, donde reconoci\u00f3 la expansi\u00f3n de la oferta y la inversi\u00f3n tur\u00edstica en la entidad. [&hellip;]<\/p>\n","protected":false},"author":14,"featured_media":704068,"comment_status":"open","ping_status":"open","sticky":false,"template":"","format":"standard","meta":{"_monsterinsights_skip_tracking":false,"_monsterinsights_sitenote_active":false,"_monsterinsights_sitenote_note":"","_monsterinsights_sitenote_category":0,"footnotes":""},"categories":[11],"tags":[],"class_list":["post-704067","post","type-post","status-publish","format-standard","has-post-thumbnail","hentry","category-turismo"],"_links":{"self":[{"href":"https:\/\/www.diarioimagen.net\/index.php?rest_route=\/wp\/v2\/posts\/704067","targetHints":{"allow":["GET"]}}],"collection":[{"href":"https:\/\/www.diarioimagen.net\/index.php?rest_route=\/wp\/v2\/posts"}],"about":[{"href":"https:\/\/www.diarioimagen.net\/index.php?rest_route=\/wp\/v2\/types\/post"}],"author":[{"embeddable":true,"href":"https:\/\/www.diarioimagen.net\/index.php?rest_route=\/wp\/v2\/users\/14"}],"replies":[{"embeddable":true,"href":"https:\/\/www.diarioimagen.net\/index.php?rest_route=%2Fwp%2Fv2%2Fcomments&post=704067"}],"version-history":[{"count":1,"href":"https:\/\/www.diarioimagen.net\/index.php?rest_route=\/wp\/v2\/posts\/704067\/revisions"}],"predecessor-version":[{"id":704069,"href":"https:\/\/www.diarioimagen.net\/index.php?rest_route=\/wp\/v2\/posts\/704067\/revisions\/704069"}],"wp:featuredmedia":[{"embeddable":true,"href":"https:\/\/www.diarioimagen.net\/index.php?rest_route=\/wp\/v2\/media\/704068"}],"wp:attachment":[{"href":"https:\/\/www.diarioimagen.net\/index.php?rest_route=%2Fwp%2Fv2%2Fmedia&parent=704067"}],"wp:term":[{"taxonomy":"category","embeddable":true,"href":"https:\/\/www.diarioimagen.net\/index.php?rest_route=%2Fwp%2Fv2%2Fcategories&post=704067"},{"taxonomy":"post_tag","embeddable":true,"href":"https:\/\/www.diarioimagen.net\/index.php?rest_route=%2Fwp%2Fv2%2Ftags&post=704067"}],"curies":[{"name":"wp","href":"https:\/\/api.w.org\/{rel}","templated":true}]}}