{"id":704191,"date":"2026-01-29T19:03:00","date_gmt":"2026-01-30T01:03:00","guid":{"rendered":"https:\/\/www.diarioimagen.net\/?p=704191"},"modified":"2026-01-29T19:03:00","modified_gmt":"2026-01-30T01:03:00","slug":"deja-fabian-gomez-la-direccion-de-seguridad-publica-de-atizapan","status":"publish","type":"post","link":"https:\/\/www.diarioimagen.net\/?p=704191","title":{"rendered":"Deja Fabi\u00e1n G\u00f3mez la direcci\u00f3n  de Seguridad P\u00fablica de Atizap\u00e1n"},"content":{"rendered":"<ul>\n<li><strong>El alcalde Pedro Rodr\u00edguez acepta la renuncia<\/strong><\/li>\n<\/ul>\n<p>&nbsp;<\/p>\n<div id=\"attachment_704192\" style=\"width: 415px\" class=\"wp-caption alignnone\"><img loading=\"lazy\" decoding=\"async\" aria-describedby=\"caption-attachment-704192\" class=\"wp-image-704192 size-large\" src=\"https:\/\/www.diarioimagen.net\/wp-content\/uploads\/2026\/01\/BAENA-3-ok-16-405x270.jpg\" alt=\"\" width=\"405\" height=\"270\" srcset=\"https:\/\/www.diarioimagen.net\/wp-content\/uploads\/2026\/01\/BAENA-3-ok-16-405x270.jpg 405w, https:\/\/www.diarioimagen.net\/wp-content\/uploads\/2026\/01\/BAENA-3-ok-16-240x160.jpg 240w, https:\/\/www.diarioimagen.net\/wp-content\/uploads\/2026\/01\/BAENA-3-ok-16-768x512.jpg 768w, https:\/\/www.diarioimagen.net\/wp-content\/uploads\/2026\/01\/BAENA-3-ok-16.jpg 1500w\" sizes=\"auto, (max-width: 405px) 100vw, 405px\" \/><p id=\"caption-attachment-704192\" class=\"wp-caption-text\">El alcalde Pedro Rodr\u00edguez reconoci\u00f3 la labor de Fabi\u00e1n G\u00f3mez Calc\u00e1neo durante los cuatro a\u00f1os que estuvo al frente de la seguridad de Atizap\u00e1n de Zaragoza.<\/p><\/div>\n<p>&nbsp;<\/p>\n<p>Atizap\u00e1n de Zaragoza, M\u00e9x.- El presidente municipal Pedro Rodr\u00edguez Villegas acept\u00f3 la renuncia del Teniente de Nav\u00edo de la Secretar\u00eda de Marina (Semar), Fabi\u00e1n G\u00f3mez Calc\u00e1neo, al cargo de Director de Seguridad P\u00fablica y Seguridad Vial, responsabilidad que ostentaba desde el 1 de enero de 2022.<\/p>\n<p>&nbsp;<\/p>\n<p>G\u00f3mez Calc\u00e1neo fue ratificado en dicho cargo el 1 de enero de 2025, periodo en el que se lograron avances significativos en materia de seguridad p\u00fablica, al mantener una reducci\u00f3n sostenida en la incidencia delictiva, resultado de la coordinaci\u00f3n operativa, la estrategia preventiva y el fortalecimiento de las acciones de seguridad.<\/p>\n<p>&nbsp;<\/p>\n<p>Con el Teniente de Nav\u00edo de la Semar al frente de esta corporaci\u00f3n, Atizap\u00e1n se posicion\u00f3 como el municipio con mejor percepci\u00f3n de seguridad del Estado de M\u00e9xico, de acuerdo a la Encuesta Nacional de Seguridad P\u00fablica Urbana (ENSU), al registrar una baja de m\u00e1s de 20 puntos porcentuales en dicha encuesta.<\/p>\n<p>&nbsp;<\/p>\n<p>El alcalde Pedro Rodr\u00edguez reconoci\u00f3 la labor de Fabi\u00e1n G\u00f3mez Calc\u00e1neo durante los cuatro a\u00f1os que estuvo al frente de la seguridad del municipio, consolidando una polic\u00eda municipal cercana a la gente y abatiendo la corrupci\u00f3n al interior de esta corporaci\u00f3n, por lo que dese\u00f3 el mayor de los \u00e9xitos en su carrera.<\/p>\n<p>&nbsp;<\/p>\n<p>G\u00f3mez Calc\u00e1neo asumir\u00e1 en unos d\u00edas la titularidad de la Direcci\u00f3n de Seguridad P\u00fablica de Colima, en donde sin duda llegar\u00e1 a poner orden y mayor seguridad en ese estado.<\/p>\n<p>&nbsp;<\/p>\n<p>&nbsp;<\/p>\n","protected":false},"excerpt":{"rendered":"<p>El alcalde Pedro Rodr\u00edguez acepta la renuncia &nbsp; &nbsp; Atizap\u00e1n de Zaragoza, M\u00e9x.- El presidente municipal Pedro Rodr\u00edguez Villegas acept\u00f3 la renuncia del Teniente de Nav\u00edo de la Secretar\u00eda de Marina (Semar), Fabi\u00e1n G\u00f3mez Calc\u00e1neo, al cargo de Director de Seguridad P\u00fablica y Seguridad Vial, responsabilidad que ostentaba desde el 1 de enero de 2022. [&hellip;]<\/p>\n","protected":false},"author":14,"featured_media":704192,"comment_status":"open","ping_status":"open","sticky":false,"template":"","format":"standard","meta":{"_monsterinsights_skip_tracking":false,"_monsterinsights_sitenote_active":false,"_monsterinsights_sitenote_note":"","_monsterinsights_sitenote_category":0,"footnotes":""},"categories":[5],"tags":[],"class_list":["post-704191","post","type-post","status-publish","format-standard","has-post-thumbnail","hentry","category-estado-de-mexico"],"_links":{"self":[{"href":"https:\/\/www.diarioimagen.net\/index.php?rest_route=\/wp\/v2\/posts\/704191","targetHints":{"allow":["GET"]}}],"collection":[{"href":"https:\/\/www.diarioimagen.net\/index.php?rest_route=\/wp\/v2\/posts"}],"about":[{"href":"https:\/\/www.diarioimagen.net\/index.php?rest_route=\/wp\/v2\/types\/post"}],"author":[{"embeddable":true,"href":"https:\/\/www.diarioimagen.net\/index.php?rest_route=\/wp\/v2\/users\/14"}],"replies":[{"embeddable":true,"href":"https:\/\/www.diarioimagen.net\/index.php?rest_route=%2Fwp%2Fv2%2Fcomments&post=704191"}],"version-history":[{"count":1,"href":"https:\/\/www.diarioimagen.net\/index.php?rest_route=\/wp\/v2\/posts\/704191\/revisions"}],"predecessor-version":[{"id":704193,"href":"https:\/\/www.diarioimagen.net\/index.php?rest_route=\/wp\/v2\/posts\/704191\/revisions\/704193"}],"wp:featuredmedia":[{"embeddable":true,"href":"https:\/\/www.diarioimagen.net\/index.php?rest_route=\/wp\/v2\/media\/704192"}],"wp:attachment":[{"href":"https:\/\/www.diarioimagen.net\/index.php?rest_route=%2Fwp%2Fv2%2Fmedia&parent=704191"}],"wp:term":[{"taxonomy":"category","embeddable":true,"href":"https:\/\/www.diarioimagen.net\/index.php?rest_route=%2Fwp%2Fv2%2Fcategories&post=704191"},{"taxonomy":"post_tag","embeddable":true,"href":"https:\/\/www.diarioimagen.net\/index.php?rest_route=%2Fwp%2Fv2%2Ftags&post=704191"}],"curies":[{"name":"wp","href":"https:\/\/api.w.org\/{rel}","templated":true}]}}