{"id":704206,"date":"2026-01-29T19:16:01","date_gmt":"2026-01-30T01:16:01","guid":{"rendered":"https:\/\/www.diarioimagen.net\/?p=704206"},"modified":"2026-01-29T19:16:01","modified_gmt":"2026-01-30T01:16:01","slug":"el-gem-mejora-precio-de-maiz-para-productores","status":"publish","type":"post","link":"https:\/\/www.diarioimagen.net\/?p=704206","title":{"rendered":"\u00a0  El GEM mejora precio de ma\u00edz para productores"},"content":{"rendered":"<ul>\n<li><strong>Pagar\u00e1 300 pesos m\u00e1s por tonelada<\/strong><\/li>\n<\/ul>\n<p><strong>\u00a0<\/strong><\/p>\n<div id=\"attachment_704207\" style=\"width: 415px\" class=\"wp-caption alignnone\"><img loading=\"lazy\" decoding=\"async\" aria-describedby=\"caption-attachment-704207\" class=\"wp-image-704207 size-large\" src=\"https:\/\/www.diarioimagen.net\/wp-content\/uploads\/2026\/01\/EDOMEX-2-ok-15-405x270.jpg\" alt=\"\" width=\"405\" height=\"270\" srcset=\"https:\/\/www.diarioimagen.net\/wp-content\/uploads\/2026\/01\/EDOMEX-2-ok-15-405x270.jpg 405w, https:\/\/www.diarioimagen.net\/wp-content\/uploads\/2026\/01\/EDOMEX-2-ok-15-240x160.jpg 240w, https:\/\/www.diarioimagen.net\/wp-content\/uploads\/2026\/01\/EDOMEX-2-ok-15-768x512.jpg 768w, https:\/\/www.diarioimagen.net\/wp-content\/uploads\/2026\/01\/EDOMEX-2-ok-15.jpg 1500w\" sizes=\"auto, (max-width: 405px) 100vw, 405px\" \/><p id=\"caption-attachment-704207\" class=\"wp-caption-text\">El Gobierno del Estado de M\u00e9xico firm\u00f3 un convenio con Alimentaci\u00f3n para el Bienestar para dar un beneficio complementario de 300 pesos por tonelada a quienes vendan su cosecha a la paraestatal en el ciclo de acopio octubre 2025-junio 2026.<\/p><\/div>\n<p>&nbsp;<\/p>\n<p>&nbsp;<\/p>\n<p>&nbsp;<\/p>\n<p>&nbsp;<\/p>\n<p>&nbsp;<\/p>\n<p>Metepec, Estado de M\u00e9xico.\u2013 Para favorecer la econom\u00eda de las y los productores mexiquenses de ma\u00edz, el Gobierno del Estado de M\u00e9xico firm\u00f3 un convenio con Alimentaci\u00f3n para el Bienestar para dar un beneficio complementario de 300 pesos por tonelada a quienes vendan su cosecha a la paraestatal en el ciclo de acopio octubre 2025-junio 2026.<\/p>\n<p>El acuerdo establece que el precio de la tonelada para el ma\u00edz nativo pasar\u00e1 de 8 mil 200 pesos a 8 mil 500 pesos; mientras la tonelada del ma\u00edz mejorado e h\u00edbrido de 7 mil 200 a 7 mil 500 pesos.<\/p>\n<p>Mar\u00eda Luisa Albores Gonz\u00e1lez, Directora General de Alimentaci\u00f3n para el Bienestar, explic\u00f3 que el programa Acopio para el Bienestar, antes llamado Precio de Garant\u00eda, ahora est\u00e1 en condiciones de ofrecer un precio mayor al establecido por la Bolsa de Valores de Chicago, el cual se tomaba como referente en M\u00e9xico.<\/p>\n<p>\u201cSiempre queremos mejorar y siempre se puede mejorar m\u00e1s el precio, pero al menos desde Alimentaci\u00f3n para el Bienestar fue un logro que ya nuestro precio del ma\u00edz no se fijara en la Bolsa de Chicago\u201d, afirm\u00f3.<\/p>\n<p>La funcionaria federal agradeci\u00f3 a la Gobernadora Delfina G\u00f3mez \u00c1lvarez su sensibilidad con los peque\u00f1os productores de ma\u00edz, se\u00f1al\u00f3 que el Estado de M\u00e9xico fue el primer estado que se comprometi\u00f3 a brindar mil pesos extras por tonelada a productores de ma\u00edz en el 2025, lo que permiti\u00f3 replicar dicha pol\u00edtica en otros estados del pa\u00eds.<\/p>\n<p>En su turno, Mar\u00eda Eugenia Rojano Vald\u00e9s, Secretaria del Campo estatal, record\u00f3 que, adem\u00e1s, los productores del padr\u00f3n de Acopio para el Bienestar tendr\u00e1n la posibilidad de obtener el beneficio del programa PROMA\u00cdZ con apoyo econ\u00f3mico para la compra de semilla hasta para 30 hect\u00e1reas, adem\u00e1s de la compra de insumos, reparaci\u00f3n de maquinaria, acompa\u00f1amiento t\u00e9cnico, capacitaciones y asesor\u00edas del Instituto de Investigaci\u00f3n y Capacitaci\u00f3n Agropecuaria, Acu\u00edcola y Forestal (Icamex).<\/p>\n<p>Finalmente, la Secretaria estatal reiter\u00f3 la colaboraci\u00f3n con el Gobierno federal en pro del campo mexiquense, \u201cd\u00edgale a la Presidenta Claudia Sheinbaum, que tambi\u00e9n nuestra Gobernadora, la Maestra Delfina, y tambi\u00e9n nosotros estamos con la firme intenci\u00f3n de seguir haciendo equipo y seguir colaborando\u201d.<\/p>\n<p>&nbsp;<\/p>\n<p>&nbsp;<\/p>\n<p><strong>\u00a0<\/strong><\/p>\n<p>&nbsp;<\/p>\n<p>&nbsp;<\/p>\n","protected":false},"excerpt":{"rendered":"<p>Pagar\u00e1 300 pesos m\u00e1s por tonelada \u00a0 &nbsp; &nbsp; &nbsp; &nbsp; &nbsp; Metepec, Estado de M\u00e9xico.\u2013 Para favorecer la econom\u00eda de las y los productores mexiquenses de ma\u00edz, el Gobierno del Estado de M\u00e9xico firm\u00f3 un convenio con Alimentaci\u00f3n para el Bienestar para dar un beneficio complementario de 300 pesos por tonelada a quienes vendan [&hellip;]<\/p>\n","protected":false},"author":14,"featured_media":704207,"comment_status":"open","ping_status":"open","sticky":false,"template":"","format":"standard","meta":{"_monsterinsights_skip_tracking":false,"_monsterinsights_sitenote_active":false,"_monsterinsights_sitenote_note":"","_monsterinsights_sitenote_category":0,"footnotes":""},"categories":[5],"tags":[],"class_list":["post-704206","post","type-post","status-publish","format-standard","has-post-thumbnail","hentry","category-estado-de-mexico"],"_links":{"self":[{"href":"https:\/\/www.diarioimagen.net\/index.php?rest_route=\/wp\/v2\/posts\/704206","targetHints":{"allow":["GET"]}}],"collection":[{"href":"https:\/\/www.diarioimagen.net\/index.php?rest_route=\/wp\/v2\/posts"}],"about":[{"href":"https:\/\/www.diarioimagen.net\/index.php?rest_route=\/wp\/v2\/types\/post"}],"author":[{"embeddable":true,"href":"https:\/\/www.diarioimagen.net\/index.php?rest_route=\/wp\/v2\/users\/14"}],"replies":[{"embeddable":true,"href":"https:\/\/www.diarioimagen.net\/index.php?rest_route=%2Fwp%2Fv2%2Fcomments&post=704206"}],"version-history":[{"count":1,"href":"https:\/\/www.diarioimagen.net\/index.php?rest_route=\/wp\/v2\/posts\/704206\/revisions"}],"predecessor-version":[{"id":704208,"href":"https:\/\/www.diarioimagen.net\/index.php?rest_route=\/wp\/v2\/posts\/704206\/revisions\/704208"}],"wp:featuredmedia":[{"embeddable":true,"href":"https:\/\/www.diarioimagen.net\/index.php?rest_route=\/wp\/v2\/media\/704207"}],"wp:attachment":[{"href":"https:\/\/www.diarioimagen.net\/index.php?rest_route=%2Fwp%2Fv2%2Fmedia&parent=704206"}],"wp:term":[{"taxonomy":"category","embeddable":true,"href":"https:\/\/www.diarioimagen.net\/index.php?rest_route=%2Fwp%2Fv2%2Fcategories&post=704206"},{"taxonomy":"post_tag","embeddable":true,"href":"https:\/\/www.diarioimagen.net\/index.php?rest_route=%2Fwp%2Fv2%2Ftags&post=704206"}],"curies":[{"name":"wp","href":"https:\/\/api.w.org\/{rel}","templated":true}]}}