{"id":704990,"date":"2026-02-02T22:23:34","date_gmt":"2026-02-03T04:23:34","guid":{"rendered":"https:\/\/www.diarioimagen.net\/?p=704990"},"modified":"2026-02-02T22:23:34","modified_gmt":"2026-02-03T04:23:34","slug":"la-de-adan-augusto-una-fuga-poco-creible","status":"publish","type":"post","link":"https:\/\/www.diarioimagen.net\/?p=704990","title":{"rendered":"La de Ad\u00e1n Augusto, una fuga poco cre\u00edble"},"content":{"rendered":"<p><strong>\u00a0<\/strong><\/p>\n<p><strong>TRAS LA PUERTA DEL PODER. <\/strong><strong>Roberto Vizca\u00edno <\/strong><\/p>\n<p>&nbsp;<\/p>\n<p><strong>\u00a0<\/strong><\/p>\n<p>&nbsp;<\/p>\n<p>&nbsp;<\/p>\n<p>Dig\u00e1moslo abiertamente: todo apunta a que el paso de dejar las dirigencias centrales de el Senado por\u00a0<strong>Ad\u00e1n Augusto L\u00f3pez<\/strong>\u00a0es en realidad un intento de fuga de sus l\u00edos y contradicciones.<\/p>\n<p>Una evasi\u00f3n que, al quedarse amarrado al fuero de su esca\u00f1o, pocos le creen. Una separaci\u00f3n que no hay forma de certificar que incluye adem\u00e1s el alejamiento del apoyo permanente e incondicional de su hermano pol\u00edtico, su aliado y promotor principal, de\u00a0<strong>Andr\u00e9s Manuel L\u00f3pez Obrador<\/strong>.<\/p>\n<p>No hay forma.<\/p>\n<p>Los dos encargos endosados al poblano\u00a0<strong>Ignacio Mier<\/strong>\u00a0y aceptados por \u00e9ste, m\u00e1s que evidentemente a rega\u00f1adientes, con una incomodidad inocultable, el de coordinador de la bancada de la mayor\u00eda de Morena y el de presidente de la Junta de Coordinaci\u00f3n Pol\u00edtica del Senado, no se entienden ni son cre\u00edbles si detr\u00e1s de ellos no est\u00e1 el apoyo evidente de quien realmente manda,<\/p>\n<p>Y quien hoy manda aqu\u00ed, est\u00e1 por dem\u00e1s claro, no es\u00a0<strong>Claudia Sheinbaum<\/strong>. No totalmente. Quiz\u00e1 como hoy lo comienza a hacer\u00a0<strong>Nacho Mier<\/strong>\u00a0en el Senado,\u00a0<em>hasta donde le dejen<\/em>.<\/p>\n<p>No hay que olvidar que el reparto de posiciones en el Senado y C\u00e1mara de Diputados lo hizo publica y abiertamente el todav\u00eda presidente Andr\u00e9s Manuel L\u00f3pez Obrador, como una forma de compensaci\u00f3n del desastroso resultado de la interna presidencial de Morena en que Marcelo Ebrard estuvo en un tris de romper y exponer todo el proceso en que Claudia Sheinbaum fue finalmente impuesta como candidata y sucesora del tabasque\u00f1o.<\/p>\n<p>El reparto de escritorio lo hizo\u00a0<strong>AMLO<\/strong>\u00a0al decidir que\u00a0<strong>Ad\u00e1n Augusto<\/strong>\u00a0ir\u00eda como l\u00edder de Morena al Senado y\u00a0<strong>Ricardo Monreal<\/strong>\u00a0a coordinar los mandos en C\u00e1mara de Diputados.<\/p>\n<p>El que patale\u00f3 y discrep\u00f3 fue el\u00a0<em>changole\u00f3n<\/em>\u00a0de Iztapalapa y hoy riquillo de Tepoz, el agente viajero de primera clase el renegado del PT \u00a0<strong>Gerardo Fern\u00e1ndez Noro\u00f1a<\/strong>, a quien\u00a0<strong>AMLO<\/strong>\u00a0finalmente acept\u00f3 darle la presidencia del Senado durante el primer a\u00f1o de la legislatura.<\/p>\n<p>Es decir, ninguno de ellos lleg\u00f3 a d\u00f3nde est\u00e1 o estuvo por sus m\u00e9ritos, sino por el reparto compensatorio de\u00a0<strong>AMLO<\/strong>.<\/p>\n<p>Y todo indica que en ello no particip\u00f3\u00a0<strong>Claudia Sheinbaum<\/strong>. A ella se le impuso el reparto. Y como tal, ella dice hoy que\u00a0<strong>Ad\u00e1n Augusto<\/strong>\u00a0no le consult\u00f3 su salida de la coordinaci\u00f3n de Morena en el Senado ni de la presidencia de la Jucopo.<\/p>\n<p>Eso mismo dijo el propio\u00a0<strong>Ad\u00e1n Augusto L\u00f3pez<\/strong>\u00a0al dar a conocer que le pasaba los cargos a\u00a0<strong>Nacho Mier<\/strong>, pero no el poder.<\/p>\n<p>En esa conferencia -y para su historia-, queda que\u00a0<strong>Ad\u00e1n Augusto<\/strong>\u00a0aclara que esta renuncia a los encargos la hab\u00eda consultado \u201ccon quien ten\u00eda que consultarlo\u201d.<\/p>\n<p>Preguntado de inmediato por una reportera si lo hab\u00eda consultado, platicado con la presidenta\u00a0<strong>Claudia Sheinbaum<\/strong>\u00a0el tabasque\u00f1o, \u00e1spero, simplemente reiter\u00f3 \u201c\u2026 con quien ten\u00eda que consultarlo\u201d para dejar sentado que ese obviamente no era la mandataria.<\/p>\n<p>&nbsp;<\/p>\n<p><strong>\u00bf<\/strong><strong>Qu\u00e9 hay detr\u00e1s?<\/strong><\/p>\n<p>&nbsp;<\/p>\n<p>Como todo en este caso, la obviedad del objetivo de este movimiento de\u00a0<strong>Ad\u00e1n Augusto L\u00f3pez<\/strong>\u00a0es inocultable.<\/p>\n<p>Harto de tener que lidiar todos los d\u00edas de sesi\u00f3n con los se\u00f1alamientos y denuncias medi\u00e1ticas, discursivas de la oposici\u00f3n por sus v\u00ednculos con los temas de La Barredora, del huachicoleo fiscal, y otros, as\u00ed como de los embates de la aguerrida senadora\u00a0<strong>Lilly T\u00e9llez<\/strong>\u00a0o del incisivo senador y coordinador de los panistas,\u00a0<strong>Ricardo Anaya<\/strong>, dio un paso al lado y salirse del reflector de l\u00edder de Morena en el Senado.<\/p>\n<p>El costo no ser\u00eda mayor, dejar\u00eda que\u00a0<strong>Mier<\/strong>\u00a0se hiciera cargo del tr\u00e1mite de los asuntos de todos los d\u00edas, y \u00e9l s\u00f3lo participar\u00eda en las decisiones de los montos del presupuesto realmente importante y de c\u00f3mo tramitar lo que desde Palenque le digan hay que hacerlo.<\/p>\n<p>Ya nadie lo criticar\u00eda por ver juegos en su tablet y tendr\u00eda tiempo para temas suyos como los de su preferida para Chihuahua.<\/p>\n<p>\u00c9l es solo un senador m\u00e1s. Y no es su culpa tener derecho de picaporte y los n\u00fameros de celulares privados \u201cde a quien hay que llamar para que le digan que debe hacer\u201d.<\/p>\n<p>&nbsp;<\/p>\n<p>&nbsp;<\/p>\n<p><strong>A Monreal no le han pedido sus cargos<\/strong><\/p>\n<p>&nbsp;<\/p>\n<p>En este resbaladero de la pol\u00edtica nacional y a pesar de los tropiezos, las inquinas, y los malos modos dentro de la mayor\u00eda de Morena en San L\u00e1zaro, hasta hoy -dice el propio\u00a0<strong>Ricardo Monreal<\/strong>&#8211; nadie le ha pedido dejar sus encargos de coordinador de la mayor\u00eda legislativa de Morena ni en la presidencia de la Jucopo.<\/p>\n<p>Y de entrada, se niega a descalificar o cuestionar la decisi\u00f3n de Ad\u00e1n Augusto L\u00f3pez en el Senado.<\/p>\n<p>En cuanto supe de su renuncia, dice, fui a darle un abrazo.<\/p>\n<p>\u201c\u2026 yo soy de los que piensa que estos puestos que uno desempe\u00f1a, no debe uno aferrarse o generarse como puestos eternos. Yo soy muy pr\u00e1ctico y cuando ya no eres \u00fatil tienes que retirarte\u201d.<\/p>\n<p>-\u00bfUsted no lo ha pensado?<\/p>\n<p>\u201cYo pienso retirarme pronto. Yo ya he dicho en distintos eventos y en distintos foros que nosotros somos una generaci\u00f3n que est\u00e1 concluyendo su responsabilidad. Yo estoy prepar\u00e1ndome para que esta responsabilidad ya sea desarrollada por j\u00f3venes o por otras personas.<\/p>\n<p>\u201cNo somos indispensables\u201d, afirma.<\/p>\n<p>&nbsp;<\/p>\n<p>Twitter: @_Vizcaino \/ Facebook<\/p>\n<p>\/\u00a0<a href=\"https:\/\/www.facebook.com\/rvizcainoa\">https:\/\/www.facebook.com\/rvizcainoa<\/a><\/p>\n<p>&nbsp;<\/p>\n<p>&nbsp;<\/p>\n","protected":false},"excerpt":{"rendered":"<p>\u00a0 TRAS LA PUERTA DEL PODER. Roberto Vizca\u00edno &nbsp; \u00a0 &nbsp; &nbsp; Dig\u00e1moslo abiertamente: todo apunta a que el paso de dejar las dirigencias centrales de el Senado por\u00a0Ad\u00e1n Augusto L\u00f3pez\u00a0es en realidad un intento de fuga de sus l\u00edos y contradicciones. Una evasi\u00f3n que, al quedarse amarrado al fuero de su esca\u00f1o, pocos le [&hellip;]<\/p>\n","protected":false},"author":14,"featured_media":0,"comment_status":"open","ping_status":"open","sticky":false,"template":"","format":"standard","meta":{"_monsterinsights_skip_tracking":false,"_monsterinsights_sitenote_active":false,"_monsterinsights_sitenote_note":"","_monsterinsights_sitenote_category":0,"footnotes":""},"categories":[4,136],"tags":[],"class_list":["post-704990","post","type-post","status-publish","format-standard","hentry","category-opinion","category-roberto-vizcaino-opinion"],"_links":{"self":[{"href":"https:\/\/www.diarioimagen.net\/index.php?rest_route=\/wp\/v2\/posts\/704990","targetHints":{"allow":["GET"]}}],"collection":[{"href":"https:\/\/www.diarioimagen.net\/index.php?rest_route=\/wp\/v2\/posts"}],"about":[{"href":"https:\/\/www.diarioimagen.net\/index.php?rest_route=\/wp\/v2\/types\/post"}],"author":[{"embeddable":true,"href":"https:\/\/www.diarioimagen.net\/index.php?rest_route=\/wp\/v2\/users\/14"}],"replies":[{"embeddable":true,"href":"https:\/\/www.diarioimagen.net\/index.php?rest_route=%2Fwp%2Fv2%2Fcomments&post=704990"}],"version-history":[{"count":1,"href":"https:\/\/www.diarioimagen.net\/index.php?rest_route=\/wp\/v2\/posts\/704990\/revisions"}],"predecessor-version":[{"id":704991,"href":"https:\/\/www.diarioimagen.net\/index.php?rest_route=\/wp\/v2\/posts\/704990\/revisions\/704991"}],"wp:attachment":[{"href":"https:\/\/www.diarioimagen.net\/index.php?rest_route=%2Fwp%2Fv2%2Fmedia&parent=704990"}],"wp:term":[{"taxonomy":"category","embeddable":true,"href":"https:\/\/www.diarioimagen.net\/index.php?rest_route=%2Fwp%2Fv2%2Fcategories&post=704990"},{"taxonomy":"post_tag","embeddable":true,"href":"https:\/\/www.diarioimagen.net\/index.php?rest_route=%2Fwp%2Fv2%2Ftags&post=704990"}],"curies":[{"name":"wp","href":"https:\/\/api.w.org\/{rel}","templated":true}]}}