{"id":706028,"date":"2026-02-03T19:33:02","date_gmt":"2026-02-04T01:33:02","guid":{"rendered":"https:\/\/www.diarioimagen.net\/?p=706028"},"modified":"2026-02-03T19:33:02","modified_gmt":"2026-02-04T01:33:02","slug":"solucion-al-diferendo-limitrofe-entre-los-municipios-de-acolman-y-ecatepec","status":"publish","type":"post","link":"https:\/\/www.diarioimagen.net\/?p=706028","title":{"rendered":"Soluci\u00f3n al diferendo lim\u00edtrofe entre  los municipios de Acolman y Ecatepec"},"content":{"rendered":"<ul>\n<li><strong>Interviene Congreso mexiquense <\/strong><\/li>\n<\/ul>\n<div id=\"attachment_706029\" style=\"width: 470px\" class=\"wp-caption alignnone\"><img loading=\"lazy\" decoding=\"async\" aria-describedby=\"caption-attachment-706029\" class=\"wp-image-706029 size-large\" src=\"https:\/\/www.diarioimagen.net\/wp-content\/uploads\/2026\/02\/BAENA-2-ok-1-460x247.jpg\" alt=\"\" width=\"460\" height=\"247\" srcset=\"https:\/\/www.diarioimagen.net\/wp-content\/uploads\/2026\/02\/BAENA-2-ok-1-460x247.jpg 460w, https:\/\/www.diarioimagen.net\/wp-content\/uploads\/2026\/02\/BAENA-2-ok-1-240x129.jpg 240w, https:\/\/www.diarioimagen.net\/wp-content\/uploads\/2026\/02\/BAENA-2-ok-1-768x413.jpg 768w, https:\/\/www.diarioimagen.net\/wp-content\/uploads\/2026\/02\/BAENA-2-ok-1-1536x826.jpg 1536w, https:\/\/www.diarioimagen.net\/wp-content\/uploads\/2026\/02\/BAENA-2-ok-1-2048x1101.jpg 2048w\" sizes=\"auto, (max-width: 460px) 100vw, 460px\" \/><p id=\"caption-attachment-706029\" class=\"wp-caption-text\">Con la participaci\u00f3n del Congreso mexiquense se da soluci\u00f3n al diferendo lim\u00edtrofe entre Acolman y Ecatepec, respecto del pol\u00edgono geogr\u00e1fico identificado como Santa Mar\u00eda Chiconautla.<\/p><\/div>\n<p>&nbsp;<\/p>\n<p>&nbsp;<\/p>\n<p>Valle de M\u00e9xico.- La Comisi\u00f3n de L\u00edmites Territoriales del Estado de M\u00e9xico y sus Municipios de la LXII Legislatura,aprob\u00f3 dar soluci\u00f3n al diferendo lim\u00edtrofe entre Acolman y Ecatepec, respecto del pol\u00edgono geogr\u00e1fico identificado como \u201cSanta Mar\u00eda Chiconautla\u201d (de 475 hect\u00e1reas), con lo cual se busca garantizar la paz social, gobernabilidad y seguridad jur\u00eddica en la zona involucrada, erradicando el estado de indefinici\u00f3n territorial en beneficio de sus residentes.<\/p>\n<p>&nbsp;<\/p>\n<p>En reuni\u00f3n de trabajo, presidida por el diputado Rom\u00e1n Francisco Cort\u00e9s Lugo (Morena), la comisi\u00f3n aval\u00f3 el dictamen que reconoce con precisi\u00f3n los l\u00edmites territoriales de ambos municipios, para dotar de materialidad jur\u00eddica y certidumbre t\u00e9cnica a los actos de gobierno, administraci\u00f3n y aplicaci\u00f3n de recursos p\u00fablicos en beneficio de la poblaci\u00f3n.<\/p>\n<p>&nbsp;<\/p>\n<p>El documento resalta que se promueve la certeza jur\u00eddica para que las y los mexiquenses de este lugar accedan plenamente a servicios esenciales de agua, drenaje, seguridad y obras p\u00fablicas, erradicando la vulnerabilidad derivada de la falta de precisi\u00f3n territorial.<\/p>\n<p>&nbsp;<\/p>\n<p>De acuerdo con el dictamen, al que dio lectura el legislador Ernesto Santill\u00e1n Ram\u00edrez (PT), las colonias Prado San Juan (s\u00f3lo las calles denominadas Girasol, Laurel, Gardenias y Bugambilias), Guerrero y Pirules, as\u00ed como La Termoel\u00e9ctrica e Instalaciones de la empresa Petr\u00f3leos Mexicanos (Pemex), con un \u00e1rea de 202.18 hect\u00e1reas, son parte del municipio de Acolman.<\/p>\n<p>&nbsp;<\/p>\n<p>Asimismo, las colonias Prado San Juan (excepto las calles denominadas Girasol, Laurel, Gardenias y Bugambilias), L\u00e1zaro C\u00e1rdenas, La Laguna, y Ejido Santa Mar\u00eda Chiconautla, y las \u00e1reas de juzgados penales, el Penal de Ecatepec y El Tiradero, con un \u00e1rea de 272.82 hect\u00e1reas, son parte de Ecatepec.<\/p>\n<p>&nbsp;<\/p>\n<p>&nbsp;<\/p>\n<p><strong>\u00a0<\/strong><\/p>\n<p>&nbsp;<\/p>\n","protected":false},"excerpt":{"rendered":"<p>Interviene Congreso mexiquense &nbsp; &nbsp; Valle de M\u00e9xico.- La Comisi\u00f3n de L\u00edmites Territoriales del Estado de M\u00e9xico y sus Municipios de la LXII Legislatura,aprob\u00f3 dar soluci\u00f3n al diferendo lim\u00edtrofe entre Acolman y Ecatepec, respecto del pol\u00edgono geogr\u00e1fico identificado como \u201cSanta Mar\u00eda Chiconautla\u201d (de 475 hect\u00e1reas), con lo cual se busca garantizar la paz social, gobernabilidad [&hellip;]<\/p>\n","protected":false},"author":14,"featured_media":706029,"comment_status":"open","ping_status":"open","sticky":false,"template":"","format":"standard","meta":{"_monsterinsights_skip_tracking":false,"_monsterinsights_sitenote_active":false,"_monsterinsights_sitenote_note":"","_monsterinsights_sitenote_category":0,"footnotes":""},"categories":[5],"tags":[],"class_list":["post-706028","post","type-post","status-publish","format-standard","has-post-thumbnail","hentry","category-estado-de-mexico"],"_links":{"self":[{"href":"https:\/\/www.diarioimagen.net\/index.php?rest_route=\/wp\/v2\/posts\/706028","targetHints":{"allow":["GET"]}}],"collection":[{"href":"https:\/\/www.diarioimagen.net\/index.php?rest_route=\/wp\/v2\/posts"}],"about":[{"href":"https:\/\/www.diarioimagen.net\/index.php?rest_route=\/wp\/v2\/types\/post"}],"author":[{"embeddable":true,"href":"https:\/\/www.diarioimagen.net\/index.php?rest_route=\/wp\/v2\/users\/14"}],"replies":[{"embeddable":true,"href":"https:\/\/www.diarioimagen.net\/index.php?rest_route=%2Fwp%2Fv2%2Fcomments&post=706028"}],"version-history":[{"count":1,"href":"https:\/\/www.diarioimagen.net\/index.php?rest_route=\/wp\/v2\/posts\/706028\/revisions"}],"predecessor-version":[{"id":706030,"href":"https:\/\/www.diarioimagen.net\/index.php?rest_route=\/wp\/v2\/posts\/706028\/revisions\/706030"}],"wp:featuredmedia":[{"embeddable":true,"href":"https:\/\/www.diarioimagen.net\/index.php?rest_route=\/wp\/v2\/media\/706029"}],"wp:attachment":[{"href":"https:\/\/www.diarioimagen.net\/index.php?rest_route=%2Fwp%2Fv2%2Fmedia&parent=706028"}],"wp:term":[{"taxonomy":"category","embeddable":true,"href":"https:\/\/www.diarioimagen.net\/index.php?rest_route=%2Fwp%2Fv2%2Fcategories&post=706028"},{"taxonomy":"post_tag","embeddable":true,"href":"https:\/\/www.diarioimagen.net\/index.php?rest_route=%2Fwp%2Fv2%2Ftags&post=706028"}],"curies":[{"name":"wp","href":"https:\/\/api.w.org\/{rel}","templated":true}]}}