{"id":706412,"date":"2026-02-05T20:52:39","date_gmt":"2026-02-06T02:52:39","guid":{"rendered":"https:\/\/www.diarioimagen.net\/?p=706412"},"modified":"2026-02-05T20:52:39","modified_gmt":"2026-02-06T02:52:39","slug":"la-percepcion-de-ingobernabilidad-en-tultitlan-es-real-gildardo-perez","status":"publish","type":"post","link":"https:\/\/www.diarioimagen.net\/?p=706412","title":{"rendered":"La percepci\u00f3n de ingobernabilidad\u00a0  en Tultitl\u00e1n es real: Gildardo P\u00e9rez\u00a0"},"content":{"rendered":"<ul>\n<li><strong>Llamado a los 3 \u00f3rdenes de gobierno<\/strong><\/li>\n<\/ul>\n<p><strong>\u00a0<\/strong><\/p>\n<p><img loading=\"lazy\" decoding=\"async\" class=\"alignnone wp-image-706413 size-large\" src=\"https:\/\/www.diarioimagen.net\/wp-content\/uploads\/2026\/02\/BAENA-3-ok-4-289x270.jpg\" alt=\"\" width=\"289\" height=\"270\" srcset=\"https:\/\/www.diarioimagen.net\/wp-content\/uploads\/2026\/02\/BAENA-3-ok-4-289x270.jpg 289w, https:\/\/www.diarioimagen.net\/wp-content\/uploads\/2026\/02\/BAENA-3-ok-4-240x224.jpg 240w, https:\/\/www.diarioimagen.net\/wp-content\/uploads\/2026\/02\/BAENA-3-ok-4-768x718.jpg 768w, https:\/\/www.diarioimagen.net\/wp-content\/uploads\/2026\/02\/BAENA-3-ok-4-1536x1436.jpg 1536w, https:\/\/www.diarioimagen.net\/wp-content\/uploads\/2026\/02\/BAENA-3-ok-4-2048x1915.jpg 2048w\" sizes=\"auto, (max-width: 289px) 100vw, 289px\" \/><\/p>\n<p>&nbsp;<\/p>\n<p>Tultitl\u00e1n, M\u00e9x.- La situaci\u00f3n de inseguridad y falta de servicios p\u00fablicos, en este municipio, \u00a0es cada vez m\u00e1s cr\u00edtica. Existe una creciente percepci\u00f3n de ingobernabilidad, por lo cual hacemos un en\u00e9rgico llamado a los tres \u00f3rdenes de gobierno para que se atienda a la poblaci\u00f3n.<\/p>\n<p>&nbsp;<\/p>\n<p>Expres\u00f3 lo anterior el diputado Gildardo P\u00e9rez \u00a0Gabino, luego de que durante sus recorridos por diversas colonias, la ciudadan\u00eda se ha quejado por \u00a0la falta de servicios como bacheo, falta de agua potable e inseguridad.<\/p>\n<p>&nbsp;<\/p>\n<p>\u00abLa situaci\u00f3n parece reflejar una debilidad institucional y un reto importante para las autoridades locales y estatales en la recuperaci\u00f3n de la seguridad p\u00fablica y atenci\u00f3n hacia los tultitlenses\u00bb, dijo.<\/p>\n<p>&nbsp;<\/p>\n<p>Asimismo, P\u00e9rez Gabino, reiter\u00f3 su compromiso de seguir trabajando en favor de las familias de Tultitl\u00e1n y de llevar a la Tribuna del Congreso sus demandas y necesidades para que las autoridades competentes las tomen en cuenta.<\/p>\n<p>&nbsp;<\/p>\n<p>\u00abNo vamos a dar ni un paso atr\u00e1s para seguir denunciando la ineficacia del actual gobierno que hace o\u00eddos sordos a la ciudadan\u00eda.Ya basta de tanta negligencia\u00bb, concluy\u00f3.<\/p>\n<p>&nbsp;<\/p>\n<p>&nbsp;<\/p>\n","protected":false},"excerpt":{"rendered":"<p>Llamado a los 3 \u00f3rdenes de gobierno \u00a0 &nbsp; Tultitl\u00e1n, M\u00e9x.- La situaci\u00f3n de inseguridad y falta de servicios p\u00fablicos, en este municipio, \u00a0es cada vez m\u00e1s cr\u00edtica. Existe una creciente percepci\u00f3n de ingobernabilidad, por lo cual hacemos un en\u00e9rgico llamado a los tres \u00f3rdenes de gobierno para que se atienda a la poblaci\u00f3n. &nbsp; [&hellip;]<\/p>\n","protected":false},"author":14,"featured_media":706413,"comment_status":"open","ping_status":"open","sticky":false,"template":"","format":"standard","meta":{"_monsterinsights_skip_tracking":false,"_monsterinsights_sitenote_active":false,"_monsterinsights_sitenote_note":"","_monsterinsights_sitenote_category":0,"footnotes":""},"categories":[5],"tags":[],"class_list":["post-706412","post","type-post","status-publish","format-standard","has-post-thumbnail","hentry","category-estado-de-mexico"],"_links":{"self":[{"href":"https:\/\/www.diarioimagen.net\/index.php?rest_route=\/wp\/v2\/posts\/706412","targetHints":{"allow":["GET"]}}],"collection":[{"href":"https:\/\/www.diarioimagen.net\/index.php?rest_route=\/wp\/v2\/posts"}],"about":[{"href":"https:\/\/www.diarioimagen.net\/index.php?rest_route=\/wp\/v2\/types\/post"}],"author":[{"embeddable":true,"href":"https:\/\/www.diarioimagen.net\/index.php?rest_route=\/wp\/v2\/users\/14"}],"replies":[{"embeddable":true,"href":"https:\/\/www.diarioimagen.net\/index.php?rest_route=%2Fwp%2Fv2%2Fcomments&post=706412"}],"version-history":[{"count":1,"href":"https:\/\/www.diarioimagen.net\/index.php?rest_route=\/wp\/v2\/posts\/706412\/revisions"}],"predecessor-version":[{"id":706414,"href":"https:\/\/www.diarioimagen.net\/index.php?rest_route=\/wp\/v2\/posts\/706412\/revisions\/706414"}],"wp:featuredmedia":[{"embeddable":true,"href":"https:\/\/www.diarioimagen.net\/index.php?rest_route=\/wp\/v2\/media\/706413"}],"wp:attachment":[{"href":"https:\/\/www.diarioimagen.net\/index.php?rest_route=%2Fwp%2Fv2%2Fmedia&parent=706412"}],"wp:term":[{"taxonomy":"category","embeddable":true,"href":"https:\/\/www.diarioimagen.net\/index.php?rest_route=%2Fwp%2Fv2%2Fcategories&post=706412"},{"taxonomy":"post_tag","embeddable":true,"href":"https:\/\/www.diarioimagen.net\/index.php?rest_route=%2Fwp%2Fv2%2Ftags&post=706412"}],"curies":[{"name":"wp","href":"https:\/\/api.w.org\/{rel}","templated":true}]}}