{"id":706415,"date":"2026-02-05T20:56:36","date_gmt":"2026-02-06T02:56:36","guid":{"rendered":"https:\/\/www.diarioimagen.net\/?p=706415"},"modified":"2026-02-05T20:56:36","modified_gmt":"2026-02-06T02:56:36","slug":"presenta-anuar-azar-la-copa-argentinos-junior-2026","status":"publish","type":"post","link":"https:\/\/www.diarioimagen.net\/?p=706415","title":{"rendered":"Presenta Anuar Azar la Copa Argentinos Junior 2026\u00a0"},"content":{"rendered":"<p><img loading=\"lazy\" decoding=\"async\" class=\"alignnone wp-image-706416 size-large\" src=\"https:\/\/www.diarioimagen.net\/wp-content\/uploads\/2026\/02\/BAENA-4-ok-4-361x270.jpg\" alt=\"\" width=\"361\" height=\"270\" srcset=\"https:\/\/www.diarioimagen.net\/wp-content\/uploads\/2026\/02\/BAENA-4-ok-4-361x270.jpg 361w, https:\/\/www.diarioimagen.net\/wp-content\/uploads\/2026\/02\/BAENA-4-ok-4-240x179.jpg 240w, https:\/\/www.diarioimagen.net\/wp-content\/uploads\/2026\/02\/BAENA-4-ok-4-768x574.jpg 768w, https:\/\/www.diarioimagen.net\/wp-content\/uploads\/2026\/02\/BAENA-4-ok-4.jpg 1500w\" sizes=\"auto, (max-width: 361px) 100vw, 361px\" \/><\/p>\n<p>&nbsp;<\/p>\n<p>&nbsp;<\/p>\n<p>Atizap\u00e1n de Zaragoza, M\u00e9x.-\u00a0 El diputado panista Anuar Azar Figueroa,present\u00f3 en este municipio la Copa Argentinos Juniors 2026, un esfuerzo que permitir\u00e1 acercar a las y los j\u00f3venes atizapenses a un proyecto de alcance internacional, enfocado en detectar, formar y proyectar talento futbol\u00edstico. A trav\u00e9s de visor\u00edas y torneos, en alianza con Futcenter, abrimos una nueva oportunidad para que el talento local pueda mostrarse y crecer. \u00abAgradezco especialmente a Benjam\u00edn Lara \u00a0y al equipo de la Copa, por su compromiso y por sumar esfuerzos para impulsar el deporte en nuestro municipio\u00bb, dijo.<\/p>\n","protected":false},"excerpt":{"rendered":"<p>&nbsp; &nbsp; Atizap\u00e1n de Zaragoza, M\u00e9x.-\u00a0 El diputado panista Anuar Azar Figueroa,present\u00f3 en este municipio la Copa Argentinos Juniors 2026, un esfuerzo que permitir\u00e1 acercar a las y los j\u00f3venes atizapenses a un proyecto de alcance internacional, enfocado en detectar, formar y proyectar talento futbol\u00edstico. A trav\u00e9s de visor\u00edas y torneos, en alianza con Futcenter, [&hellip;]<\/p>\n","protected":false},"author":14,"featured_media":706416,"comment_status":"open","ping_status":"open","sticky":false,"template":"","format":"standard","meta":{"_monsterinsights_skip_tracking":false,"_monsterinsights_sitenote_active":false,"_monsterinsights_sitenote_note":"","_monsterinsights_sitenote_category":0,"footnotes":""},"categories":[5],"tags":[],"class_list":["post-706415","post","type-post","status-publish","format-standard","has-post-thumbnail","hentry","category-estado-de-mexico"],"_links":{"self":[{"href":"https:\/\/www.diarioimagen.net\/index.php?rest_route=\/wp\/v2\/posts\/706415","targetHints":{"allow":["GET"]}}],"collection":[{"href":"https:\/\/www.diarioimagen.net\/index.php?rest_route=\/wp\/v2\/posts"}],"about":[{"href":"https:\/\/www.diarioimagen.net\/index.php?rest_route=\/wp\/v2\/types\/post"}],"author":[{"embeddable":true,"href":"https:\/\/www.diarioimagen.net\/index.php?rest_route=\/wp\/v2\/users\/14"}],"replies":[{"embeddable":true,"href":"https:\/\/www.diarioimagen.net\/index.php?rest_route=%2Fwp%2Fv2%2Fcomments&post=706415"}],"version-history":[{"count":1,"href":"https:\/\/www.diarioimagen.net\/index.php?rest_route=\/wp\/v2\/posts\/706415\/revisions"}],"predecessor-version":[{"id":706417,"href":"https:\/\/www.diarioimagen.net\/index.php?rest_route=\/wp\/v2\/posts\/706415\/revisions\/706417"}],"wp:featuredmedia":[{"embeddable":true,"href":"https:\/\/www.diarioimagen.net\/index.php?rest_route=\/wp\/v2\/media\/706416"}],"wp:attachment":[{"href":"https:\/\/www.diarioimagen.net\/index.php?rest_route=%2Fwp%2Fv2%2Fmedia&parent=706415"}],"wp:term":[{"taxonomy":"category","embeddable":true,"href":"https:\/\/www.diarioimagen.net\/index.php?rest_route=%2Fwp%2Fv2%2Fcategories&post=706415"},{"taxonomy":"post_tag","embeddable":true,"href":"https:\/\/www.diarioimagen.net\/index.php?rest_route=%2Fwp%2Fv2%2Ftags&post=706415"}],"curies":[{"name":"wp","href":"https:\/\/api.w.org\/{rel}","templated":true}]}}