{"id":706587,"date":"2026-02-08T22:15:44","date_gmt":"2026-02-09T04:15:44","guid":{"rendered":"https:\/\/www.diarioimagen.net\/?p=706587"},"modified":"2026-02-08T22:15:44","modified_gmt":"2026-02-09T04:15:44","slug":"eliminar-impuestos-que-danan-a-la-economia-propone-enrique-vargas","status":"publish","type":"post","link":"https:\/\/www.diarioimagen.net\/?p=706587","title":{"rendered":"Eliminar impuestos que da\u00f1an a la  econom\u00eda, propone Enrique Vargas\u00a0"},"content":{"rendered":"<ul>\n<li><strong>Agenda legislativa<\/strong><\/li>\n<\/ul>\n<p><strong>\u00a0<\/strong><\/p>\n<div id=\"attachment_706588\" style=\"width: 246px\" class=\"wp-caption alignnone\"><img loading=\"lazy\" decoding=\"async\" aria-describedby=\"caption-attachment-706588\" class=\"wp-image-706588 size-large\" src=\"https:\/\/www.diarioimagen.net\/wp-content\/uploads\/2026\/02\/BAENA-3-ok-5-236x270.jpg\" alt=\"\" width=\"236\" height=\"270\" srcset=\"https:\/\/www.diarioimagen.net\/wp-content\/uploads\/2026\/02\/BAENA-3-ok-5-236x270.jpg 236w, https:\/\/www.diarioimagen.net\/wp-content\/uploads\/2026\/02\/BAENA-3-ok-5-210x240.jpg 210w, https:\/\/www.diarioimagen.net\/wp-content\/uploads\/2026\/02\/BAENA-3-ok-5-768x877.jpg 768w, https:\/\/www.diarioimagen.net\/wp-content\/uploads\/2026\/02\/BAENA-3-ok-5-1345x1536.jpg 1345w, https:\/\/www.diarioimagen.net\/wp-content\/uploads\/2026\/02\/BAENA-3-ok-5-1794x2048.jpg 1794w\" sizes=\"auto, (max-width: 236px) 100vw, 236px\" \/><p id=\"caption-attachment-706588\" class=\"wp-caption-text\">El senador Enrique Vargas del Villar se\u00f1al\u00f3 que se busca eliminar, de manera definitiva, impuestos que afectan la econom\u00eda de las familias.<\/p><\/div>\n<p>Valle de M\u00e9xico.- Al iniciar el segundo periodo ordinario de ejercicio, el vicecoordinador del Grupo Parlamentario del PAN del Senado de la Rep\u00fablica, Enrique Vargas del Villar, inform\u00f3 que su agenda legislativa comprender\u00e1 iniciativas que permitan agravar penas en algunos il\u00edcitos, fomentar la denuncia y proteger a las v\u00edctimas.<\/p>\n<p>&nbsp;<\/p>\n<p>Por otra parte, destac\u00f3 que se busca eliminar, de manera definitiva, impuestos que afectan la econom\u00eda de las familias, fortalecer la transparencia y equidad en el Ej\u00e9rcito y Fuerza A\u00e9rea Mexicana, as\u00ed como armonizar la disciplina militar, entre otras.<\/p>\n<p>&nbsp;<\/p>\n<p>Como parte de su trabajo legislativo y tras ser el senador m\u00e1s productivo del Grupo Parlamentario del PAN y el segundo entre sus hom\u00f3logos de la C\u00e1mara Alta en los primeros tres periodos ordinarios de ejercicio, el senador por el Estado de M\u00e9xico explic\u00f3 que, tras llevar a cabo foros y parlamentos y atender, de manera directa, a diversos sectores de la poblaci\u00f3n.<\/p>\n<p>&nbsp;<\/p>\n<p>\u00abA partir de los esfuerzos que hemos llevado a cabo en los \u00faltimos meses para escuchar a la poblaci\u00f3n y, en general, a todos los sectores, hemos conformado una agenda legislativa robusta y que nos permitir\u00e1 presentar diversas iniciativas para reformar ordenamientos constitucionales para que podamos avanzar en la construcci\u00f3n de un M\u00e9xico m\u00e1s pr\u00f3spero\u00bb, reiter\u00f3.<\/p>\n<p>&nbsp;<\/p>\n<p>Entre las iniciativas se encuentran reformas en materia de licencias de paternidad, institucionalizar el Instituto Mexicano del Emprendedor, garantizar que la informaci\u00f3n y los precios de bienes y servicios tur\u00edsticos se exhiban en espa\u00f1ol, as\u00ed como agravar penas de delitos que se cometan en el transporte p\u00fablico concesionado y para quienes vendan o transporten pirotecnia de manera ilegal.<\/p>\n<p>&nbsp;<\/p>\n<p>&nbsp;<\/p>\n","protected":false},"excerpt":{"rendered":"<p>Agenda legislativa \u00a0 Valle de M\u00e9xico.- Al iniciar el segundo periodo ordinario de ejercicio, el vicecoordinador del Grupo Parlamentario del PAN del Senado de la Rep\u00fablica, Enrique Vargas del Villar, inform\u00f3 que su agenda legislativa comprender\u00e1 iniciativas que permitan agravar penas en algunos il\u00edcitos, fomentar la denuncia y proteger a las v\u00edctimas. &nbsp; Por otra [&hellip;]<\/p>\n","protected":false},"author":14,"featured_media":706588,"comment_status":"open","ping_status":"open","sticky":false,"template":"","format":"standard","meta":{"_monsterinsights_skip_tracking":false,"_monsterinsights_sitenote_active":false,"_monsterinsights_sitenote_note":"","_monsterinsights_sitenote_category":0,"footnotes":""},"categories":[5],"tags":[],"class_list":["post-706587","post","type-post","status-publish","format-standard","has-post-thumbnail","hentry","category-estado-de-mexico"],"_links":{"self":[{"href":"https:\/\/www.diarioimagen.net\/index.php?rest_route=\/wp\/v2\/posts\/706587","targetHints":{"allow":["GET"]}}],"collection":[{"href":"https:\/\/www.diarioimagen.net\/index.php?rest_route=\/wp\/v2\/posts"}],"about":[{"href":"https:\/\/www.diarioimagen.net\/index.php?rest_route=\/wp\/v2\/types\/post"}],"author":[{"embeddable":true,"href":"https:\/\/www.diarioimagen.net\/index.php?rest_route=\/wp\/v2\/users\/14"}],"replies":[{"embeddable":true,"href":"https:\/\/www.diarioimagen.net\/index.php?rest_route=%2Fwp%2Fv2%2Fcomments&post=706587"}],"version-history":[{"count":1,"href":"https:\/\/www.diarioimagen.net\/index.php?rest_route=\/wp\/v2\/posts\/706587\/revisions"}],"predecessor-version":[{"id":706589,"href":"https:\/\/www.diarioimagen.net\/index.php?rest_route=\/wp\/v2\/posts\/706587\/revisions\/706589"}],"wp:featuredmedia":[{"embeddable":true,"href":"https:\/\/www.diarioimagen.net\/index.php?rest_route=\/wp\/v2\/media\/706588"}],"wp:attachment":[{"href":"https:\/\/www.diarioimagen.net\/index.php?rest_route=%2Fwp%2Fv2%2Fmedia&parent=706587"}],"wp:term":[{"taxonomy":"category","embeddable":true,"href":"https:\/\/www.diarioimagen.net\/index.php?rest_route=%2Fwp%2Fv2%2Fcategories&post=706587"},{"taxonomy":"post_tag","embeddable":true,"href":"https:\/\/www.diarioimagen.net\/index.php?rest_route=%2Fwp%2Fv2%2Ftags&post=706587"}],"curies":[{"name":"wp","href":"https:\/\/api.w.org\/{rel}","templated":true}]}}