{"id":706590,"date":"2026-02-08T22:16:55","date_gmt":"2026-02-09T04:16:55","guid":{"rendered":"https:\/\/www.diarioimagen.net\/?p=706590"},"modified":"2026-02-08T22:16:55","modified_gmt":"2026-02-09T04:16:55","slug":"total-respeto-a-la-vida-animal-en-jilotzingo","status":"publish","type":"post","link":"https:\/\/www.diarioimagen.net\/?p=706590","title":{"rendered":"Total respeto a la vida animal en Jilotzingo"},"content":{"rendered":"<div id=\"attachment_706591\" style=\"width: 400px\" class=\"wp-caption alignnone\"><img loading=\"lazy\" decoding=\"async\" aria-describedby=\"caption-attachment-706591\" class=\"wp-image-706591 size-large\" src=\"https:\/\/www.diarioimagen.net\/wp-content\/uploads\/2026\/02\/BAENA-4-ok-5-390x270.jpg\" alt=\"\" width=\"390\" height=\"270\" srcset=\"https:\/\/www.diarioimagen.net\/wp-content\/uploads\/2026\/02\/BAENA-4-ok-5-390x270.jpg 390w, https:\/\/www.diarioimagen.net\/wp-content\/uploads\/2026\/02\/BAENA-4-ok-5-240x166.jpg 240w, https:\/\/www.diarioimagen.net\/wp-content\/uploads\/2026\/02\/BAENA-4-ok-5-768x532.jpg 768w, https:\/\/www.diarioimagen.net\/wp-content\/uploads\/2026\/02\/BAENA-4-ok-5-1536x1064.jpg 1536w, https:\/\/www.diarioimagen.net\/wp-content\/uploads\/2026\/02\/BAENA-4-ok-5-2048x1419.jpg 2048w\" sizes=\"auto, (max-width: 390px) 100vw, 390px\" \/><p id=\"caption-attachment-706591\" class=\"wp-caption-text\">Total respeto a la vida animal en Jilotzingo<\/p><\/div>\n<p>Jilotzingo, M\u00e9x.- El presidente municipal Raziel Chavarr\u00eda Chavarr\u00eda present\u00f3 el Bando Municipal 2026, un instrumento que busca ser una gu\u00eda para la convivencia, el respeto y la vida diaria en el municipio. Durante su discurso y ante ciudadan\u00eda, empresarios y miembros del cabildo en esta demarcaci\u00f3n, el edil del PVEM, detall\u00f3 que el nuevo Bando recoge y respalda las verdaderas necesidades de la ciudadan\u00eda, estableciendo reglas claras para una convivencia ordenada y solidaria. El documento es resultado del trabajo institucional del primer a\u00f1o de gobierno e incluye mejoras observadas durante este periodo, como la constituci\u00f3n formal del Consejo de Bienestar Animal, que ya cuenta con reglamento para proteger a los seres sintientes del municipio, recalc\u00f3 Raziel Chavarr\u00eda.<\/p>\n","protected":false},"excerpt":{"rendered":"<p>Jilotzingo, M\u00e9x.- El presidente municipal Raziel Chavarr\u00eda Chavarr\u00eda present\u00f3 el Bando Municipal 2026, un instrumento que busca ser una gu\u00eda para la convivencia, el respeto y la vida diaria en el municipio. Durante su discurso y ante ciudadan\u00eda, empresarios y miembros del cabildo en esta demarcaci\u00f3n, el edil del PVEM, detall\u00f3 que el nuevo Bando [&hellip;]<\/p>\n","protected":false},"author":14,"featured_media":706591,"comment_status":"open","ping_status":"open","sticky":false,"template":"","format":"standard","meta":{"_monsterinsights_skip_tracking":false,"_monsterinsights_sitenote_active":false,"_monsterinsights_sitenote_note":"","_monsterinsights_sitenote_category":0,"footnotes":""},"categories":[5],"tags":[],"class_list":["post-706590","post","type-post","status-publish","format-standard","has-post-thumbnail","hentry","category-estado-de-mexico"],"_links":{"self":[{"href":"https:\/\/www.diarioimagen.net\/index.php?rest_route=\/wp\/v2\/posts\/706590","targetHints":{"allow":["GET"]}}],"collection":[{"href":"https:\/\/www.diarioimagen.net\/index.php?rest_route=\/wp\/v2\/posts"}],"about":[{"href":"https:\/\/www.diarioimagen.net\/index.php?rest_route=\/wp\/v2\/types\/post"}],"author":[{"embeddable":true,"href":"https:\/\/www.diarioimagen.net\/index.php?rest_route=\/wp\/v2\/users\/14"}],"replies":[{"embeddable":true,"href":"https:\/\/www.diarioimagen.net\/index.php?rest_route=%2Fwp%2Fv2%2Fcomments&post=706590"}],"version-history":[{"count":1,"href":"https:\/\/www.diarioimagen.net\/index.php?rest_route=\/wp\/v2\/posts\/706590\/revisions"}],"predecessor-version":[{"id":706592,"href":"https:\/\/www.diarioimagen.net\/index.php?rest_route=\/wp\/v2\/posts\/706590\/revisions\/706592"}],"wp:featuredmedia":[{"embeddable":true,"href":"https:\/\/www.diarioimagen.net\/index.php?rest_route=\/wp\/v2\/media\/706591"}],"wp:attachment":[{"href":"https:\/\/www.diarioimagen.net\/index.php?rest_route=%2Fwp%2Fv2%2Fmedia&parent=706590"}],"wp:term":[{"taxonomy":"category","embeddable":true,"href":"https:\/\/www.diarioimagen.net\/index.php?rest_route=%2Fwp%2Fv2%2Fcategories&post=706590"},{"taxonomy":"post_tag","embeddable":true,"href":"https:\/\/www.diarioimagen.net\/index.php?rest_route=%2Fwp%2Fv2%2Ftags&post=706590"}],"curies":[{"name":"wp","href":"https:\/\/api.w.org\/{rel}","templated":true}]}}