{"id":706799,"date":"2026-02-09T20:31:54","date_gmt":"2026-02-10T02:31:54","guid":{"rendered":"https:\/\/www.diarioimagen.net\/?p=706799"},"modified":"2026-02-09T20:31:54","modified_gmt":"2026-02-10T02:31:54","slug":"organismo-de-agua-potable-de-naucalpan-con-finanzas-solidas","status":"publish","type":"post","link":"https:\/\/www.diarioimagen.net\/?p=706799","title":{"rendered":"Organismo de Agua Potable de  Naucalpan, con finanzas s\u00f3lidas"},"content":{"rendered":"<ul>\n<li><strong>Primer lugar en evaluaci\u00f3n del OSFEM<\/strong><\/li>\n<\/ul>\n<p><strong>\u00a0<\/strong><\/p>\n<div id=\"attachment_706800\" style=\"width: 280px\" class=\"wp-caption alignnone\"><img loading=\"lazy\" decoding=\"async\" aria-describedby=\"caption-attachment-706800\" class=\"wp-image-706800 size-large\" src=\"https:\/\/www.diarioimagen.net\/wp-content\/uploads\/2026\/02\/BAENA-3-ok-6-270x270.jpg\" alt=\"\" width=\"270\" height=\"270\" srcset=\"https:\/\/www.diarioimagen.net\/wp-content\/uploads\/2026\/02\/BAENA-3-ok-6-270x270.jpg 270w, https:\/\/www.diarioimagen.net\/wp-content\/uploads\/2026\/02\/BAENA-3-ok-6-240x240.jpg 240w, https:\/\/www.diarioimagen.net\/wp-content\/uploads\/2026\/02\/BAENA-3-ok-6-150x150.jpg 150w, https:\/\/www.diarioimagen.net\/wp-content\/uploads\/2026\/02\/BAENA-3-ok-6-768x768.jpg 768w, https:\/\/www.diarioimagen.net\/wp-content\/uploads\/2026\/02\/BAENA-3-ok-6-50x50.jpg 50w, https:\/\/www.diarioimagen.net\/wp-content\/uploads\/2026\/02\/BAENA-3-ok-6-75x75.jpg 75w, https:\/\/www.diarioimagen.net\/wp-content\/uploads\/2026\/02\/BAENA-3-ok-6-70x70.jpg 70w, https:\/\/www.diarioimagen.net\/wp-content\/uploads\/2026\/02\/BAENA-3-ok-6.jpg 1500w\" sizes=\"auto, (max-width: 270px) 100vw, 270px\" \/><p id=\"caption-attachment-706800\" class=\"wp-caption-text\">Ricardo Gudi\u00f1o Morales, director de OAPAS, destac\u00f3 que en el mes de diciembre se obtuvo un 100 por ciento\u00a0 de cumplimiento en la evaluaci\u00f3n 2025 de armonizaci\u00f3n contable.<\/p><\/div>\n<p>&nbsp;<\/p>\n<p>&nbsp;<\/p>\n<p>&nbsp;<\/p>\n<p>&nbsp;<\/p>\n<p>Por Arturo Baena<\/p>\n<p>&nbsp;<\/p>\n<p>Naucalpan, M\u00e9x.- Los organismos de agua, eran catalogados como la\u00a0 \u00abcaja chica\u00bb\u00a0 de administraciones municipales, que utilizaban sus recursos con fines pol\u00edticos. Hoy, esto cambi\u00f3, pues el actuar de sus titulares es observado con lupa por el \u00d3rgano Superior de Fiscalizaci\u00f3n del\u00a0 Estado de M\u00e9xico (OSFEM).<\/p>\n<p>&nbsp;<\/p>\n<p>Dentro de los trabajos que realiza este organismo, es decir el OSFEM,\u00a0 existe un sistema de armonizaci\u00f3n contable\u00a0 y dentro de estos lineamientos, el Organismo de Agua Potable, Alcantarillado y Saneamiento (OAPAS) de este municipio cerr\u00f3 el a\u00f1o con excelentes resultados<\/p>\n<p>&nbsp;<\/p>\n<p>En entrevista con este medio, Ricardo Gudi\u00f1o Morales, director del organismo, destac\u00f3 que, efectivamente, en el mes de diciembre se obtuvo un 100 por ciento\u00a0 de cumplimiento en la evaluaci\u00f3n 2025 de armonizaci\u00f3n contable, que lo ubicaron como uno de los mejores organismos municipales de agua.<\/p>\n<p>&nbsp;<\/p>\n<p>Con mencionada evaluaci\u00f3n, se posiciona al OAPAS en el primer lugar del Estado de M\u00e9xico, de entre 75 entes evaluados, consolid\u00e1ndolo como un organismo con finanzas s\u00f3lidas y transparentes en beneficio de las familias naucalpenses.<\/p>\n<p>&nbsp;<\/p>\n<p>\u201cEsta evaluaci\u00f3n coloca al OAPAS en un excelente nivel, cumpliendo as\u00ed sus compromisos tal y como lo ha instruido el presidente municipal, Isaac Montoya. Seguiremos esforz\u00e1ndonos d\u00eda con d\u00eda \u00ab, dijo el funcionario.<\/p>\n<p>&nbsp;<\/p>\n<p>Ricardo Gudi\u00f1o reiter\u00f3\u00a0 qu\u00e9, contrario a lo que muchos creen o piensan, \u201cen Naucalpan se reparan pozos y fugas para que\u00a0 el suministro\u00a0 de agua est\u00e9 garantizado en todo el territorio\u201d.<\/p>\n<p>&nbsp;<\/p>\n<p>Finalmente, el director del OAPAS record\u00f3 que \u00abhabr\u00e1 una regularizaci\u00f3n de tomas omisas en diversos lugares del municipio. En breve se les ingresar\u00e1 al sistema de agua potable\u00bb..<\/p>\n<p>&nbsp;<\/p>\n<p><strong>\u00a0<\/strong><\/p>\n<p>&nbsp;<\/p>\n","protected":false},"excerpt":{"rendered":"<p>Primer lugar en evaluaci\u00f3n del OSFEM \u00a0 &nbsp; &nbsp; &nbsp; &nbsp; Por Arturo Baena &nbsp; Naucalpan, M\u00e9x.- Los organismos de agua, eran catalogados como la\u00a0 \u00abcaja chica\u00bb\u00a0 de administraciones municipales, que utilizaban sus recursos con fines pol\u00edticos. Hoy, esto cambi\u00f3, pues el actuar de sus titulares es observado con lupa por el \u00d3rgano Superior de [&hellip;]<\/p>\n","protected":false},"author":14,"featured_media":706800,"comment_status":"open","ping_status":"open","sticky":false,"template":"","format":"standard","meta":{"_monsterinsights_skip_tracking":false,"_monsterinsights_sitenote_active":false,"_monsterinsights_sitenote_note":"","_monsterinsights_sitenote_category":0,"footnotes":""},"categories":[5],"tags":[],"class_list":["post-706799","post","type-post","status-publish","format-standard","has-post-thumbnail","hentry","category-estado-de-mexico"],"_links":{"self":[{"href":"https:\/\/www.diarioimagen.net\/index.php?rest_route=\/wp\/v2\/posts\/706799","targetHints":{"allow":["GET"]}}],"collection":[{"href":"https:\/\/www.diarioimagen.net\/index.php?rest_route=\/wp\/v2\/posts"}],"about":[{"href":"https:\/\/www.diarioimagen.net\/index.php?rest_route=\/wp\/v2\/types\/post"}],"author":[{"embeddable":true,"href":"https:\/\/www.diarioimagen.net\/index.php?rest_route=\/wp\/v2\/users\/14"}],"replies":[{"embeddable":true,"href":"https:\/\/www.diarioimagen.net\/index.php?rest_route=%2Fwp%2Fv2%2Fcomments&post=706799"}],"version-history":[{"count":1,"href":"https:\/\/www.diarioimagen.net\/index.php?rest_route=\/wp\/v2\/posts\/706799\/revisions"}],"predecessor-version":[{"id":706801,"href":"https:\/\/www.diarioimagen.net\/index.php?rest_route=\/wp\/v2\/posts\/706799\/revisions\/706801"}],"wp:featuredmedia":[{"embeddable":true,"href":"https:\/\/www.diarioimagen.net\/index.php?rest_route=\/wp\/v2\/media\/706800"}],"wp:attachment":[{"href":"https:\/\/www.diarioimagen.net\/index.php?rest_route=%2Fwp%2Fv2%2Fmedia&parent=706799"}],"wp:term":[{"taxonomy":"category","embeddable":true,"href":"https:\/\/www.diarioimagen.net\/index.php?rest_route=%2Fwp%2Fv2%2Fcategories&post=706799"},{"taxonomy":"post_tag","embeddable":true,"href":"https:\/\/www.diarioimagen.net\/index.php?rest_route=%2Fwp%2Fv2%2Ftags&post=706799"}],"curies":[{"name":"wp","href":"https:\/\/api.w.org\/{rel}","templated":true}]}}