{"id":706846,"date":"2026-02-09T21:22:31","date_gmt":"2026-02-10T03:22:31","guid":{"rendered":"https:\/\/www.diarioimagen.net\/?p=706846"},"modified":"2026-02-09T21:22:31","modified_gmt":"2026-02-10T03:22:31","slug":"despliega-clara-brugada-operativo-territorial-masivo-contra-sarampion-en-cdmx","status":"publish","type":"post","link":"https:\/\/www.diarioimagen.net\/?p=706846","title":{"rendered":"Despliega Clara Brugada  operativo territorial masivo  contra sarampi\u00f3n en CDMX"},"content":{"rendered":"<ul>\n<li><strong>Jornadas especiales nocturnas<\/strong><\/li>\n<li><strong>Atenci\u00f3n de mil 500 trabajadores de la salud en puntos estrat\u00e9gicos como estaciones del Metro y mercados<\/strong><\/li>\n<\/ul>\n<p>&nbsp;<\/p>\n<div id=\"attachment_706847\" style=\"width: 343px\" class=\"wp-caption alignnone\"><img loading=\"lazy\" decoding=\"async\" aria-describedby=\"caption-attachment-706847\" class=\"wp-image-706847 size-large\" src=\"https:\/\/www.diarioimagen.net\/wp-content\/uploads\/2026\/02\/BRUGADA-ok-5-333x270.jpg\" alt=\"\" width=\"333\" height=\"270\" srcset=\"https:\/\/www.diarioimagen.net\/wp-content\/uploads\/2026\/02\/BRUGADA-ok-5-333x270.jpg 333w, https:\/\/www.diarioimagen.net\/wp-content\/uploads\/2026\/02\/BRUGADA-ok-5-240x195.jpg 240w, https:\/\/www.diarioimagen.net\/wp-content\/uploads\/2026\/02\/BRUGADA-ok-5-768x624.jpg 768w, https:\/\/www.diarioimagen.net\/wp-content\/uploads\/2026\/02\/BRUGADA-ok-5.jpg 1500w\" sizes=\"auto, (max-width: 333px) 100vw, 333px\" \/><p id=\"caption-attachment-706847\" class=\"wp-caption-text\">Clara Brugada Molina encabez\u00f3 en el Bosque de Chapultepec el lanzamiento de la campa\u00f1a \u201cJuntas y juntos nos protegemos contra el sarampi\u00f3n\u201d.<\/p><\/div>\n<p>La Jefa de Gobierno, Clara Brugada Molina, encabez\u00f3 en el Bosque de Chapultepec el lanzamiento de la campa\u00f1a \u201cJuntas y juntos nos protegemos contra el sarampi\u00f3n\u201d, mediante la cual se puso en marcha un operativo territorial sin precedentes para frenar el brote de esta enfermedad viral altamente contagiosa en la capital.<\/p>\n<p>Acompa\u00f1ada por el Secretario de Salud Federal, Dr. David Kershenobich y la Secretaria de Salud local, Dra. Nadine Gasman, la mandataria inform\u00f3 que, al viernes 6 de febrero, se registran 166 casos confirmados en la ciudad (86 de ellos en menores de edad), con una tasa de incidencia de 1.79 casos por cada cien mil habitantes.<\/p>\n<p>Destac\u00f3 que el sarampi\u00f3n puede propagarse de una sola persona hasta a 18 m\u00e1s a trav\u00e9s del aire, por lo que la vacunaci\u00f3n es la herramienta m\u00e1s poderosa para salvar vidas.<\/p>\n<p>Como parte del esquema de trabajo, se anunci\u00f3 la movilizaci\u00f3n de 500 brigadas compuestas por mil 500 profesionales de la salud. La estrategia incluye la apertura total de los 300 Centros de Salud de la ciudad, as\u00ed como la instalaci\u00f3n de 21 puntos estrat\u00e9gicos con horario extendido de 09:00 a 23:00 horas (uno por alcald\u00eda).<\/p>\n<p>Asimismo, se desplegar\u00e1n 100 puntos de vacunaci\u00f3n en el sistema de transporte: 70 en el Metro, 10 en Metrob\u00fas, 10 en Transportes El\u00e9ctricos y 10 en la Red de Transporte de Pasajeros (RTP).<\/p>\n<p>El operativo contempla tambi\u00e9n 50 puntos fijos en lugares de alta afluencia como el Z\u00f3calo, Chapultepec y mercados, adem\u00e1s de 50 m\u00f3dulos en escuelas de nivel medio superior. Las 250 brigadas restantes realizar\u00e1n un \u201cbarrido territorial\u201d colonia por colonia, iniciando en Cuauht\u00e9moc, \u00c1lvaro Obreg\u00f3n y Gustavo A. Madero. De manera especial, se mantendr\u00e1 vigilancia en centrales de camiones y un operativo nocturno en la Central de Abasto para atender a las 400 mil personas que transitan diariamente por dicho nodo log\u00edstico.<\/p>\n<p>Durante el encuentro, el representante de la Organizaci\u00f3n Panamericana de la salud y Organizaci\u00f3n Mundial de la Salud (OPS\/OMS) en M\u00e9xico, Jos\u00e9 Moya Medina, resalt\u00f3 que en los \u00faltimos 20 a\u00f1os esta vacuna ha salvado 30 millones de vidas en el mundo. Por su parte, el Secretario de Salud Federal inst\u00f3 a la poblaci\u00f3n de entre 6 meses y 49 a\u00f1os a acudir por su dosis, recordando que los s\u00edntomas iniciales incluyen fiebre alta y ojos irritados, mientras que el sarpullido puede tardar hasta cuatro d\u00edas en aparecer, periodo en el que el uso de cubrebocas es fundamental.<\/p>\n<p>Finalmente, la Jefa de Gobierno inform\u00f3 que tan solo el d\u00eda de hoy se aplicaron mil 500 dosis en el m\u00f3dulo de Chapultepec, sum\u00e1ndose a las m\u00e1s de 909 mil vacunas administradas en la ciudad desde 2025. Los ciudadanos podr\u00e1n escanear un c\u00f3digo QR para conocer la ubicaci\u00f3n exacta de los puntos de vacunaci\u00f3n y asegurar su protecci\u00f3n gratuita y segura. \u00abEstamos ante un llamado de alerta que exige prevenci\u00f3n y respuesta temprana para evitar la propagaci\u00f3n\u00bb, concluy\u00f3.<\/p>\n<p>&nbsp;<\/p>\n<p>&nbsp;<\/p>\n","protected":false},"excerpt":{"rendered":"<p>Jornadas especiales nocturnas Atenci\u00f3n de mil 500 trabajadores de la salud en puntos estrat\u00e9gicos como estaciones del Metro y mercados &nbsp; La Jefa de Gobierno, Clara Brugada Molina, encabez\u00f3 en el Bosque de Chapultepec el lanzamiento de la campa\u00f1a \u201cJuntas y juntos nos protegemos contra el sarampi\u00f3n\u201d, mediante la cual se puso en marcha un [&hellip;]<\/p>\n","protected":false},"author":14,"featured_media":706847,"comment_status":"open","ping_status":"open","sticky":false,"template":"","format":"standard","meta":{"_monsterinsights_skip_tracking":false,"_monsterinsights_sitenote_active":false,"_monsterinsights_sitenote_note":"","_monsterinsights_sitenote_category":0,"footnotes":""},"categories":[6],"tags":[],"class_list":["post-706846","post","type-post","status-publish","format-standard","has-post-thumbnail","hentry","category-cd-de-mexico"],"_links":{"self":[{"href":"https:\/\/www.diarioimagen.net\/index.php?rest_route=\/wp\/v2\/posts\/706846","targetHints":{"allow":["GET"]}}],"collection":[{"href":"https:\/\/www.diarioimagen.net\/index.php?rest_route=\/wp\/v2\/posts"}],"about":[{"href":"https:\/\/www.diarioimagen.net\/index.php?rest_route=\/wp\/v2\/types\/post"}],"author":[{"embeddable":true,"href":"https:\/\/www.diarioimagen.net\/index.php?rest_route=\/wp\/v2\/users\/14"}],"replies":[{"embeddable":true,"href":"https:\/\/www.diarioimagen.net\/index.php?rest_route=%2Fwp%2Fv2%2Fcomments&post=706846"}],"version-history":[{"count":1,"href":"https:\/\/www.diarioimagen.net\/index.php?rest_route=\/wp\/v2\/posts\/706846\/revisions"}],"predecessor-version":[{"id":706848,"href":"https:\/\/www.diarioimagen.net\/index.php?rest_route=\/wp\/v2\/posts\/706846\/revisions\/706848"}],"wp:featuredmedia":[{"embeddable":true,"href":"https:\/\/www.diarioimagen.net\/index.php?rest_route=\/wp\/v2\/media\/706847"}],"wp:attachment":[{"href":"https:\/\/www.diarioimagen.net\/index.php?rest_route=%2Fwp%2Fv2%2Fmedia&parent=706846"}],"wp:term":[{"taxonomy":"category","embeddable":true,"href":"https:\/\/www.diarioimagen.net\/index.php?rest_route=%2Fwp%2Fv2%2Fcategories&post=706846"},{"taxonomy":"post_tag","embeddable":true,"href":"https:\/\/www.diarioimagen.net\/index.php?rest_route=%2Fwp%2Fv2%2Ftags&post=706846"}],"curies":[{"name":"wp","href":"https:\/\/api.w.org\/{rel}","templated":true}]}}