{"id":706989,"date":"2026-02-10T18:40:34","date_gmt":"2026-02-11T00:40:34","guid":{"rendered":"https:\/\/www.diarioimagen.net\/?p=706989"},"modified":"2026-02-10T18:40:34","modified_gmt":"2026-02-11T00:40:34","slug":"mc-se-posiciona-como-alternativa-progresista-afirma-juan-olivas-islas","status":"publish","type":"post","link":"https:\/\/www.diarioimagen.net\/?p=706989","title":{"rendered":"\u00a0  MC se posiciona como alternativa  progresista, afirma Juan Olivas Islas"},"content":{"rendered":"<ul>\n<li><strong>\u201cFuerza pol\u00edtica en expansi\u00f3n\u201d<\/strong><\/li>\n<\/ul>\n<p><strong>\u00a0<\/strong><\/p>\n<p>&nbsp;<\/p>\n<div id=\"attachment_706990\" style=\"width: 165px\" class=\"wp-caption alignnone\"><img loading=\"lazy\" decoding=\"async\" aria-describedby=\"caption-attachment-706990\" class=\"wp-image-706990 size-large\" src=\"https:\/\/www.diarioimagen.net\/wp-content\/uploads\/2026\/02\/BAENA-2-ok-5-155x270.jpg\" alt=\"\" width=\"155\" height=\"270\" srcset=\"https:\/\/www.diarioimagen.net\/wp-content\/uploads\/2026\/02\/BAENA-2-ok-5-155x270.jpg 155w, https:\/\/www.diarioimagen.net\/wp-content\/uploads\/2026\/02\/BAENA-2-ok-5-138x240.jpg 138w, https:\/\/www.diarioimagen.net\/wp-content\/uploads\/2026\/02\/BAENA-2-ok-5-768x1334.jpg 768w, https:\/\/www.diarioimagen.net\/wp-content\/uploads\/2026\/02\/BAENA-2-ok-5-884x1536.jpg 884w, https:\/\/www.diarioimagen.net\/wp-content\/uploads\/2026\/02\/BAENA-2-ok-5-1179x2048.jpg 1179w, https:\/\/www.diarioimagen.net\/wp-content\/uploads\/2026\/02\/BAENA-2-ok-5-scaled.jpg 1474w\" sizes=\"auto, (max-width: 155px) 100vw, 155px\" \/><p id=\"caption-attachment-706990\" class=\"wp-caption-text\">El empresario Juan Olivas Islas afirma que Movimiento Ciudadano superar\u00e1 a\u00a0 la vieja pol\u00edtica mediante propuestas de igualdad, seguridad y desarrollo sostenible.<\/p><\/div>\n<p>&nbsp;<\/p>\n<p>&nbsp;<\/p>\n<p>&nbsp;<\/p>\n<p>Valle de M\u00e9xico.- Movimiento Ciudadano (MC) se posiciona como una alternativa progresista,\u00a0 enfocada en el futuro, la participaci\u00f3n ciudadana y la defensa de libertades, cosa que no han hecho ni har\u00e1n otros partidos pol\u00edticos.<\/p>\n<p>&nbsp;<\/p>\n<p>Expres\u00f3 lo anterior el empresario Juan Olivas Islas, luego de reiterar que \u00abMC superar\u00e1 a\u00a0 la vieja pol\u00edtica mediante propuestas de igualdad, seguridad y desarrollo sostenible, como lo han\u00a0 destacado sus gobiernos en Jalisco y Nuevo Le\u00f3n\u00bb, dijo.<\/p>\n<p>&nbsp;<\/p>\n<p>El joven pol\u00edtico mexiquense puntualiz\u00f3 que el partido naranja, se ha consolidado como una fuerza pol\u00edtica en expansi\u00f3n, con resultados relevantes,\u00a0 enfoc\u00e1ndose en la cobertura de salud, educaci\u00f3n y seguridad, entre otras.<\/p>\n<p>&nbsp;<\/p>\n<p>Remarc\u00f3 que \u00abMovimiento Ciudadano no violar\u00e1 la ley electoral ni gastar\u00e1 el dinero de las y los mexiquenses en campa\u00f1as adelantadas tal y como lo est\u00e1n haciendo otras institutos pol\u00edticos\u00bb, abund\u00f3.<\/p>\n<p>&nbsp;<\/p>\n<p>Finalmente, Olivas Islas destac\u00f3 que \u00abdeseamos que nuestra democracia se fortalezca mediante una verdadera representaci\u00f3n ciudadana, plural, moderna y comprometida con la verdad\u00bb, concluy\u00f3.<\/p>\n<p>&nbsp;<\/p>\n<p>&nbsp;<\/p>\n<p>&nbsp;<\/p>\n","protected":false},"excerpt":{"rendered":"<p>\u201cFuerza pol\u00edtica en expansi\u00f3n\u201d \u00a0 &nbsp; &nbsp; &nbsp; &nbsp; Valle de M\u00e9xico.- Movimiento Ciudadano (MC) se posiciona como una alternativa progresista,\u00a0 enfocada en el futuro, la participaci\u00f3n ciudadana y la defensa de libertades, cosa que no han hecho ni har\u00e1n otros partidos pol\u00edticos. &nbsp; Expres\u00f3 lo anterior el empresario Juan Olivas Islas, luego de reiterar [&hellip;]<\/p>\n","protected":false},"author":14,"featured_media":706990,"comment_status":"open","ping_status":"open","sticky":false,"template":"","format":"standard","meta":{"_monsterinsights_skip_tracking":false,"_monsterinsights_sitenote_active":false,"_monsterinsights_sitenote_note":"","_monsterinsights_sitenote_category":0,"footnotes":""},"categories":[5],"tags":[],"class_list":["post-706989","post","type-post","status-publish","format-standard","has-post-thumbnail","hentry","category-estado-de-mexico"],"_links":{"self":[{"href":"https:\/\/www.diarioimagen.net\/index.php?rest_route=\/wp\/v2\/posts\/706989","targetHints":{"allow":["GET"]}}],"collection":[{"href":"https:\/\/www.diarioimagen.net\/index.php?rest_route=\/wp\/v2\/posts"}],"about":[{"href":"https:\/\/www.diarioimagen.net\/index.php?rest_route=\/wp\/v2\/types\/post"}],"author":[{"embeddable":true,"href":"https:\/\/www.diarioimagen.net\/index.php?rest_route=\/wp\/v2\/users\/14"}],"replies":[{"embeddable":true,"href":"https:\/\/www.diarioimagen.net\/index.php?rest_route=%2Fwp%2Fv2%2Fcomments&post=706989"}],"version-history":[{"count":1,"href":"https:\/\/www.diarioimagen.net\/index.php?rest_route=\/wp\/v2\/posts\/706989\/revisions"}],"predecessor-version":[{"id":706992,"href":"https:\/\/www.diarioimagen.net\/index.php?rest_route=\/wp\/v2\/posts\/706989\/revisions\/706992"}],"wp:featuredmedia":[{"embeddable":true,"href":"https:\/\/www.diarioimagen.net\/index.php?rest_route=\/wp\/v2\/media\/706990"}],"wp:attachment":[{"href":"https:\/\/www.diarioimagen.net\/index.php?rest_route=%2Fwp%2Fv2%2Fmedia&parent=706989"}],"wp:term":[{"taxonomy":"category","embeddable":true,"href":"https:\/\/www.diarioimagen.net\/index.php?rest_route=%2Fwp%2Fv2%2Fcategories&post=706989"},{"taxonomy":"post_tag","embeddable":true,"href":"https:\/\/www.diarioimagen.net\/index.php?rest_route=%2Fwp%2Fv2%2Ftags&post=706989"}],"curies":[{"name":"wp","href":"https:\/\/api.w.org\/{rel}","templated":true}]}}