{"id":707054,"date":"2026-02-10T19:48:51","date_gmt":"2026-02-11T01:48:51","guid":{"rendered":"https:\/\/www.diarioimagen.net\/?p=707054"},"modified":"2026-02-10T19:48:51","modified_gmt":"2026-02-11T01:48:51","slug":"vinculacion-iberoamericana-con-la-catedra-unesco-uneir","status":"publish","type":"post","link":"https:\/\/www.diarioimagen.net\/?p=707054","title":{"rendered":"Vinculaci\u00f3n iberoamericana con la C\u00e1tedra UNESCO\u2013UNEIR"},"content":{"rendered":"<div id=\"attachment_707055\" style=\"width: 415px\" class=\"wp-caption alignnone\"><img loading=\"lazy\" decoding=\"async\" aria-describedby=\"caption-attachment-707055\" class=\"wp-image-707055 size-large\" src=\"https:\/\/www.diarioimagen.net\/wp-content\/uploads\/2026\/02\/UAEM-2-3-405x270.jpg\" alt=\"\" width=\"405\" height=\"270\" srcset=\"https:\/\/www.diarioimagen.net\/wp-content\/uploads\/2026\/02\/UAEM-2-3-405x270.jpg 405w, https:\/\/www.diarioimagen.net\/wp-content\/uploads\/2026\/02\/UAEM-2-3-240x160.jpg 240w, https:\/\/www.diarioimagen.net\/wp-content\/uploads\/2026\/02\/UAEM-2-3-768x512.jpg 768w, https:\/\/www.diarioimagen.net\/wp-content\/uploads\/2026\/02\/UAEM-2-3-1536x1023.jpg 1536w, https:\/\/www.diarioimagen.net\/wp-content\/uploads\/2026\/02\/UAEM-2-3-2048x1364.jpg 2048w\" sizes=\"auto, (max-width: 405px) 100vw, 405px\" \/><p id=\"caption-attachment-707055\" class=\"wp-caption-text\">Ocho acad\u00e9micas de la UAEM\u00e9x de distintas disciplinas fueron reconocidas por su liderazgo y aportaciones al an\u00e1lisis de los sistemas de educaci\u00f3n superior.<\/p><\/div>\n<p>&nbsp;<\/p>\n<p>Toluca, M\u00e9x.- En la Sala de Titulaci\u00f3n \u201cArq. Le\u00f3n Abraham Le\u00f3n Lara\u201d de la Facultad de Arquitectura y Dise\u00f1o de la Universidad Aut\u00f3noma del Estado de M\u00e9xico (UAEM\u00e9x) se llev\u00f3 a cabo la entrega de reconocimientos a integrantes de la C\u00e1tedra UNESCO\u2013Universidad e Integraci\u00f3n Regional (UNEIR), espacio acad\u00e9mico dedicado a la investigaci\u00f3n, innovaci\u00f3n, formaci\u00f3n, difusi\u00f3n y asesor\u00eda en materia de sistemas y pol\u00edticas de educaci\u00f3n superior en Iberoam\u00e9rica.<\/p>\n<p>Ante la titular de la Secretar\u00eda de Desarrollo y Fortalecimiento Institucional de la UAEM\u00e9x, Mar\u00eda de las Mercedes Portilla Luja, el director de la Facultad de Arquitectura y Dise\u00f1o, Jaime Guadarrama Gonz\u00e1lez, se\u00f1al\u00f3 que este reconocimiento constituye uno de los resultados m\u00e1s visibles del fortalecimiento permanente de la investigaci\u00f3n y del compromiso social que caracteriza a la comunidad universitaria.<\/p>\n<p>En su intervenci\u00f3n, la coordinadora de sede de la C\u00e1tedra UNESCO\u2013UNEIR e investigadora de la Facultad de Estudios Superiores Arag\u00f3n de la Universidad Nacional Aut\u00f3noma de M\u00e9xico (UNAM), Mar\u00eda Magdalena Sarraute Requesens, destac\u00f3 la relevancia de la participaci\u00f3n de la UAEM\u00e9x en esta red acad\u00e9mica internacional. Asimismo, explic\u00f3 que la c\u00e1tedra, creada en 1995, tiene presencia en siete pa\u00edses iberoamericanos y se enfoca en el an\u00e1lisis de las pol\u00edticas p\u00fablicas y los sistemas de educaci\u00f3n superior.<\/p>\n<p>Durante la ceremonia se reconoci\u00f3 a las ocho integrantes de la c\u00e1tedra: Martha Isabel \u00c1ngeles Constantino, Mar\u00eda del Consuelo Espinoza Hern\u00e1ndez, Ana Aurora Maldonado Reyes, Mar\u00eda del Pilar Alejandra Mora Cantellano, Mar\u00eda de las Mercedes Portilla Luja, Karen Salgado Vargas, Daniela Vel\u00e1zquez Ruiz y Mar\u00eda Gabriela Villar Garc\u00eda, quienes fueron distinguidas por su liderazgo acad\u00e9mico y su compromiso con la justicia social, la integraci\u00f3n regional y el fortalecimiento de la universidad p\u00fablica.<\/p>\n<p>Con este acto, la comunidad docente y de investigaci\u00f3n de la UAEM\u00e9x fortalece el trabajo colaborativo con la C\u00e1tedra UNESCO\u2013UNEIR y refrenda su compromiso de continuar impulsando proyectos que contribuyan al desarrollo social y acad\u00e9mico en el \u00e1mbito de la educaci\u00f3n superior.<\/p>\n<p><strong>\u00a0<\/strong><\/p>\n<p>&nbsp;<\/p>\n<p>&nbsp;<\/p>\n","protected":false},"excerpt":{"rendered":"<p>&nbsp; Toluca, M\u00e9x.- En la Sala de Titulaci\u00f3n \u201cArq. Le\u00f3n Abraham Le\u00f3n Lara\u201d de la Facultad de Arquitectura y Dise\u00f1o de la Universidad Aut\u00f3noma del Estado de M\u00e9xico (UAEM\u00e9x) se llev\u00f3 a cabo la entrega de reconocimientos a integrantes de la C\u00e1tedra UNESCO\u2013Universidad e Integraci\u00f3n Regional (UNEIR), espacio acad\u00e9mico dedicado a la investigaci\u00f3n, innovaci\u00f3n, formaci\u00f3n, [&hellip;]<\/p>\n","protected":false},"author":14,"featured_media":707055,"comment_status":"open","ping_status":"open","sticky":false,"template":"","format":"standard","meta":{"_monsterinsights_skip_tracking":false,"_monsterinsights_sitenote_active":false,"_monsterinsights_sitenote_note":"","_monsterinsights_sitenote_category":0,"footnotes":""},"categories":[16,5],"tags":[],"class_list":["post-707054","post","type-post","status-publish","format-standard","has-post-thumbnail","hentry","category-destacadas","category-estado-de-mexico"],"_links":{"self":[{"href":"https:\/\/www.diarioimagen.net\/index.php?rest_route=\/wp\/v2\/posts\/707054","targetHints":{"allow":["GET"]}}],"collection":[{"href":"https:\/\/www.diarioimagen.net\/index.php?rest_route=\/wp\/v2\/posts"}],"about":[{"href":"https:\/\/www.diarioimagen.net\/index.php?rest_route=\/wp\/v2\/types\/post"}],"author":[{"embeddable":true,"href":"https:\/\/www.diarioimagen.net\/index.php?rest_route=\/wp\/v2\/users\/14"}],"replies":[{"embeddable":true,"href":"https:\/\/www.diarioimagen.net\/index.php?rest_route=%2Fwp%2Fv2%2Fcomments&post=707054"}],"version-history":[{"count":1,"href":"https:\/\/www.diarioimagen.net\/index.php?rest_route=\/wp\/v2\/posts\/707054\/revisions"}],"predecessor-version":[{"id":707056,"href":"https:\/\/www.diarioimagen.net\/index.php?rest_route=\/wp\/v2\/posts\/707054\/revisions\/707056"}],"wp:featuredmedia":[{"embeddable":true,"href":"https:\/\/www.diarioimagen.net\/index.php?rest_route=\/wp\/v2\/media\/707055"}],"wp:attachment":[{"href":"https:\/\/www.diarioimagen.net\/index.php?rest_route=%2Fwp%2Fv2%2Fmedia&parent=707054"}],"wp:term":[{"taxonomy":"category","embeddable":true,"href":"https:\/\/www.diarioimagen.net\/index.php?rest_route=%2Fwp%2Fv2%2Fcategories&post=707054"},{"taxonomy":"post_tag","embeddable":true,"href":"https:\/\/www.diarioimagen.net\/index.php?rest_route=%2Fwp%2Fv2%2Ftags&post=707054"}],"curies":[{"name":"wp","href":"https:\/\/api.w.org\/{rel}","templated":true}]}}