{"id":707195,"date":"2026-02-11T19:18:17","date_gmt":"2026-02-12T01:18:17","guid":{"rendered":"https:\/\/www.diarioimagen.net\/?p=707195"},"modified":"2026-02-11T19:18:17","modified_gmt":"2026-02-12T01:18:17","slug":"son-falsas-acusaciones-contra-enrique-vargas-del-villar-dicen-panistas","status":"publish","type":"post","link":"https:\/\/www.diarioimagen.net\/?p=707195","title":{"rendered":"Son falsas acusaciones contra Enrique Vargas del Villar, dicen panistas"},"content":{"rendered":"<p><strong>\u00a0<\/strong><\/p>\n<p><img loading=\"lazy\" decoding=\"async\" class=\"alignnone wp-image-707196 size-large\" src=\"https:\/\/www.diarioimagen.net\/wp-content\/uploads\/2026\/02\/BAENA-4-ok-8-380x270.jpg\" alt=\"\" width=\"380\" height=\"270\" srcset=\"https:\/\/www.diarioimagen.net\/wp-content\/uploads\/2026\/02\/BAENA-4-ok-8-380x270.jpg 380w, https:\/\/www.diarioimagen.net\/wp-content\/uploads\/2026\/02\/BAENA-4-ok-8-240x170.jpg 240w, https:\/\/www.diarioimagen.net\/wp-content\/uploads\/2026\/02\/BAENA-4-ok-8-768x545.jpg 768w, https:\/\/www.diarioimagen.net\/wp-content\/uploads\/2026\/02\/BAENA-4-ok-8-1536x1091.jpg 1536w, https:\/\/www.diarioimagen.net\/wp-content\/uploads\/2026\/02\/BAENA-4-ok-8-2048x1454.jpg 2048w, https:\/\/www.diarioimagen.net\/wp-content\/uploads\/2026\/02\/BAENA-4-ok-8-90x65.jpg 90w\" sizes=\"auto, (max-width: 380px) 100vw, 380px\" \/><\/p>\n<p>Valle de M\u00e9xico.- Tratan de manchar la imagen del senador Enrique Vargas del Villar con falsas acusaciones, expresaron militantes del PAN. A trav\u00e9s de su cuenta oficial en X, el legislador panista afirm\u00f3 que no conoce ni ha tenido contacto alguno con las personas se\u00f1aladas y calific\u00f3 como falsas las versiones que intentan vincularlo con ellas.\u00a0 El mensaje fue difundido la noche del 8 de febrero, en respuesta directa a las publicaciones que comenzaron a replicarse en plataformas digitales, algunas de ellas sin sustento documental.<\/p>\n<p>Los panistas refrendaron su apoyo al tambi\u00e9n ex alcalde de Huixquilucan. \u00bb La oposici\u00f3n est\u00e1 nerviosa y ya no sabe que inventar\u00bb,\u00a0 concluyeron.<\/p>\n<p>&nbsp;<\/p>\n","protected":false},"excerpt":{"rendered":"<p>\u00a0 Valle de M\u00e9xico.- Tratan de manchar la imagen del senador Enrique Vargas del Villar con falsas acusaciones, expresaron militantes del PAN. A trav\u00e9s de su cuenta oficial en X, el legislador panista afirm\u00f3 que no conoce ni ha tenido contacto alguno con las personas se\u00f1aladas y calific\u00f3 como falsas las versiones que intentan vincularlo [&hellip;]<\/p>\n","protected":false},"author":14,"featured_media":707196,"comment_status":"open","ping_status":"open","sticky":false,"template":"","format":"standard","meta":{"_monsterinsights_skip_tracking":false,"_monsterinsights_sitenote_active":false,"_monsterinsights_sitenote_note":"","_monsterinsights_sitenote_category":0,"footnotes":""},"categories":[5],"tags":[],"class_list":["post-707195","post","type-post","status-publish","format-standard","has-post-thumbnail","hentry","category-estado-de-mexico"],"_links":{"self":[{"href":"https:\/\/www.diarioimagen.net\/index.php?rest_route=\/wp\/v2\/posts\/707195","targetHints":{"allow":["GET"]}}],"collection":[{"href":"https:\/\/www.diarioimagen.net\/index.php?rest_route=\/wp\/v2\/posts"}],"about":[{"href":"https:\/\/www.diarioimagen.net\/index.php?rest_route=\/wp\/v2\/types\/post"}],"author":[{"embeddable":true,"href":"https:\/\/www.diarioimagen.net\/index.php?rest_route=\/wp\/v2\/users\/14"}],"replies":[{"embeddable":true,"href":"https:\/\/www.diarioimagen.net\/index.php?rest_route=%2Fwp%2Fv2%2Fcomments&post=707195"}],"version-history":[{"count":1,"href":"https:\/\/www.diarioimagen.net\/index.php?rest_route=\/wp\/v2\/posts\/707195\/revisions"}],"predecessor-version":[{"id":707197,"href":"https:\/\/www.diarioimagen.net\/index.php?rest_route=\/wp\/v2\/posts\/707195\/revisions\/707197"}],"wp:featuredmedia":[{"embeddable":true,"href":"https:\/\/www.diarioimagen.net\/index.php?rest_route=\/wp\/v2\/media\/707196"}],"wp:attachment":[{"href":"https:\/\/www.diarioimagen.net\/index.php?rest_route=%2Fwp%2Fv2%2Fmedia&parent=707195"}],"wp:term":[{"taxonomy":"category","embeddable":true,"href":"https:\/\/www.diarioimagen.net\/index.php?rest_route=%2Fwp%2Fv2%2Fcategories&post=707195"},{"taxonomy":"post_tag","embeddable":true,"href":"https:\/\/www.diarioimagen.net\/index.php?rest_route=%2Fwp%2Fv2%2Ftags&post=707195"}],"curies":[{"name":"wp","href":"https:\/\/api.w.org\/{rel}","templated":true}]}}