{"id":707246,"date":"2026-02-11T20:13:25","date_gmt":"2026-02-12T02:13:25","guid":{"rendered":"https:\/\/www.diarioimagen.net\/?p=707246"},"modified":"2026-02-11T20:13:25","modified_gmt":"2026-02-12T02:13:25","slug":"crecen-0-8-pib-turistico-y-consumo-interior-turistico-en-tercer-trimestre-de-2025","status":"publish","type":"post","link":"https:\/\/www.diarioimagen.net\/?p=707246","title":{"rendered":"Crecen 0.8% PIB Tur\u00edstico  y Consumo Interior Tur\u00edstico  en tercer trimestre de 2025"},"content":{"rendered":"<p>&nbsp;<\/p>\n<ul>\n<li><strong>Turismo mantiene una tendencia positiva<\/strong><\/li>\n<li><strong>Estas cifras dan cuenta del dinamismo del turismo y de su contribuci\u00f3n al fortalecimiento del mercado interno y la generaci\u00f3n de empleo<\/strong><\/li>\n<\/ul>\n<p>&nbsp;<\/p>\n<div id=\"attachment_707247\" style=\"width: 466px\" class=\"wp-caption alignnone\"><img loading=\"lazy\" decoding=\"async\" aria-describedby=\"caption-attachment-707247\" class=\"wp-image-707247 size-large\" src=\"https:\/\/www.diarioimagen.net\/wp-content\/uploads\/2026\/02\/SECTUR-ok-3-456x270.jpg\" alt=\"\" width=\"456\" height=\"270\" srcset=\"https:\/\/www.diarioimagen.net\/wp-content\/uploads\/2026\/02\/SECTUR-ok-3-456x270.jpg 456w, https:\/\/www.diarioimagen.net\/wp-content\/uploads\/2026\/02\/SECTUR-ok-3-240x142.jpg 240w, https:\/\/www.diarioimagen.net\/wp-content\/uploads\/2026\/02\/SECTUR-ok-3-768x455.jpg 768w, https:\/\/www.diarioimagen.net\/wp-content\/uploads\/2026\/02\/SECTUR-ok-3.jpg 1500w\" sizes=\"auto, (max-width: 456px) 100vw, 456px\" \/><p id=\"caption-attachment-707247\" class=\"wp-caption-text\">De acuerdo con los Indicadores Trimestrales de la Actividad Tur\u00edstica (ITAT), publicados por el Inegi, el Producto Interno Bruto (PIB) Tur\u00edstico registr\u00f3 un crecimiento de 0.8 por ciento en comparaci\u00f3n anual, respecto al tercer trimestre de 2024.<\/p><\/div>\n<p>La secretaria de Turismo del Gobierno de M\u00e9xico, Josefina Rodr\u00edguez Zamora, inform\u00f3 que, de acuerdo con los Indicadores Trimestrales de la Actividad Tur\u00edstica (ITAT), publicados por el Instituto Nacional de Estad\u00edstica y Geograf\u00eda (INEGI), el Producto Interno Bruto (PIB) Tur\u00edstico registr\u00f3 un crecimiento de 0.8 por ciento en comparaci\u00f3n anual, respecto al tercer trimestre de 2024, as\u00ed como un incremento trimestral de 0.4 por ciento frente al segundo trimestre de 2025.<\/p>\n<p>\u201cEstos resultados confirman que el turismo contin\u00faa avanzando de manera constante, fortaleciendo su contribuci\u00f3n al desarrollo econ\u00f3mico del pa\u00eds y consolid\u00e1ndose como una actividad clave para el crecimiento y el bienestar de las comunidades\u201d, declar\u00f3.<\/p>\n<p>En este mismo periodo, el Consumo Tur\u00edstico Interior mostr\u00f3 un desempe\u00f1o positivo, con un crecimiento de 0.3 por ciento en su comparaci\u00f3n trimestral, y un aumento de 0.8 por ciento respecto al mismo periodo del a\u00f1o anterior, lo que refleja una mayor participaci\u00f3n de las y los turistas en las actividades econ\u00f3micas del sector.<\/p>\n<p>La secretaria de Turismo destac\u00f3 que estas acciones se desarrollan en congruencia con la visi\u00f3n de la presidenta Claudia Sheinbaum Pardo, quien ha se\u00f1alado al turismo como una herramienta estrat\u00e9gica para detonar el crecimiento econ\u00f3mico, fortalecer el mercado interno y generador de Prosperidad Compartida, a trav\u00e9s de un desarrollo sostenible e incluyente<\/p>\n<p>\u201cEstas cifras dan cuenta del dinamismo del turismo en M\u00e9xico y de su contribuci\u00f3n al fortalecimiento del mercado interno, la generaci\u00f3n de empleo y el bienestar en los destinos del pa\u00eds; el turismo es una palanca clave para el crecimiento econ\u00f3mico y seguiremos trabajando para consolidar su desarrollo en beneficio de todas y todos\u201d, concluy\u00f3.<\/p>\n<p>Nota: Las cifras presentadas corresponden a series desestacionalizadas, a fin de eliminar la influencia de factores estacionales y efectos de calendario que inciden en el comportamiento de las series econ\u00f3micas.<\/p>\n<p>&nbsp;<\/p>\n<p>&nbsp;<\/p>\n<p>&nbsp;<\/p>\n","protected":false},"excerpt":{"rendered":"<p>&nbsp; Turismo mantiene una tendencia positiva Estas cifras dan cuenta del dinamismo del turismo y de su contribuci\u00f3n al fortalecimiento del mercado interno y la generaci\u00f3n de empleo &nbsp; La secretaria de Turismo del Gobierno de M\u00e9xico, Josefina Rodr\u00edguez Zamora, inform\u00f3 que, de acuerdo con los Indicadores Trimestrales de la Actividad Tur\u00edstica (ITAT), publicados por [&hellip;]<\/p>\n","protected":false},"author":14,"featured_media":707247,"comment_status":"open","ping_status":"open","sticky":false,"template":"","format":"standard","meta":{"_monsterinsights_skip_tracking":false,"_monsterinsights_sitenote_active":false,"_monsterinsights_sitenote_note":"","_monsterinsights_sitenote_category":0,"footnotes":""},"categories":[11],"tags":[],"class_list":["post-707246","post","type-post","status-publish","format-standard","has-post-thumbnail","hentry","category-turismo"],"_links":{"self":[{"href":"https:\/\/www.diarioimagen.net\/index.php?rest_route=\/wp\/v2\/posts\/707246","targetHints":{"allow":["GET"]}}],"collection":[{"href":"https:\/\/www.diarioimagen.net\/index.php?rest_route=\/wp\/v2\/posts"}],"about":[{"href":"https:\/\/www.diarioimagen.net\/index.php?rest_route=\/wp\/v2\/types\/post"}],"author":[{"embeddable":true,"href":"https:\/\/www.diarioimagen.net\/index.php?rest_route=\/wp\/v2\/users\/14"}],"replies":[{"embeddable":true,"href":"https:\/\/www.diarioimagen.net\/index.php?rest_route=%2Fwp%2Fv2%2Fcomments&post=707246"}],"version-history":[{"count":1,"href":"https:\/\/www.diarioimagen.net\/index.php?rest_route=\/wp\/v2\/posts\/707246\/revisions"}],"predecessor-version":[{"id":707248,"href":"https:\/\/www.diarioimagen.net\/index.php?rest_route=\/wp\/v2\/posts\/707246\/revisions\/707248"}],"wp:featuredmedia":[{"embeddable":true,"href":"https:\/\/www.diarioimagen.net\/index.php?rest_route=\/wp\/v2\/media\/707247"}],"wp:attachment":[{"href":"https:\/\/www.diarioimagen.net\/index.php?rest_route=%2Fwp%2Fv2%2Fmedia&parent=707246"}],"wp:term":[{"taxonomy":"category","embeddable":true,"href":"https:\/\/www.diarioimagen.net\/index.php?rest_route=%2Fwp%2Fv2%2Fcategories&post=707246"},{"taxonomy":"post_tag","embeddable":true,"href":"https:\/\/www.diarioimagen.net\/index.php?rest_route=%2Fwp%2Fv2%2Ftags&post=707246"}],"curies":[{"name":"wp","href":"https:\/\/api.w.org\/{rel}","templated":true}]}}