{"id":707262,"date":"2026-02-11T21:27:34","date_gmt":"2026-02-12T03:27:34","guid":{"rendered":"https:\/\/www.diarioimagen.net\/?p=707262"},"modified":"2026-02-11T21:27:34","modified_gmt":"2026-02-12T03:27:34","slug":"sinaloa-y-la-industria-de-la-violencia","status":"publish","type":"post","link":"https:\/\/www.diarioimagen.net\/?p=707262","title":{"rendered":"Sinaloa y la industria de la violencia"},"content":{"rendered":"<p>&nbsp;<\/p>\n<p><strong>De frente y de perfil. <\/strong>Ram\u00f3n Zurita Sahag\u00fan<\/p>\n<p>&nbsp;<\/p>\n<p>A\u00f1o y medio despu\u00e9s de que inici\u00f3 la disputa por el territorio de Sinaloa entre dos grupos criminales, la violencia no cesa y por el contrario alarma.<\/p>\n<p>Mucho se ha insistido en el plan instrumentado por el gobierno federal en contra de los grupos delincuenciales, el que se ejecuta sin \u00e9xito y su m\u00e1xima aplicaci\u00f3n es mandar batallones del Ej\u00e9rcito a combatirlo.<\/p>\n<p>En Sinaloa se encuentran militares por todos lados, aunque la rendici\u00f3n de cuentas no es la esperada y el estado sigue siendo ejemplo de la m\u00e1xima expresi\u00f3n de la violencia.<\/p>\n<p>La poblaci\u00f3n sigue viviendo con temor y el gobernador Rub\u00e9n Rocha Moya contin\u00faa siendo un estorbo que no ata ni desata y solo complica la situaci\u00f3n.<\/p>\n<p>Rocha Moya perdi\u00f3 la confianza de los sinaloenses que comentan a voz alzada su equivocaci\u00f3n al elegirlo y que el resultado es el desorden reinante en la entidad.<\/p>\n<p>El gobernador trata de matizar los sucesos violentos con gracejadas que no mueven a risa, como la expresada el 5 de febrero pasado, cuando fue interrogado sobre la detenci\u00f3n del alcalde de Tequila, Jalisco, por sus posibles v\u00ednculos con la delincuencia. La respuesta sorprendi\u00f3 a todos los presentes: si no s\u00e9 lo que pasa en Sinaloa, menos en Jalisco, dijo, aunque luego trat\u00f3 de matizarlo exponiendo que ven\u00eda en el avi\u00f3n y no se enter\u00f3 de nada.<\/p>\n<p>Sin embargo, la realidad muestra que el gobernador sinaloense es un dechado de cinismo y que su presencia como gobernante no coadyuva para la paz en el estado.<\/p>\n<p>La violencia que se centraba en Culiac\u00e1n, ahora se extiende a otras poblaciones, como dan cuenta los secuestros de mineros en Concordia, los que aparecen muertos y dan una explicaci\u00f3n simplista: los confundieron dijo el titular de Seguridad, Omar Garc\u00eda Harfuch, como si eso aliviara los cr\u00edmenes.<\/p>\n<p>En Mazatl\u00e1n, donde se celebrar\u00e1 el carnaval, cuatro j\u00f3venes visitantes fueron secuestrados y no se sabe nada de ellos.<\/p>\n<p>Tambi\u00e9n en el norte del estado se cometen estos delitos y cuatro personas fueron secuestradas en Los Mochis, un municipio que se manten\u00eda en calma.<\/p>\n<p>Eso sin contar que en las semanas recientes se han asesinado a ex mandos policiacos, se atent\u00f3 contra dos diputados locales y la normalidad, simplemente no llega, a pesar de la presencia de las fuerzas militares.<\/p>\n<p>Del asunto de H\u00e9ctor Melesio Cu\u00e9n nadie se acuerda, ni mucho menos del montaje para tratar de justificar con un asalto su asesinato. De los se\u00f1alamientos de Ismael \u201cMayo\u201d Zambada en contra del gobernador Rocha Moya, nadie hizo caso.<\/p>\n<p>Omar Garc\u00eda ha normalizado su presencia en la entidad, aunque eso no mejora la situaci\u00f3n y la violencia sigue present\u00e1ndose en su m\u00e1xima expresi\u00f3n. El atrevimiento de los grupos criminales crece, como dan cuenta los ejemplos anteriores.<\/p>\n<p>\u00bfCambiar\u00e1 la estrategia o seguir\u00e1 siendo la misma que no da los resultados esperados?<\/p>\n<p>********<\/p>\n<p>El PAN refrend\u00f3 su negativa para establecer alianzas con otros partidos en los comicios del a\u00f1o pr\u00f3ximo. Ir\u00e1 solo, ya que una encuesta les mostr\u00f3 resultados de que los votantes del blanquiazul no quieren alianzas de ninguna clase\u2026 Ya se supo que durante una pl\u00e1tica con reporteros, Sa\u00fal Monreal fue quien coment\u00f3 la existencia de la est\u00e9tica en el Senado, que tanta pol\u00e9mica ha generado y que se mantiene cerrada.<\/p>\n<p>&nbsp;<\/p>\n<p><a href=\"mailto:ramonzurita44@hotmail.com\">ramonzurita44@hotmail.com<\/a><\/p>\n<p><a href=\"mailto:ramonzurita44@gmail.com\">ramonzurita44@gmail.com<\/a><\/p>\n","protected":false},"excerpt":{"rendered":"<p>&nbsp; De frente y de perfil. Ram\u00f3n Zurita Sahag\u00fan &nbsp; A\u00f1o y medio despu\u00e9s de que inici\u00f3 la disputa por el territorio de Sinaloa entre dos grupos criminales, la violencia no cesa y por el contrario alarma. Mucho se ha insistido en el plan instrumentado por el gobierno federal en contra de los grupos delincuenciales, [&hellip;]<\/p>\n","protected":false},"author":14,"featured_media":0,"comment_status":"open","ping_status":"open","sticky":false,"template":"","format":"standard","meta":{"_monsterinsights_skip_tracking":false,"_monsterinsights_sitenote_active":false,"_monsterinsights_sitenote_note":"","_monsterinsights_sitenote_category":0,"footnotes":""},"categories":[4,234],"tags":[],"class_list":["post-707262","post","type-post","status-publish","format-standard","hentry","category-opinion","category-ramon-zurita-sahagun"],"_links":{"self":[{"href":"https:\/\/www.diarioimagen.net\/index.php?rest_route=\/wp\/v2\/posts\/707262","targetHints":{"allow":["GET"]}}],"collection":[{"href":"https:\/\/www.diarioimagen.net\/index.php?rest_route=\/wp\/v2\/posts"}],"about":[{"href":"https:\/\/www.diarioimagen.net\/index.php?rest_route=\/wp\/v2\/types\/post"}],"author":[{"embeddable":true,"href":"https:\/\/www.diarioimagen.net\/index.php?rest_route=\/wp\/v2\/users\/14"}],"replies":[{"embeddable":true,"href":"https:\/\/www.diarioimagen.net\/index.php?rest_route=%2Fwp%2Fv2%2Fcomments&post=707262"}],"version-history":[{"count":1,"href":"https:\/\/www.diarioimagen.net\/index.php?rest_route=\/wp\/v2\/posts\/707262\/revisions"}],"predecessor-version":[{"id":707263,"href":"https:\/\/www.diarioimagen.net\/index.php?rest_route=\/wp\/v2\/posts\/707262\/revisions\/707263"}],"wp:attachment":[{"href":"https:\/\/www.diarioimagen.net\/index.php?rest_route=%2Fwp%2Fv2%2Fmedia&parent=707262"}],"wp:term":[{"taxonomy":"category","embeddable":true,"href":"https:\/\/www.diarioimagen.net\/index.php?rest_route=%2Fwp%2Fv2%2Fcategories&post=707262"},{"taxonomy":"post_tag","embeddable":true,"href":"https:\/\/www.diarioimagen.net\/index.php?rest_route=%2Fwp%2Fv2%2Ftags&post=707262"}],"curies":[{"name":"wp","href":"https:\/\/api.w.org\/{rel}","templated":true}]}}