{"id":707396,"date":"2026-02-12T19:27:17","date_gmt":"2026-02-13T01:27:17","guid":{"rendered":"https:\/\/www.diarioimagen.net\/?p=707396"},"modified":"2026-02-12T19:27:17","modified_gmt":"2026-02-13T01:27:17","slug":"la-ciudadania-y-el-pan-cerraran-el-paso-a-enganos-de-morena-asegura-anuar-azar","status":"publish","type":"post","link":"https:\/\/www.diarioimagen.net\/?p=707396","title":{"rendered":"La ciudadan\u00eda y el PAN cerrar\u00e1n el paso  a enga\u00f1os de Morena, asegura Anuar Azar"},"content":{"rendered":"<ul>\n<li><strong>\u201cListos, para la batalla electoral de 2027\u201d<\/strong><\/li>\n<\/ul>\n<div id=\"attachment_707397\" style=\"width: 333px\" class=\"wp-caption alignnone\"><img loading=\"lazy\" decoding=\"async\" aria-describedby=\"caption-attachment-707397\" class=\"wp-image-707397 size-large\" src=\"https:\/\/www.diarioimagen.net\/wp-content\/uploads\/2026\/02\/BAENA-1-ok-9-323x270.jpg\" alt=\"\" width=\"323\" height=\"270\" srcset=\"https:\/\/www.diarioimagen.net\/wp-content\/uploads\/2026\/02\/BAENA-1-ok-9-323x270.jpg 323w, https:\/\/www.diarioimagen.net\/wp-content\/uploads\/2026\/02\/BAENA-1-ok-9-240x201.jpg 240w, https:\/\/www.diarioimagen.net\/wp-content\/uploads\/2026\/02\/BAENA-1-ok-9-768x643.jpg 768w, https:\/\/www.diarioimagen.net\/wp-content\/uploads\/2026\/02\/BAENA-1-ok-9-1536x1285.jpg 1536w, https:\/\/www.diarioimagen.net\/wp-content\/uploads\/2026\/02\/BAENA-1-ok-9-2048x1714.jpg 2048w\" sizes=\"auto, (max-width: 323px) 100vw, 323px\" \/><p id=\"caption-attachment-707397\" class=\"wp-caption-text\">Anuar Azar Figueroa, l\u00edder del PAN en el Estado de M\u00e9xico, se\u00f1al\u00f3 que est\u00e1n listos para enfrentar la batalla electoral del 2027.<\/p><\/div>\n<p>&nbsp;<\/p>\n<p>&nbsp;<\/p>\n<p>Por Arturo Baena<\/p>\n<p>&nbsp;<\/p>\n<p>Valle de M\u00e9xico.- \u201cLas familias del Estado de M\u00e9xico ya se cansaron de los malos gobiernos emanados de Morena, que\u00a0 prometieron mucho y no han hecho nada a su favor. Se les sigue mintiendo y enga\u00f1ando es por ello y otras arbitrariedades que les cobraran la factura\u201d.<\/p>\n<p>&nbsp;<\/p>\n<p>Expres\u00f3 lo anterior Anuar Azar Figueroa, dirigente estatal del Partido Acci\u00f3n Nacional (PAN), al tiempo de se\u00f1alar que \u201clas y los mexiquenses saben que nuestro instituto pol\u00edtico es la mejor opci\u00f3n. Estamos listos y preparados para enfrentar la batalla electoral del 2027&#8243;.<\/p>\n<p>&nbsp;<\/p>\n<p>El tambi\u00e9n diputado, abund\u00f3 que \u00abel PAN, de la mano de la ciudadan\u00eda,\u00a0 cerrar\u00e1 el paso a gobiernos ineficaces, toda vez que no han podido resolver problemas como los\u00a0 de inseguridad y la falta de servicios p\u00fablicos, entre otros\u201d, dijo.<\/p>\n<p>&nbsp;<\/p>\n<p>El panista, reiter\u00f3 que ese partido pol\u00edtico est\u00e1 m\u00e1s que listo para recuperar alcald\u00edas hoy en manos de Morena y adelant\u00f3 que el llamado corredor azul, volver\u00e1 a ser gobernado por Acci\u00f3n Nacional.<\/p>\n<p>&nbsp;<\/p>\n<p>Finalmente, Anuar Azar, puntualiz\u00f3 que \u201cen tiempo y forma daremos a conocer a nuestros mejores hombres y mujeres, cuya trayectoria y experiencia son de las mejores para ganar el proceso electoral del 2027\u201d.<\/p>\n<p>&nbsp;<\/p>\n<p>&nbsp;<\/p>\n<p><strong>\u00a0<\/strong><\/p>\n<p>&nbsp;<\/p>\n<p><strong>\u00a0<\/strong><\/p>\n","protected":false},"excerpt":{"rendered":"<p>\u201cListos, para la batalla electoral de 2027\u201d &nbsp; &nbsp; Por Arturo Baena &nbsp; Valle de M\u00e9xico.- \u201cLas familias del Estado de M\u00e9xico ya se cansaron de los malos gobiernos emanados de Morena, que\u00a0 prometieron mucho y no han hecho nada a su favor. Se les sigue mintiendo y enga\u00f1ando es por ello y otras arbitrariedades [&hellip;]<\/p>\n","protected":false},"author":14,"featured_media":707397,"comment_status":"open","ping_status":"open","sticky":false,"template":"","format":"standard","meta":{"_monsterinsights_skip_tracking":false,"_monsterinsights_sitenote_active":false,"_monsterinsights_sitenote_note":"","_monsterinsights_sitenote_category":0,"footnotes":""},"categories":[5],"tags":[],"class_list":["post-707396","post","type-post","status-publish","format-standard","has-post-thumbnail","hentry","category-estado-de-mexico"],"_links":{"self":[{"href":"https:\/\/www.diarioimagen.net\/index.php?rest_route=\/wp\/v2\/posts\/707396","targetHints":{"allow":["GET"]}}],"collection":[{"href":"https:\/\/www.diarioimagen.net\/index.php?rest_route=\/wp\/v2\/posts"}],"about":[{"href":"https:\/\/www.diarioimagen.net\/index.php?rest_route=\/wp\/v2\/types\/post"}],"author":[{"embeddable":true,"href":"https:\/\/www.diarioimagen.net\/index.php?rest_route=\/wp\/v2\/users\/14"}],"replies":[{"embeddable":true,"href":"https:\/\/www.diarioimagen.net\/index.php?rest_route=%2Fwp%2Fv2%2Fcomments&post=707396"}],"version-history":[{"count":1,"href":"https:\/\/www.diarioimagen.net\/index.php?rest_route=\/wp\/v2\/posts\/707396\/revisions"}],"predecessor-version":[{"id":707398,"href":"https:\/\/www.diarioimagen.net\/index.php?rest_route=\/wp\/v2\/posts\/707396\/revisions\/707398"}],"wp:featuredmedia":[{"embeddable":true,"href":"https:\/\/www.diarioimagen.net\/index.php?rest_route=\/wp\/v2\/media\/707397"}],"wp:attachment":[{"href":"https:\/\/www.diarioimagen.net\/index.php?rest_route=%2Fwp%2Fv2%2Fmedia&parent=707396"}],"wp:term":[{"taxonomy":"category","embeddable":true,"href":"https:\/\/www.diarioimagen.net\/index.php?rest_route=%2Fwp%2Fv2%2Fcategories&post=707396"},{"taxonomy":"post_tag","embeddable":true,"href":"https:\/\/www.diarioimagen.net\/index.php?rest_route=%2Fwp%2Fv2%2Ftags&post=707396"}],"curies":[{"name":"wp","href":"https:\/\/api.w.org\/{rel}","templated":true}]}}